{"id":3203,"date":"2019-12-15T10:59:30","date_gmt":"2019-12-15T10:59:30","guid":{"rendered":"https:\/\/www.semen-l.org\/?p=3203"},"modified":"2024-02-15T11:07:05","modified_gmt":"2024-02-15T11:07:05","slug":"antonio-serrano-cueto-el-epitalamio-neolatino-poesia-nupcial-y-matrimonio-en-europa-siglos-xv-y-xvi-alcaniz-lisboa-palmyrenus-2019-virginie-leroux","status":"publish","type":"post","link":"http:\/\/www.semen-l.org\/?p=3203","title":{"rendered":"Antonio Serrano Cueto, El epitalamio neolatino. Poes\u00eda nupcial y matrimonio en Europa (s\u00edglos XV y XVI), Alca\u00f1iz \u2013 Lisboa, Palmyrenus, 2019 (Virginie Leroux)"},"content":{"rendered":"<p><strong>Antonio Serrano Cueto, <\/strong><strong><em>El epitalamio neolatino. <\/em><\/strong><strong><em>Poes\u00eda nupcial y matrimonio en Europa (s\u00edglos XV y XVI)<\/em><\/strong><strong>, Alca\u00f1iz \u2013 Lisboa, Palmyrenus, 2019, 402 p.<img fetchpriority=\"high\" decoding=\"async\" class=\"alignright size-medium wp-image-3204\" src=\"http:\/\/www.semen-l.org\/wp-content\/uploads\/2024\/02\/epitalame-hisp-couv-214x300.jpg\" alt=\"\" width=\"214\" height=\"300\" srcset=\"http:\/\/www.semen-l.org\/wp-content\/uploads\/2024\/02\/epitalame-hisp-couv-214x300.jpg 214w, http:\/\/www.semen-l.org\/wp-content\/uploads\/2024\/02\/epitalame-hisp-couv-143x200.jpg 143w, http:\/\/www.semen-l.org\/wp-content\/uploads\/2024\/02\/epitalame-hisp-couv.jpg 318w\" sizes=\"(max-width: 214px) 100vw, 214px\" \/><\/strong><\/p>\n<p>Antonio Serrano Cueto a r\u00e9alis\u00e9 une vaste synth\u00e8se sur un champ qui jusqu\u2019alors avait seulement fait l\u2019objet d\u2019\u00e9tudes ponctuelles. Une premi\u00e8re partie est consacr\u00e9e aux mod\u00e8les antiques, grecs (d\u2019Hom\u00e8re \u00e0 Th\u00e9ocrite), puis latins (de Catulle \u00e0 Venance Fortunat). Elle est compl\u00e9t\u00e9e par une f\u00e9conde \u00e9tude de la rh\u00e9torique \u00e9pidictique, qui fait notamment le point sur les <em>Progymnasmata <\/em>d\u2019Hermog\u00e8ne et d\u2019Aphtonios, particuli\u00e8rement exploit\u00e9s \u00e0 la Renaissance, et par une br\u00e8ve \u00e9tude de la po\u00e9sie m\u00e9diolatine. La deuxi\u00e8me partie aborde des questions contextuelles comme les d\u00e9bats sur le mariage et la vie conjugale, d\u00e9crit les festivit\u00e9s des noces et leurs enjeux politiques et fournit un pr\u00e9cieux r\u00e9pertoire d\u2019\u00e9pithalames. Sont ainsi pr\u00e9sent\u00e9es les \u0153uvres de soixante-six po\u00e8tes originaires de toute l\u2019Europe, du polygraphe espagnol Antonio Agust\u00edn (1517-1586), qui composa un po\u00e8me sur le mariage de sa s\u0153ur, au po\u00e8te hongrois Mihovila Vran\u010di\u0107 (1514-1571) qui c\u00e9l\u00e9bra les noces du roi Juan Z\u00e1polya de Hongrie avec Isabelle Jagell\u00f3n de Pologne. La derni\u00e8re partie, la plus riche, analyse les caract\u00e9ristiques, topiques et stylistiques, de l\u2019\u00e9pithalame n\u00e9olatin, par exemple la topique du printemps, l\u2019\u00e9rotisme, le recours \u00e0 la mythologie, le chant am\u00e9b\u00e9e, les \u00e9l\u00e9ments chr\u00e9tiens, comme la pr\u00e9sence d\u2019un <em>Christus pronubus <\/em>ou d\u2019une <em>pronuba Virgo <\/em>qui se substituent aux divinit\u00e9s antiques, ou encore la <em>deductio <\/em>de la fianc\u00e9e. Ce dernier point que l\u2019auteur nomme \u00ab el viaje de la nov\u00eda \u00bb re\u00e7oit une attention particuli\u00e8re et il est illustr\u00e9 dans quatre \u00e9pithalames qui d\u00e9crivent le voyage d\u2019Hippolyta Sforza \u00e0 Naples, de L\u00e9onore d\u2019Aragon \u00e0 Ferrare, d\u2019Isabelle d\u2019Aragon\u00e0 Milan et de Jeanne d\u2019Autriche \u00e0 Lisbonne. Une riche bibliographie ainsi que de nombreux index contribuent encore \u00e0 l\u2019utilit\u00e9 de l\u2019ouvrage qui rassemble une abondante mati\u00e8re et comprend de minutieuses analyses po\u00e9tiques.<\/p>\n<p><strong>Virginie Leroux (EPHE, PSL)<\/strong><\/p>\n<p>Cette recension a \u00e9t\u00e9 publi\u00e9e dans le<a href=\"https:\/\/www.semen-l.org\/?p=2848\"> Bulletin de liaison n\u00b017 (2019) de la SEMEN-L<\/a> (p. 47-48).<\/p>\n","protected":false},"excerpt":{"rendered":"<p>Antonio Serrano Cueto, El epitalamio neolatino. Poes\u00eda nupcial y matrimonio en Europa (s\u00edglos XV y XVI), Alca\u00f1iz \u2013 Lisboa, Palmyrenus, 2019, 402 p. Antonio Serrano Cueto a r\u00e9alis\u00e9 une vaste synth\u00e8se sur un champ qui jusqu\u2019alors avait seulement fait l\u2019objet &hellip; <a href=\"http:\/\/www.semen-l.org\/?p=3203\">Continuer la lecture <span class=\"meta-nav\">&rarr;<\/span><\/a><\/p>\n","protected":false},"author":26,"featured_media":3204,"comment_status":"open","ping_status":"open","sticky":false,"template":"","format":"standard","meta":{"footnotes":""},"categories":[1825],"tags":[2038,2042,2037,416,2041,1516,26,2043,2044,2036,1162,2039,2040],"class_list":["post-3203","post","type-post","status-publish","format-standard","has-post-thumbnail","hentry","category-recensions","tag-agustin-antonio","tag-christus-pronubus","tag-epithalame","tag-homere","tag-jagellon-isabelle","tag-mariage","tag-poesie","tag-pronuba-virgo","tag-sforza-hippolyta","tag-theocrite","tag-voyage","tag-vrancic-mihovila","tag-zapolya-juan"],"yoast_head":"<!-- This site is optimized with the Yoast SEO plugin v27.5 - https:\/\/yoast.com\/product\/yoast-seo-wordpress\/ -->\n<title>Antonio Serrano Cueto, El epitalamio neolatino. Poes\u00eda nupcial y matrimonio en Europa (s\u00edglos XV y XVI), Alca\u00f1iz \u2013 Lisboa, Palmyrenus, 2019 (Virginie Leroux) - Soci\u00e9t\u00e9 d&#039;\u00c9tudes M\u00e9dio Et N\u00e9o-Latines<\/title>\n<meta name=\"description\" content=\"Recension par Virginie Leroux de l&#039;ouvrage El epitalamio neolatino. Poes\u00eda nupcial y matrimonio en Europa \u00e9crit par Antonio Serrano Cueto.\" \/>\n<meta name=\"robots\" content=\"index, follow, max-snippet:-1, max-image-preview:large, max-video-preview:-1\" \/>\n<link rel=\"canonical\" href=\"http:\/\/www.semen-l.org\/?p=3203\" \/>\n<meta property=\"og:locale\" content=\"fr_FR\" \/>\n<meta property=\"og:type\" content=\"article\" \/>\n<meta property=\"og:title\" content=\"Antonio Serrano Cueto, El epitalamio neolatino. Poes\u00eda nupcial y matrimonio en Europa (s\u00edglos XV y XVI), Alca\u00f1iz \u2013 Lisboa, Palmyrenus, 2019 (Virginie Leroux) - Soci\u00e9t\u00e9 d&#039;\u00c9tudes M\u00e9dio Et N\u00e9o-Latines\" \/>\n<meta property=\"og:description\" content=\"Recension par Virginie Leroux de l&#039;ouvrage El epitalamio neolatino. Poes\u00eda nupcial y matrimonio en Europa \u00e9crit par Antonio Serrano Cueto.\" \/>\n<meta property=\"og:url\" content=\"http:\/\/www.semen-l.org\/?p=3203\" \/>\n<meta property=\"og:site_name\" content=\"Soci\u00e9t\u00e9 d&#039;\u00c9tudes M\u00e9dio Et N\u00e9o-Latines\" \/>\n<meta property=\"article:publisher\" content=\"https:\/\/www.facebook.com\/SEMENL2018\" \/>\n<meta property=\"article:published_time\" content=\"2019-12-15T10:59:30+00:00\" \/>\n<meta property=\"article:modified_time\" content=\"2024-02-15T11:07:05+00:00\" \/>\n<meta property=\"og:image\" content=\"http:\/\/www.semen-l.org\/wp-content\/uploads\/2024\/02\/epitalame-hisp-couv.jpg\" \/>\n\t<meta property=\"og:image:width\" content=\"318\" \/>\n\t<meta property=\"og:image:height\" content=\"445\" \/>\n\t<meta property=\"og:image:type\" content=\"image\/jpeg\" \/>\n<meta name=\"author\" content=\"Julien Maudoux\" \/>\n<meta name=\"twitter:card\" content=\"summary_large_image\" \/>\n<meta name=\"twitter:label1\" content=\"\u00c9crit par\" \/>\n\t<meta name=\"twitter:data1\" content=\"Julien Maudoux\" \/>\n\t<meta name=\"twitter:label2\" content=\"Dur\u00e9e de lecture estim\u00e9e\" \/>\n\t<meta name=\"twitter:data2\" content=\"3 minutes\" \/>\n<script type=\"application\/ld+json\" class=\"yoast-schema-graph\">{\"@context\":\"https:\\\/\\\/schema.org\",\"@graph\":[{\"@type\":\"Article\",\"@id\":\"http:\\\/\\\/www.semen-l.org\\\/?p=3203#article\",\"isPartOf\":{\"@id\":\"http:\\\/\\\/www.semen-l.org\\\/?p=3203\"},\"author\":{\"name\":\"Julien Maudoux\",\"@id\":\"http:\\\/\\\/www.semen-l.org\\\/#\\\/schema\\\/person\\\/ef5208815f17666727763c5363a51344\"},\"headline\":\"Antonio Serrano Cueto, El epitalamio neolatino. Poes\u00eda nupcial y matrimonio en Europa (s\u00edglos XV y XVI), Alca\u00f1iz \u2013 Lisboa, Palmyrenus, 2019 (Virginie Leroux)\",\"datePublished\":\"2019-12-15T10:59:30+00:00\",\"dateModified\":\"2024-02-15T11:07:05+00:00\",\"mainEntityOfPage\":{\"@id\":\"http:\\\/\\\/www.semen-l.org\\\/?p=3203\"},\"wordCount\":412,\"commentCount\":0,\"publisher\":{\"@id\":\"http:\\\/\\\/www.semen-l.org\\\/#organization\"},\"image\":{\"@id\":\"http:\\\/\\\/www.semen-l.org\\\/?p=3203#primaryimage\"},\"thumbnailUrl\":\"http:\\\/\\\/www.semen-l.org\\\/wp-content\\\/uploads\\\/2024\\\/02\\\/epitalame-hisp-couv.jpg\",\"keywords\":[\"Agust\u00edn (Antonio)\",\"Christus pronubus\",\"\u00e9pithalame\",\"Hom\u00e8re\",\"Jagell\u00f3n (Isabelle)\",\"mariage\",\"po\u00e9sie\",\"pronuba Virgo\",\"Sforza (Hippolyta)\",\"Th\u00e9ocrite\",\"voyage\",\"Vran\u010di\u0107 (Mihovila)\",\"Z\u00e1polya (Juan)\"],\"articleSection\":[\"Recensions\"],\"inLanguage\":\"fr-FR\",\"potentialAction\":[{\"@type\":\"CommentAction\",\"name\":\"Comment\",\"target\":[\"http:\\\/\\\/www.semen-l.org\\\/?p=3203#respond\"]}]},{\"@type\":\"WebPage\",\"@id\":\"http:\\\/\\\/www.semen-l.org\\\/?p=3203\",\"url\":\"http:\\\/\\\/www.semen-l.org\\\/?p=3203\",\"name\":\"Antonio Serrano Cueto, El epitalamio neolatino. Poes\u00eda nupcial y matrimonio en Europa (s\u00edglos XV y XVI), Alca\u00f1iz \u2013 Lisboa, Palmyrenus, 2019 (Virginie Leroux) - Soci\u00e9t\u00e9 d&#039;\u00c9tudes M\u00e9dio Et N\u00e9o-Latines\",\"isPartOf\":{\"@id\":\"http:\\\/\\\/www.semen-l.org\\\/#website\"},\"primaryImageOfPage\":{\"@id\":\"http:\\\/\\\/www.semen-l.org\\\/?p=3203#primaryimage\"},\"image\":{\"@id\":\"http:\\\/\\\/www.semen-l.org\\\/?p=3203#primaryimage\"},\"thumbnailUrl\":\"http:\\\/\\\/www.semen-l.org\\\/wp-content\\\/uploads\\\/2024\\\/02\\\/epitalame-hisp-couv.jpg\",\"datePublished\":\"2019-12-15T10:59:30+00:00\",\"dateModified\":\"2024-02-15T11:07:05+00:00\",\"description\":\"Recension par Virginie Leroux de l'ouvrage El epitalamio neolatino. Poes\u00eda nupcial y matrimonio en Europa \u00e9crit par Antonio Serrano Cueto.\",\"breadcrumb\":{\"@id\":\"http:\\\/\\\/www.semen-l.org\\\/?p=3203#breadcrumb\"},\"inLanguage\":\"fr-FR\",\"potentialAction\":[{\"@type\":\"ReadAction\",\"target\":[\"http:\\\/\\\/www.semen-l.org\\\/?p=3203\"]}]},{\"@type\":\"ImageObject\",\"inLanguage\":\"fr-FR\",\"@id\":\"http:\\\/\\\/www.semen-l.org\\\/?p=3203#primaryimage\",\"url\":\"http:\\\/\\\/www.semen-l.org\\\/wp-content\\\/uploads\\\/2024\\\/02\\\/epitalame-hisp-couv.jpg\",\"contentUrl\":\"http:\\\/\\\/www.semen-l.org\\\/wp-content\\\/uploads\\\/2024\\\/02\\\/epitalame-hisp-couv.jpg\",\"width\":318,\"height\":445},{\"@type\":\"BreadcrumbList\",\"@id\":\"http:\\\/\\\/www.semen-l.org\\\/?p=3203#breadcrumb\",\"itemListElement\":[{\"@type\":\"ListItem\",\"position\":1,\"name\":\"Accueil\",\"item\":\"http:\\\/\\\/www.semen-l.org\\\/\"},{\"@type\":\"ListItem\",\"position\":2,\"name\":\"Antonio Serrano Cueto, El epitalamio neolatino. Poes\u00eda nupcial y matrimonio en Europa (s\u00edglos XV y XVI), Alca\u00f1iz \u2013 Lisboa, Palmyrenus, 2019 (Virginie Leroux)\"}]},{\"@type\":\"WebSite\",\"@id\":\"http:\\\/\\\/www.semen-l.org\\\/#website\",\"url\":\"http:\\\/\\\/www.semen-l.org\\\/\",\"name\":\"Soci\u00e9t\u00e9 d'\u00c9tudes M\u00e9dio Et N\u00e9o-Latines\",\"description\":\"\",\"publisher\":{\"@id\":\"http:\\\/\\\/www.semen-l.org\\\/#organization\"},\"potentialAction\":[{\"@type\":\"SearchAction\",\"target\":{\"@type\":\"EntryPoint\",\"urlTemplate\":\"http:\\\/\\\/www.semen-l.org\\\/?s={search_term_string}\"},\"query-input\":{\"@type\":\"PropertyValueSpecification\",\"valueRequired\":true,\"valueName\":\"search_term_string\"}}],\"inLanguage\":\"fr-FR\"},{\"@type\":\"Organization\",\"@id\":\"http:\\\/\\\/www.semen-l.org\\\/#organization\",\"name\":\"Soci\u00e9t\u00e9 d'\u00e9tudes m\u00e9dio et n\u00e9o-latines\",\"url\":\"http:\\\/\\\/www.semen-l.org\\\/\",\"logo\":{\"@type\":\"ImageObject\",\"inLanguage\":\"fr-FR\",\"@id\":\"http:\\\/\\\/www.semen-l.org\\\/#\\\/schema\\\/logo\\\/image\\\/\",\"url\":\"http:\\\/\\\/www.semen-l.org\\\/wp-content\\\/uploads\\\/2020\\\/11\\\/logo-semenl.jpg\",\"contentUrl\":\"http:\\\/\\\/www.semen-l.org\\\/wp-content\\\/uploads\\\/2020\\\/11\\\/logo-semenl.jpg\",\"width\":408,\"height\":403,\"caption\":\"Soci\u00e9t\u00e9 d'\u00e9tudes m\u00e9dio et n\u00e9o-latines\"},\"image\":{\"@id\":\"http:\\\/\\\/www.semen-l.org\\\/#\\\/schema\\\/logo\\\/image\\\/\"},\"sameAs\":[\"https:\\\/\\\/www.facebook.com\\\/SEMENL2018\",\"https:\\\/\\\/independent.academia.edu\\\/SocitsdtudesmdioetnolatinesSEMENL\"]},{\"@type\":\"Person\",\"@id\":\"http:\\\/\\\/www.semen-l.org\\\/#\\\/schema\\\/person\\\/ef5208815f17666727763c5363a51344\",\"name\":\"Julien Maudoux\",\"image\":{\"@type\":\"ImageObject\",\"inLanguage\":\"fr-FR\",\"@id\":\"https:\\\/\\\/secure.gravatar.com\\\/avatar\\\/caabf4fb6242e2277733cd35a5c2aa083761ea25dae1d1ff3298b54292225292?s=96&d=mm&r=g\",\"url\":\"https:\\\/\\\/secure.gravatar.com\\\/avatar\\\/caabf4fb6242e2277733cd35a5c2aa083761ea25dae1d1ff3298b54292225292?s=96&d=mm&r=g\",\"contentUrl\":\"https:\\\/\\\/secure.gravatar.com\\\/avatar\\\/caabf4fb6242e2277733cd35a5c2aa083761ea25dae1d1ff3298b54292225292?s=96&d=mm&r=g\",\"caption\":\"Julien Maudoux\"},\"description\":\"Webmestre du site de la SEMEN-L\",\"url\":\"http:\\\/\\\/www.semen-l.org\\\/?author=26\"}]}<\/script>\n<!-- \/ Yoast SEO plugin. -->","yoast_head_json":{"title":"Antonio Serrano Cueto, El epitalamio neolatino. Poes\u00eda nupcial y matrimonio en Europa (s\u00edglos XV y XVI), Alca\u00f1iz \u2013 Lisboa, Palmyrenus, 2019 (Virginie Leroux) - Soci\u00e9t\u00e9 d&#039;\u00c9tudes M\u00e9dio Et N\u00e9o-Latines","description":"Recension par Virginie Leroux de l'ouvrage El epitalamio neolatino. Poes\u00eda nupcial y matrimonio en Europa \u00e9crit par Antonio Serrano Cueto.","robots":{"index":"index","follow":"follow","max-snippet":"max-snippet:-1","max-image-preview":"max-image-preview:large","max-video-preview":"max-video-preview:-1"},"canonical":"http:\/\/www.semen-l.org\/?p=3203","og_locale":"fr_FR","og_type":"article","og_title":"Antonio Serrano Cueto, El epitalamio neolatino. Poes\u00eda nupcial y matrimonio en Europa (s\u00edglos XV y XVI), Alca\u00f1iz \u2013 Lisboa, Palmyrenus, 2019 (Virginie Leroux) - Soci\u00e9t\u00e9 d&#039;\u00c9tudes M\u00e9dio Et N\u00e9o-Latines","og_description":"Recension par Virginie Leroux de l'ouvrage El epitalamio neolatino. Poes\u00eda nupcial y matrimonio en Europa \u00e9crit par Antonio Serrano Cueto.","og_url":"http:\/\/www.semen-l.org\/?p=3203","og_site_name":"Soci\u00e9t\u00e9 d&#039;\u00c9tudes M\u00e9dio Et N\u00e9o-Latines","article_publisher":"https:\/\/www.facebook.com\/SEMENL2018","article_published_time":"2019-12-15T10:59:30+00:00","article_modified_time":"2024-02-15T11:07:05+00:00","og_image":[{"width":318,"height":445,"url":"http:\/\/www.semen-l.org\/wp-content\/uploads\/2024\/02\/epitalame-hisp-couv.jpg","type":"image\/jpeg"}],"author":"Julien Maudoux","twitter_card":"summary_large_image","twitter_misc":{"\u00c9crit par":"Julien Maudoux","Dur\u00e9e de lecture estim\u00e9e":"3 minutes"},"schema":{"@context":"https:\/\/schema.org","@graph":[{"@type":"Article","@id":"http:\/\/www.semen-l.org\/?p=3203#article","isPartOf":{"@id":"http:\/\/www.semen-l.org\/?p=3203"},"author":{"name":"Julien Maudoux","@id":"http:\/\/www.semen-l.org\/#\/schema\/person\/ef5208815f17666727763c5363a51344"},"headline":"Antonio Serrano Cueto, El epitalamio neolatino. Poes\u00eda nupcial y matrimonio en Europa (s\u00edglos XV y XVI), Alca\u00f1iz \u2013 Lisboa, Palmyrenus, 2019 (Virginie Leroux)","datePublished":"2019-12-15T10:59:30+00:00","dateModified":"2024-02-15T11:07:05+00:00","mainEntityOfPage":{"@id":"http:\/\/www.semen-l.org\/?p=3203"},"wordCount":412,"commentCount":0,"publisher":{"@id":"http:\/\/www.semen-l.org\/#organization"},"image":{"@id":"http:\/\/www.semen-l.org\/?p=3203#primaryimage"},"thumbnailUrl":"http:\/\/www.semen-l.org\/wp-content\/uploads\/2024\/02\/epitalame-hisp-couv.jpg","keywords":["Agust\u00edn (Antonio)","Christus pronubus","\u00e9pithalame","Hom\u00e8re","Jagell\u00f3n (Isabelle)","mariage","po\u00e9sie","pronuba Virgo","Sforza (Hippolyta)","Th\u00e9ocrite","voyage","Vran\u010di\u0107 (Mihovila)","Z\u00e1polya (Juan)"],"articleSection":["Recensions"],"inLanguage":"fr-FR","potentialAction":[{"@type":"CommentAction","name":"Comment","target":["http:\/\/www.semen-l.org\/?p=3203#respond"]}]},{"@type":"WebPage","@id":"http:\/\/www.semen-l.org\/?p=3203","url":"http:\/\/www.semen-l.org\/?p=3203","name":"Antonio Serrano Cueto, El epitalamio neolatino. Poes\u00eda nupcial y matrimonio en Europa (s\u00edglos XV y XVI), Alca\u00f1iz \u2013 Lisboa, Palmyrenus, 2019 (Virginie Leroux) - Soci\u00e9t\u00e9 d&#039;\u00c9tudes M\u00e9dio Et N\u00e9o-Latines","isPartOf":{"@id":"http:\/\/www.semen-l.org\/#website"},"primaryImageOfPage":{"@id":"http:\/\/www.semen-l.org\/?p=3203#primaryimage"},"image":{"@id":"http:\/\/www.semen-l.org\/?p=3203#primaryimage"},"thumbnailUrl":"http:\/\/www.semen-l.org\/wp-content\/uploads\/2024\/02\/epitalame-hisp-couv.jpg","datePublished":"2019-12-15T10:59:30+00:00","dateModified":"2024-02-15T11:07:05+00:00","description":"Recension par Virginie Leroux de l'ouvrage El epitalamio neolatino. Poes\u00eda nupcial y matrimonio en Europa \u00e9crit par Antonio Serrano Cueto.","breadcrumb":{"@id":"http:\/\/www.semen-l.org\/?p=3203#breadcrumb"},"inLanguage":"fr-FR","potentialAction":[{"@type":"ReadAction","target":["http:\/\/www.semen-l.org\/?p=3203"]}]},{"@type":"ImageObject","inLanguage":"fr-FR","@id":"http:\/\/www.semen-l.org\/?p=3203#primaryimage","url":"http:\/\/www.semen-l.org\/wp-content\/uploads\/2024\/02\/epitalame-hisp-couv.jpg","contentUrl":"http:\/\/www.semen-l.org\/wp-content\/uploads\/2024\/02\/epitalame-hisp-couv.jpg","width":318,"height":445},{"@type":"BreadcrumbList","@id":"http:\/\/www.semen-l.org\/?p=3203#breadcrumb","itemListElement":[{"@type":"ListItem","position":1,"name":"Accueil","item":"http:\/\/www.semen-l.org\/"},{"@type":"ListItem","position":2,"name":"Antonio Serrano Cueto, El epitalamio neolatino. Poes\u00eda nupcial y matrimonio en Europa (s\u00edglos XV y XVI), Alca\u00f1iz \u2013 Lisboa, Palmyrenus, 2019 (Virginie Leroux)"}]},{"@type":"WebSite","@id":"http:\/\/www.semen-l.org\/#website","url":"http:\/\/www.semen-l.org\/","name":"Soci\u00e9t\u00e9 d'\u00c9tudes M\u00e9dio Et N\u00e9o-Latines","description":"","publisher":{"@id":"http:\/\/www.semen-l.org\/#organization"},"potentialAction":[{"@type":"SearchAction","target":{"@type":"EntryPoint","urlTemplate":"http:\/\/www.semen-l.org\/?s={search_term_string}"},"query-input":{"@type":"PropertyValueSpecification","valueRequired":true,"valueName":"search_term_string"}}],"inLanguage":"fr-FR"},{"@type":"Organization","@id":"http:\/\/www.semen-l.org\/#organization","name":"Soci\u00e9t\u00e9 d'\u00e9tudes m\u00e9dio et n\u00e9o-latines","url":"http:\/\/www.semen-l.org\/","logo":{"@type":"ImageObject","inLanguage":"fr-FR","@id":"http:\/\/www.semen-l.org\/#\/schema\/logo\/image\/","url":"http:\/\/www.semen-l.org\/wp-content\/uploads\/2020\/11\/logo-semenl.jpg","contentUrl":"http:\/\/www.semen-l.org\/wp-content\/uploads\/2020\/11\/logo-semenl.jpg","width":408,"height":403,"caption":"Soci\u00e9t\u00e9 d'\u00e9tudes m\u00e9dio et n\u00e9o-latines"},"image":{"@id":"http:\/\/www.semen-l.org\/#\/schema\/logo\/image\/"},"sameAs":["https:\/\/www.facebook.com\/SEMENL2018","https:\/\/independent.academia.edu\/SocitsdtudesmdioetnolatinesSEMENL"]},{"@type":"Person","@id":"http:\/\/www.semen-l.org\/#\/schema\/person\/ef5208815f17666727763c5363a51344","name":"Julien Maudoux","image":{"@type":"ImageObject","inLanguage":"fr-FR","@id":"https:\/\/secure.gravatar.com\/avatar\/caabf4fb6242e2277733cd35a5c2aa083761ea25dae1d1ff3298b54292225292?s=96&d=mm&r=g","url":"https:\/\/secure.gravatar.com\/avatar\/caabf4fb6242e2277733cd35a5c2aa083761ea25dae1d1ff3298b54292225292?s=96&d=mm&r=g","contentUrl":"https:\/\/secure.gravatar.com\/avatar\/caabf4fb6242e2277733cd35a5c2aa083761ea25dae1d1ff3298b54292225292?s=96&d=mm&r=g","caption":"Julien Maudoux"},"description":"Webmestre du site de la SEMEN-L","url":"http:\/\/www.semen-l.org\/?author=26"}]}},"jetpack_featured_media_url":"http:\/\/www.semen-l.org\/wp-content\/uploads\/2024\/02\/epitalame-hisp-couv.jpg","_links":{"self":[{"href":"http:\/\/www.semen-l.org\/index.php?rest_route=\/wp\/v2\/posts\/3203","targetHints":{"allow":["GET"]}}],"collection":[{"href":"http:\/\/www.semen-l.org\/index.php?rest_route=\/wp\/v2\/posts"}],"about":[{"href":"http:\/\/www.semen-l.org\/index.php?rest_route=\/wp\/v2\/types\/post"}],"author":[{"embeddable":true,"href":"http:\/\/www.semen-l.org\/index.php?rest_route=\/wp\/v2\/users\/26"}],"replies":[{"embeddable":true,"href":"http:\/\/www.semen-l.org\/index.php?rest_route=%2Fwp%2Fv2%2Fcomments&post=3203"}],"version-history":[{"count":0,"href":"http:\/\/www.semen-l.org\/index.php?rest_route=\/wp\/v2\/posts\/3203\/revisions"}],"wp:featuredmedia":[{"embeddable":true,"href":"http:\/\/www.semen-l.org\/index.php?rest_route=\/wp\/v2\/media\/3204"}],"wp:attachment":[{"href":"http:\/\/www.semen-l.org\/index.php?rest_route=%2Fwp%2Fv2%2Fmedia&parent=3203"}],"wp:term":[{"taxonomy":"category","embeddable":true,"href":"http:\/\/www.semen-l.org\/index.php?rest_route=%2Fwp%2Fv2%2Fcategories&post=3203"},{"taxonomy":"post_tag","embeddable":true,"href":"http:\/\/www.semen-l.org\/index.php?rest_route=%2Fwp%2Fv2%2Ftags&post=3203"}],"curies":[{"name":"wp","href":"https:\/\/api.w.org\/{rel}","templated":true}]}}