{"id":3199,"date":"2019-12-15T10:55:04","date_gmt":"2019-12-15T10:55:04","guid":{"rendered":"https:\/\/www.semen-l.org\/?p=3199"},"modified":"2024-02-15T10:58:36","modified_gmt":"2024-02-15T10:58:36","slug":"jean-baptiste-santeul-oeuvre-poetique-complete-edition-de-guillaume-bonnet-paris-classiques-garnier-2019-virginie-leroux","status":"publish","type":"post","link":"http:\/\/www.semen-l.org\/?p=3199","title":{"rendered":"Jean-Baptiste Santeul, \u0152uvre po\u00e9tique compl\u00e8te, \u00e9dition de Guillaume Bonnet, Paris, Classiques Garnier, 2019 (Virginie Leroux)"},"content":{"rendered":"<h1>Jean-Baptiste Santeul, <em>\u0152uvre po\u00e9tique compl\u00e8te<\/em>, \u00e9dition de Guillaume Bonnet, Paris, Classiques Garnier, 2019, 2 tomes, 1720 p.<img fetchpriority=\"high\" decoding=\"async\" class=\"alignright size-medium wp-image-3201\" src=\"http:\/\/www.semen-l.org\/wp-content\/uploads\/2019\/12\/santeul-couv-200x300.png\" alt=\"\" width=\"200\" height=\"300\" srcset=\"http:\/\/www.semen-l.org\/wp-content\/uploads\/2019\/12\/santeul-couv-200x300.png 200w, http:\/\/www.semen-l.org\/wp-content\/uploads\/2019\/12\/santeul-couv-133x200.png 133w, http:\/\/www.semen-l.org\/wp-content\/uploads\/2019\/12\/santeul-couv.png 400w\" sizes=\"(max-width: 200px) 100vw, 200px\" \/><\/h1>\n<p>Jean-Baptiste Santeul (1630-1697) connut une grande notori\u00e9t\u00e9 durant le r\u00e8gne de Louis XIV comme po\u00e8te fran\u00e7ais d\u2019expression latine. La Bruy\u00e8re le d\u00e9peignit en Th\u00e9odas (<em>Des jugements<\/em>, 56), personnage fantasque et multiple, mais dot\u00e9 d\u2019un grand g\u00e9nie : \u00ab Quelle \u00e9l\u00e9vation ! Quelles images ! Quelle latinit\u00e9 ! \u00bb. Une riche introduction fait le point sur son parcours, analyse le baroquisme de son \u0153uvre &#8211; qui n\u2019est pas sans \u00e9voquer Corneille, avec lequel Santeul entretenait une relation d\u2019estime et d\u2019\u00e9mulation, \u00e9tudi\u00e9e dans l\u2019annexe V &#8211; et nous fait entrer dans l\u2019atelier du po\u00e8te gr\u00e2ce aux nombreux documents qui t\u00e9moignent des modalit\u00e9s de composition et de correction de certains po\u00e8mes. Les choix \u00e9ditoriaux de Guillaume Bonnet sont expos\u00e9s \u00e0 la fin de l\u2019introduction et d\u00e9velopp\u00e9s dans un riche appendice critique (annexe III, p. 1577-1657). S\u2019appuyant sur les \u00e9ditions posthumes de 1698 et de 1729, il les a compl\u00e9t\u00e9es en ajoutant d\u2019autres textes de Santeul imprim\u00e9s, mais non publi\u00e9s sous son nom jusqu\u2019\u00e0 aujourd\u2019hui. S\u2019il adopte g\u00e9n\u00e9ralement la version la plus r\u00e9cente des po\u00e8mes dans l\u2019id\u00e9e que le po\u00e8te revoyait ses productions, il a parfois pr\u00e9f\u00e9r\u00e9 pr\u00e9server des unit\u00e9s comme <em>Les Chantilliennes <\/em>dans leur premier jet. Le classement des pi\u00e8ces n\u2019est pas strictement chronologique mais quatre p\u00e9riodes sont distingu\u00e9es : la premi\u00e8re section correspond \u00e0 la jeunesse du po\u00e8te et se cl\u00f4t avec la premi\u00e8re \u00e9dition group\u00e9e de ses \u0153uvres en 1670. On y rel\u00e8ve la fameuse \u00ab Bulle \u00bb ou \u00ab M\u00e9tamorphose d\u2019une larme de Phyllis, transform\u00e9e d\u2019abord en bulle, puis en \u00e9toile \u00bb (p. 74-91). La seconde section, qui correspond aux po\u00e8mes de la maturit\u00e9 (1670- 1690), comprend notamment les po\u00e8mes destin\u00e9s au roi, \u00e0 la maison de Cond\u00e9, aux grands familles parlementaires et aux monuments de la ville de Paris, dont Santeul est le po\u00e8te officiel. La troisi\u00e8me section, pourvue d\u2019une introduction propre, regroupe les hymnes qui ont fait le succ\u00e8s du po\u00e8te. Dans les ann\u00e9es 1675, Santeul fut, en effet, sollicit\u00e9 lorsque prit corps dans l\u2019\u00e9glise de France, de plus en plus tent\u00e9e par une \u00e9mancipation gallicane, le souhait de r\u00e9viser le br\u00e9viaire que la Contre-R\u00e9forme avait laiss\u00e9 incomplet. Pr\u00e9sentes dans de nombreux br\u00e9viaires, certaines de ses hymnes ne furent abandonn\u00e9es qu\u2019au milieu du XIX<sup>e<\/sup> si\u00e8cle. La quatri\u00e8me section rassemble les productions des derni\u00e8res ann\u00e9es du po\u00e8te, toutes de combats et de d\u00e9sillusions. La limpidit\u00e9 et l\u2019\u00e9l\u00e9gance de la traduction fran\u00e7aise, la richesse de l\u2019annotation et les nombreuses annexes permettent de prendre la mesure du talent de Santeul et de l\u2019int\u00e9r\u00eat de sa production po\u00e9tique, ancr\u00e9e dans les querelles politiques, religieuses et litt\u00e9raires de l\u2019\u00e9poque.<\/p>\n<p><strong>Virginie Leroux (EPHE, PSL)<\/strong><\/p>\n<p>Cette recension a \u00e9t\u00e9 publi\u00e9e dans le<a href=\"https:\/\/www.semen-l.org\/?p=2848\"> Bulletin de liaison n\u00b017 (2019) de la SEMEN-L<\/a> (p. 47).<\/p>\n","protected":false},"excerpt":{"rendered":"<p>Jean-Baptiste Santeul, \u0152uvre po\u00e9tique compl\u00e8te, \u00e9dition de Guillaume Bonnet, Paris, Classiques Garnier, 2019, 2 tomes, 1720 p. Jean-Baptiste Santeul (1630-1697) connut une grande notori\u00e9t\u00e9 durant le r\u00e8gne de Louis XIV comme po\u00e8te fran\u00e7ais d\u2019expression latine. La Bruy\u00e8re le d\u00e9peignit en &hellip; <a href=\"http:\/\/www.semen-l.org\/?p=3199\">Continuer la lecture <span class=\"meta-nav\">&rarr;<\/span><\/a><\/p>\n","protected":false},"author":26,"featured_media":3201,"comment_status":"open","ping_status":"open","sticky":false,"template":"","format":"standard","meta":{"footnotes":""},"categories":[1825],"tags":[2033,2032,2034,1474,269,26,1139,2031,371],"class_list":["post-3199","post","type-post","status-publish","format-standard","has-post-thumbnail","hentry","category-recensions","tag-baroque","tag-breviaire","tag-chantilliennes-les","tag-contre-reforme","tag-hymne","tag-poesie","tag-santeul-jean-baptiste","tag-theodas","tag-traduction"],"yoast_head":"<!-- This site is optimized with the Yoast SEO plugin v27.5 - https:\/\/yoast.com\/product\/yoast-seo-wordpress\/ -->\n<title>Jean-Baptiste Santeul, \u0152uvre po\u00e9tique compl\u00e8te, \u00e9dition de Guillaume Bonnet, Paris, Classiques Garnier, 2019 (Virginie Leroux) - Soci\u00e9t\u00e9 d&#039;\u00c9tudes M\u00e9dio Et N\u00e9o-Latines<\/title>\n<meta name=\"robots\" content=\"index, follow, max-snippet:-1, max-image-preview:large, max-video-preview:-1\" \/>\n<link rel=\"canonical\" href=\"http:\/\/www.semen-l.org\/?p=3199\" \/>\n<meta property=\"og:locale\" content=\"fr_FR\" \/>\n<meta property=\"og:type\" content=\"article\" \/>\n<meta property=\"og:title\" content=\"Jean-Baptiste Santeul, \u0152uvre po\u00e9tique compl\u00e8te, \u00e9dition de Guillaume Bonnet, Paris, Classiques Garnier, 2019 (Virginie Leroux) - Soci\u00e9t\u00e9 d&#039;\u00c9tudes M\u00e9dio Et N\u00e9o-Latines\" \/>\n<meta property=\"og:description\" content=\"Jean-Baptiste Santeul, \u0152uvre po\u00e9tique compl\u00e8te, \u00e9dition de Guillaume Bonnet, Paris, Classiques Garnier, 2019, 2 tomes, 1720 p. Jean-Baptiste Santeul (1630-1697) connut une grande notori\u00e9t\u00e9 durant le r\u00e8gne de Louis XIV comme po\u00e8te fran\u00e7ais d\u2019expression latine. La Bruy\u00e8re le d\u00e9peignit en &hellip; Continuer la lecture &rarr;\" \/>\n<meta property=\"og:url\" content=\"http:\/\/www.semen-l.org\/?p=3199\" \/>\n<meta property=\"og:site_name\" content=\"Soci\u00e9t\u00e9 d&#039;\u00c9tudes M\u00e9dio Et N\u00e9o-Latines\" \/>\n<meta property=\"article:publisher\" content=\"https:\/\/www.facebook.com\/SEMENL2018\" \/>\n<meta property=\"article:published_time\" content=\"2019-12-15T10:55:04+00:00\" \/>\n<meta property=\"article:modified_time\" content=\"2024-02-15T10:58:36+00:00\" \/>\n<meta property=\"og:image\" content=\"http:\/\/www.semen-l.org\/wp-content\/uploads\/2019\/12\/santeul-couv.png\" \/>\n\t<meta property=\"og:image:width\" content=\"400\" \/>\n\t<meta property=\"og:image:height\" content=\"600\" \/>\n\t<meta property=\"og:image:type\" content=\"image\/png\" \/>\n<meta name=\"author\" content=\"Julien Maudoux\" \/>\n<meta name=\"twitter:card\" content=\"summary_large_image\" \/>\n<meta name=\"twitter:label1\" content=\"\u00c9crit par\" \/>\n\t<meta name=\"twitter:data1\" content=\"Julien Maudoux\" \/>\n\t<meta name=\"twitter:label2\" content=\"Dur\u00e9e de lecture estim\u00e9e\" \/>\n\t<meta name=\"twitter:data2\" content=\"3 minutes\" \/>\n<script type=\"application\/ld+json\" class=\"yoast-schema-graph\">{\"@context\":\"https:\\\/\\\/schema.org\",\"@graph\":[{\"@type\":\"Article\",\"@id\":\"http:\\\/\\\/www.semen-l.org\\\/?p=3199#article\",\"isPartOf\":{\"@id\":\"http:\\\/\\\/www.semen-l.org\\\/?p=3199\"},\"author\":{\"name\":\"Julien Maudoux\",\"@id\":\"http:\\\/\\\/www.semen-l.org\\\/#\\\/schema\\\/person\\\/ef5208815f17666727763c5363a51344\"},\"headline\":\"Jean-Baptiste Santeul, \u0152uvre po\u00e9tique compl\u00e8te, \u00e9dition de Guillaume Bonnet, Paris, Classiques Garnier, 2019 (Virginie Leroux)\",\"datePublished\":\"2019-12-15T10:55:04+00:00\",\"dateModified\":\"2024-02-15T10:58:36+00:00\",\"mainEntityOfPage\":{\"@id\":\"http:\\\/\\\/www.semen-l.org\\\/?p=3199\"},\"wordCount\":552,\"commentCount\":0,\"publisher\":{\"@id\":\"http:\\\/\\\/www.semen-l.org\\\/#organization\"},\"image\":{\"@id\":\"http:\\\/\\\/www.semen-l.org\\\/?p=3199#primaryimage\"},\"thumbnailUrl\":\"http:\\\/\\\/www.semen-l.org\\\/wp-content\\\/uploads\\\/2019\\\/12\\\/santeul-couv.png\",\"keywords\":[\"baroque\",\"br\u00e9viaire\",\"Chantilliennes (Les)\",\"contre-r\u00e9forme\",\"hymne\",\"po\u00e9sie\",\"Santeul (Jean-Baptiste)\",\"Th\u00e9odas\",\"traduction\"],\"articleSection\":[\"Recensions\"],\"inLanguage\":\"fr-FR\",\"potentialAction\":[{\"@type\":\"CommentAction\",\"name\":\"Comment\",\"target\":[\"http:\\\/\\\/www.semen-l.org\\\/?p=3199#respond\"]}]},{\"@type\":\"WebPage\",\"@id\":\"http:\\\/\\\/www.semen-l.org\\\/?p=3199\",\"url\":\"http:\\\/\\\/www.semen-l.org\\\/?p=3199\",\"name\":\"Jean-Baptiste Santeul, \u0152uvre po\u00e9tique compl\u00e8te, \u00e9dition de Guillaume Bonnet, Paris, Classiques Garnier, 2019 (Virginie Leroux) - Soci\u00e9t\u00e9 d&#039;\u00c9tudes M\u00e9dio Et N\u00e9o-Latines\",\"isPartOf\":{\"@id\":\"http:\\\/\\\/www.semen-l.org\\\/#website\"},\"primaryImageOfPage\":{\"@id\":\"http:\\\/\\\/www.semen-l.org\\\/?p=3199#primaryimage\"},\"image\":{\"@id\":\"http:\\\/\\\/www.semen-l.org\\\/?p=3199#primaryimage\"},\"thumbnailUrl\":\"http:\\\/\\\/www.semen-l.org\\\/wp-content\\\/uploads\\\/2019\\\/12\\\/santeul-couv.png\",\"datePublished\":\"2019-12-15T10:55:04+00:00\",\"dateModified\":\"2024-02-15T10:58:36+00:00\",\"breadcrumb\":{\"@id\":\"http:\\\/\\\/www.semen-l.org\\\/?p=3199#breadcrumb\"},\"inLanguage\":\"fr-FR\",\"potentialAction\":[{\"@type\":\"ReadAction\",\"target\":[\"http:\\\/\\\/www.semen-l.org\\\/?p=3199\"]}]},{\"@type\":\"ImageObject\",\"inLanguage\":\"fr-FR\",\"@id\":\"http:\\\/\\\/www.semen-l.org\\\/?p=3199#primaryimage\",\"url\":\"http:\\\/\\\/www.semen-l.org\\\/wp-content\\\/uploads\\\/2019\\\/12\\\/santeul-couv.png\",\"contentUrl\":\"http:\\\/\\\/www.semen-l.org\\\/wp-content\\\/uploads\\\/2019\\\/12\\\/santeul-couv.png\",\"width\":400,\"height\":600},{\"@type\":\"BreadcrumbList\",\"@id\":\"http:\\\/\\\/www.semen-l.org\\\/?p=3199#breadcrumb\",\"itemListElement\":[{\"@type\":\"ListItem\",\"position\":1,\"name\":\"Accueil\",\"item\":\"http:\\\/\\\/www.semen-l.org\\\/\"},{\"@type\":\"ListItem\",\"position\":2,\"name\":\"Jean-Baptiste Santeul, \u0152uvre po\u00e9tique compl\u00e8te, \u00e9dition de Guillaume Bonnet, Paris, Classiques Garnier, 2019 (Virginie Leroux)\"}]},{\"@type\":\"WebSite\",\"@id\":\"http:\\\/\\\/www.semen-l.org\\\/#website\",\"url\":\"http:\\\/\\\/www.semen-l.org\\\/\",\"name\":\"Soci\u00e9t\u00e9 d'\u00c9tudes M\u00e9dio Et N\u00e9o-Latines\",\"description\":\"\",\"publisher\":{\"@id\":\"http:\\\/\\\/www.semen-l.org\\\/#organization\"},\"potentialAction\":[{\"@type\":\"SearchAction\",\"target\":{\"@type\":\"EntryPoint\",\"urlTemplate\":\"http:\\\/\\\/www.semen-l.org\\\/?s={search_term_string}\"},\"query-input\":{\"@type\":\"PropertyValueSpecification\",\"valueRequired\":true,\"valueName\":\"search_term_string\"}}],\"inLanguage\":\"fr-FR\"},{\"@type\":\"Organization\",\"@id\":\"http:\\\/\\\/www.semen-l.org\\\/#organization\",\"name\":\"Soci\u00e9t\u00e9 d'\u00e9tudes m\u00e9dio et n\u00e9o-latines\",\"url\":\"http:\\\/\\\/www.semen-l.org\\\/\",\"logo\":{\"@type\":\"ImageObject\",\"inLanguage\":\"fr-FR\",\"@id\":\"http:\\\/\\\/www.semen-l.org\\\/#\\\/schema\\\/logo\\\/image\\\/\",\"url\":\"http:\\\/\\\/www.semen-l.org\\\/wp-content\\\/uploads\\\/2020\\\/11\\\/logo-semenl.jpg\",\"contentUrl\":\"http:\\\/\\\/www.semen-l.org\\\/wp-content\\\/uploads\\\/2020\\\/11\\\/logo-semenl.jpg\",\"width\":408,\"height\":403,\"caption\":\"Soci\u00e9t\u00e9 d'\u00e9tudes m\u00e9dio et n\u00e9o-latines\"},\"image\":{\"@id\":\"http:\\\/\\\/www.semen-l.org\\\/#\\\/schema\\\/logo\\\/image\\\/\"},\"sameAs\":[\"https:\\\/\\\/www.facebook.com\\\/SEMENL2018\",\"https:\\\/\\\/independent.academia.edu\\\/SocitsdtudesmdioetnolatinesSEMENL\"]},{\"@type\":\"Person\",\"@id\":\"http:\\\/\\\/www.semen-l.org\\\/#\\\/schema\\\/person\\\/ef5208815f17666727763c5363a51344\",\"name\":\"Julien Maudoux\",\"image\":{\"@type\":\"ImageObject\",\"inLanguage\":\"fr-FR\",\"@id\":\"https:\\\/\\\/secure.gravatar.com\\\/avatar\\\/caabf4fb6242e2277733cd35a5c2aa083761ea25dae1d1ff3298b54292225292?s=96&d=mm&r=g\",\"url\":\"https:\\\/\\\/secure.gravatar.com\\\/avatar\\\/caabf4fb6242e2277733cd35a5c2aa083761ea25dae1d1ff3298b54292225292?s=96&d=mm&r=g\",\"contentUrl\":\"https:\\\/\\\/secure.gravatar.com\\\/avatar\\\/caabf4fb6242e2277733cd35a5c2aa083761ea25dae1d1ff3298b54292225292?s=96&d=mm&r=g\",\"caption\":\"Julien Maudoux\"},\"description\":\"Webmestre du site de la SEMEN-L\",\"url\":\"http:\\\/\\\/www.semen-l.org\\\/?author=26\"}]}<\/script>\n<!-- \/ Yoast SEO plugin. -->","yoast_head_json":{"title":"Jean-Baptiste Santeul, \u0152uvre po\u00e9tique compl\u00e8te, \u00e9dition de Guillaume Bonnet, Paris, Classiques Garnier, 2019 (Virginie Leroux) - Soci\u00e9t\u00e9 d&#039;\u00c9tudes M\u00e9dio Et N\u00e9o-Latines","robots":{"index":"index","follow":"follow","max-snippet":"max-snippet:-1","max-image-preview":"max-image-preview:large","max-video-preview":"max-video-preview:-1"},"canonical":"http:\/\/www.semen-l.org\/?p=3199","og_locale":"fr_FR","og_type":"article","og_title":"Jean-Baptiste Santeul, \u0152uvre po\u00e9tique compl\u00e8te, \u00e9dition de Guillaume Bonnet, Paris, Classiques Garnier, 2019 (Virginie Leroux) - Soci\u00e9t\u00e9 d&#039;\u00c9tudes M\u00e9dio Et N\u00e9o-Latines","og_description":"Jean-Baptiste Santeul, \u0152uvre po\u00e9tique compl\u00e8te, \u00e9dition de Guillaume Bonnet, Paris, Classiques Garnier, 2019, 2 tomes, 1720 p. Jean-Baptiste Santeul (1630-1697) connut une grande notori\u00e9t\u00e9 durant le r\u00e8gne de Louis XIV comme po\u00e8te fran\u00e7ais d\u2019expression latine. La Bruy\u00e8re le d\u00e9peignit en &hellip; Continuer la lecture &rarr;","og_url":"http:\/\/www.semen-l.org\/?p=3199","og_site_name":"Soci\u00e9t\u00e9 d&#039;\u00c9tudes M\u00e9dio Et N\u00e9o-Latines","article_publisher":"https:\/\/www.facebook.com\/SEMENL2018","article_published_time":"2019-12-15T10:55:04+00:00","article_modified_time":"2024-02-15T10:58:36+00:00","og_image":[{"width":400,"height":600,"url":"http:\/\/www.semen-l.org\/wp-content\/uploads\/2019\/12\/santeul-couv.png","type":"image\/png"}],"author":"Julien Maudoux","twitter_card":"summary_large_image","twitter_misc":{"\u00c9crit par":"Julien Maudoux","Dur\u00e9e de lecture estim\u00e9e":"3 minutes"},"schema":{"@context":"https:\/\/schema.org","@graph":[{"@type":"Article","@id":"http:\/\/www.semen-l.org\/?p=3199#article","isPartOf":{"@id":"http:\/\/www.semen-l.org\/?p=3199"},"author":{"name":"Julien Maudoux","@id":"http:\/\/www.semen-l.org\/#\/schema\/person\/ef5208815f17666727763c5363a51344"},"headline":"Jean-Baptiste Santeul, \u0152uvre po\u00e9tique compl\u00e8te, \u00e9dition de Guillaume Bonnet, Paris, Classiques Garnier, 2019 (Virginie Leroux)","datePublished":"2019-12-15T10:55:04+00:00","dateModified":"2024-02-15T10:58:36+00:00","mainEntityOfPage":{"@id":"http:\/\/www.semen-l.org\/?p=3199"},"wordCount":552,"commentCount":0,"publisher":{"@id":"http:\/\/www.semen-l.org\/#organization"},"image":{"@id":"http:\/\/www.semen-l.org\/?p=3199#primaryimage"},"thumbnailUrl":"http:\/\/www.semen-l.org\/wp-content\/uploads\/2019\/12\/santeul-couv.png","keywords":["baroque","br\u00e9viaire","Chantilliennes (Les)","contre-r\u00e9forme","hymne","po\u00e9sie","Santeul (Jean-Baptiste)","Th\u00e9odas","traduction"],"articleSection":["Recensions"],"inLanguage":"fr-FR","potentialAction":[{"@type":"CommentAction","name":"Comment","target":["http:\/\/www.semen-l.org\/?p=3199#respond"]}]},{"@type":"WebPage","@id":"http:\/\/www.semen-l.org\/?p=3199","url":"http:\/\/www.semen-l.org\/?p=3199","name":"Jean-Baptiste Santeul, \u0152uvre po\u00e9tique compl\u00e8te, \u00e9dition de Guillaume Bonnet, Paris, Classiques Garnier, 2019 (Virginie Leroux) - Soci\u00e9t\u00e9 d&#039;\u00c9tudes M\u00e9dio Et N\u00e9o-Latines","isPartOf":{"@id":"http:\/\/www.semen-l.org\/#website"},"primaryImageOfPage":{"@id":"http:\/\/www.semen-l.org\/?p=3199#primaryimage"},"image":{"@id":"http:\/\/www.semen-l.org\/?p=3199#primaryimage"},"thumbnailUrl":"http:\/\/www.semen-l.org\/wp-content\/uploads\/2019\/12\/santeul-couv.png","datePublished":"2019-12-15T10:55:04+00:00","dateModified":"2024-02-15T10:58:36+00:00","breadcrumb":{"@id":"http:\/\/www.semen-l.org\/?p=3199#breadcrumb"},"inLanguage":"fr-FR","potentialAction":[{"@type":"ReadAction","target":["http:\/\/www.semen-l.org\/?p=3199"]}]},{"@type":"ImageObject","inLanguage":"fr-FR","@id":"http:\/\/www.semen-l.org\/?p=3199#primaryimage","url":"http:\/\/www.semen-l.org\/wp-content\/uploads\/2019\/12\/santeul-couv.png","contentUrl":"http:\/\/www.semen-l.org\/wp-content\/uploads\/2019\/12\/santeul-couv.png","width":400,"height":600},{"@type":"BreadcrumbList","@id":"http:\/\/www.semen-l.org\/?p=3199#breadcrumb","itemListElement":[{"@type":"ListItem","position":1,"name":"Accueil","item":"http:\/\/www.semen-l.org\/"},{"@type":"ListItem","position":2,"name":"Jean-Baptiste Santeul, \u0152uvre po\u00e9tique compl\u00e8te, \u00e9dition de Guillaume Bonnet, Paris, Classiques Garnier, 2019 (Virginie Leroux)"}]},{"@type":"WebSite","@id":"http:\/\/www.semen-l.org\/#website","url":"http:\/\/www.semen-l.org\/","name":"Soci\u00e9t\u00e9 d'\u00c9tudes M\u00e9dio Et N\u00e9o-Latines","description":"","publisher":{"@id":"http:\/\/www.semen-l.org\/#organization"},"potentialAction":[{"@type":"SearchAction","target":{"@type":"EntryPoint","urlTemplate":"http:\/\/www.semen-l.org\/?s={search_term_string}"},"query-input":{"@type":"PropertyValueSpecification","valueRequired":true,"valueName":"search_term_string"}}],"inLanguage":"fr-FR"},{"@type":"Organization","@id":"http:\/\/www.semen-l.org\/#organization","name":"Soci\u00e9t\u00e9 d'\u00e9tudes m\u00e9dio et n\u00e9o-latines","url":"http:\/\/www.semen-l.org\/","logo":{"@type":"ImageObject","inLanguage":"fr-FR","@id":"http:\/\/www.semen-l.org\/#\/schema\/logo\/image\/","url":"http:\/\/www.semen-l.org\/wp-content\/uploads\/2020\/11\/logo-semenl.jpg","contentUrl":"http:\/\/www.semen-l.org\/wp-content\/uploads\/2020\/11\/logo-semenl.jpg","width":408,"height":403,"caption":"Soci\u00e9t\u00e9 d'\u00e9tudes m\u00e9dio et n\u00e9o-latines"},"image":{"@id":"http:\/\/www.semen-l.org\/#\/schema\/logo\/image\/"},"sameAs":["https:\/\/www.facebook.com\/SEMENL2018","https:\/\/independent.academia.edu\/SocitsdtudesmdioetnolatinesSEMENL"]},{"@type":"Person","@id":"http:\/\/www.semen-l.org\/#\/schema\/person\/ef5208815f17666727763c5363a51344","name":"Julien Maudoux","image":{"@type":"ImageObject","inLanguage":"fr-FR","@id":"https:\/\/secure.gravatar.com\/avatar\/caabf4fb6242e2277733cd35a5c2aa083761ea25dae1d1ff3298b54292225292?s=96&d=mm&r=g","url":"https:\/\/secure.gravatar.com\/avatar\/caabf4fb6242e2277733cd35a5c2aa083761ea25dae1d1ff3298b54292225292?s=96&d=mm&r=g","contentUrl":"https:\/\/secure.gravatar.com\/avatar\/caabf4fb6242e2277733cd35a5c2aa083761ea25dae1d1ff3298b54292225292?s=96&d=mm&r=g","caption":"Julien Maudoux"},"description":"Webmestre du site de la SEMEN-L","url":"http:\/\/www.semen-l.org\/?author=26"}]}},"jetpack_featured_media_url":"http:\/\/www.semen-l.org\/wp-content\/uploads\/2019\/12\/santeul-couv.png","_links":{"self":[{"href":"http:\/\/www.semen-l.org\/index.php?rest_route=\/wp\/v2\/posts\/3199","targetHints":{"allow":["GET"]}}],"collection":[{"href":"http:\/\/www.semen-l.org\/index.php?rest_route=\/wp\/v2\/posts"}],"about":[{"href":"http:\/\/www.semen-l.org\/index.php?rest_route=\/wp\/v2\/types\/post"}],"author":[{"embeddable":true,"href":"http:\/\/www.semen-l.org\/index.php?rest_route=\/wp\/v2\/users\/26"}],"replies":[{"embeddable":true,"href":"http:\/\/www.semen-l.org\/index.php?rest_route=%2Fwp%2Fv2%2Fcomments&post=3199"}],"version-history":[{"count":0,"href":"http:\/\/www.semen-l.org\/index.php?rest_route=\/wp\/v2\/posts\/3199\/revisions"}],"wp:featuredmedia":[{"embeddable":true,"href":"http:\/\/www.semen-l.org\/index.php?rest_route=\/wp\/v2\/media\/3201"}],"wp:attachment":[{"href":"http:\/\/www.semen-l.org\/index.php?rest_route=%2Fwp%2Fv2%2Fmedia&parent=3199"}],"wp:term":[{"taxonomy":"category","embeddable":true,"href":"http:\/\/www.semen-l.org\/index.php?rest_route=%2Fwp%2Fv2%2Fcategories&post=3199"},{"taxonomy":"post_tag","embeddable":true,"href":"http:\/\/www.semen-l.org\/index.php?rest_route=%2Fwp%2Fv2%2Ftags&post=3199"}],"curies":[{"name":"wp","href":"https:\/\/api.w.org\/{rel}","templated":true}]}}