{"id":3111,"date":"2021-12-10T12:38:20","date_gmt":"2021-12-10T12:38:20","guid":{"rendered":"https:\/\/www.semen-l.org\/?p=3111"},"modified":"2024-02-10T12:39:46","modified_gmt":"2024-02-10T12:39:46","slug":"ferrand-mathieu-laigneau-fontaine-sylvie-dir-le-theatre-neo-latin-en-france-au-xvie-siecle-etudes-et-anthologie-geneve-droz-collection-cahiers-dhumanisme-et-de-renaissance-n17","status":"publish","type":"post","link":"http:\/\/www.semen-l.org\/?p=3111","title":{"rendered":"Ferrand Mathieu, Laigneau-Fontaine Sylvie (dir.), Le th\u00e9\u00e2tre n\u00e9o-latin en France au XVIe si\u00e8cle. Etudes et anthologie, Gen\u00e8ve, Droz, collection Cahiers d\u2019Humanisme et de Renaissance, n\u00b0170, 2020"},"content":{"rendered":"<p><strong>Ferrand Mathieu, Laigneau-Fontaine Sylvie (dir.)<em>, Le th\u00e9\u00e2tre n\u00e9o-latin en France au XVIe si\u00e8cle. Etudes et anthologie<\/em>, Gen\u00e8ve, Droz, collection Cahiers d\u2019Humanisme et de Renaissance, n\u00b0170, 2020, 584 p.<\/strong><\/p>\n<p>Le th\u00e9\u00e2tre n\u00e9o-latin est longtemps rest\u00e9 en marge de l\u2019histoire du th\u00e9\u00e2tre fran\u00e7ais. Les pi\u00e8ces conserv\u00e9es ont souffert en effet de divers a priori : compos\u00e9es en latin par d\u2019obscurs \u00ab Apollons de coll\u00e8ge \u00bb, elles ont sembl\u00e9 scolaires et didactiques ; \u00e9crites par des \u00e9rudits qui ne songeaient pas \u00e0 la sc\u00e8ne, elles ont paru coup\u00e9es de la cr\u00e9ation dramatique contemporaine. Depuis quelques d\u00e9cennies, cependant, bien des chercheurs mettent en question ces certitudes. Certains textes font l\u2019objet d\u2019un intense travail d\u2019ex\u00e9g\u00e8se et d\u2019\u00e9dition, d\u2019autres demeurent peu \u00e9tudi\u00e9s. L\u2019heure n\u2019est pas encore aux bilans. Le pr\u00e9sent volume entend plut\u00f4t donner \u00e0 d\u00e9couvrir une riche production, dont les auteurs ont non seulement explor\u00e9 des voies originales mais aussi f\u00e9cond\u00e9 une part du th\u00e9\u00e2tre fran\u00e7ais. Une anthologie compl\u00e8te le volume et illustre l\u2019inventivit\u00e9 des dramaturges n\u00e9o-latins de la Renaissance fran\u00e7aise.<\/p>\n<p>Cette recension a \u00e9t\u00e9 publi\u00e9e dans le<a href=\"https:\/\/www.semen-l.org\/?p=1997\">\u00a0Bulletin de liaison n\u00b019 (2021) de la SEMEN-L<\/a> (p. 71-72).<\/p>\n","protected":false},"excerpt":{"rendered":"<p>Ferrand Mathieu, Laigneau-Fontaine Sylvie (dir.), Le th\u00e9\u00e2tre n\u00e9o-latin en France au XVIe si\u00e8cle. Etudes et anthologie, Gen\u00e8ve, Droz, collection Cahiers d\u2019Humanisme et de Renaissance, n\u00b0170, 2020, 584 p. Le th\u00e9\u00e2tre n\u00e9o-latin est longtemps rest\u00e9 en marge de l\u2019histoire du th\u00e9\u00e2tre &hellip; <a href=\"http:\/\/www.semen-l.org\/?p=3111\">Continuer la lecture <span class=\"meta-nav\">&rarr;<\/span><\/a><\/p>\n","protected":false},"author":26,"featured_media":0,"comment_status":"open","ping_status":"open","sticky":false,"template":"","format":"standard","meta":{"footnotes":""},"categories":[1825],"tags":[340,144,1296],"class_list":["post-3111","post","type-post","status-publish","format-standard","hentry","category-recensions","tag-anthologie","tag-humanisme","tag-theatre"],"yoast_head":"<!-- This site is optimized with the Yoast SEO plugin v27.5 - https:\/\/yoast.com\/product\/yoast-seo-wordpress\/ -->\n<title>Ferrand Mathieu, Laigneau-Fontaine Sylvie (dir.), Le th\u00e9\u00e2tre n\u00e9o-latin en France au XVIe si\u00e8cle. Etudes et anthologie, Gen\u00e8ve, Droz, collection Cahiers d\u2019Humanisme et de Renaissance, n\u00b0170, 2020 - Soci\u00e9t\u00e9 d&#039;\u00c9tudes M\u00e9dio Et N\u00e9o-Latines<\/title>\n<meta name=\"robots\" content=\"index, follow, max-snippet:-1, max-image-preview:large, max-video-preview:-1\" \/>\n<link rel=\"canonical\" href=\"http:\/\/www.semen-l.org\/?p=3111\" \/>\n<meta property=\"og:locale\" content=\"fr_FR\" \/>\n<meta property=\"og:type\" content=\"article\" \/>\n<meta property=\"og:title\" content=\"Ferrand Mathieu, Laigneau-Fontaine Sylvie (dir.), Le th\u00e9\u00e2tre n\u00e9o-latin en France au XVIe si\u00e8cle. Etudes et anthologie, Gen\u00e8ve, Droz, collection Cahiers d\u2019Humanisme et de Renaissance, n\u00b0170, 2020 - Soci\u00e9t\u00e9 d&#039;\u00c9tudes M\u00e9dio Et N\u00e9o-Latines\" \/>\n<meta property=\"og:description\" content=\"Ferrand Mathieu, Laigneau-Fontaine Sylvie (dir.), Le th\u00e9\u00e2tre n\u00e9o-latin en France au XVIe si\u00e8cle. Etudes et anthologie, Gen\u00e8ve, Droz, collection Cahiers d\u2019Humanisme et de Renaissance, n\u00b0170, 2020, 584 p. Le th\u00e9\u00e2tre n\u00e9o-latin est longtemps rest\u00e9 en marge de l\u2019histoire du th\u00e9\u00e2tre &hellip; Continuer la lecture &rarr;\" \/>\n<meta property=\"og:url\" content=\"http:\/\/www.semen-l.org\/?p=3111\" \/>\n<meta property=\"og:site_name\" content=\"Soci\u00e9t\u00e9 d&#039;\u00c9tudes M\u00e9dio Et N\u00e9o-Latines\" \/>\n<meta property=\"article:publisher\" content=\"https:\/\/www.facebook.com\/SEMENL2018\" \/>\n<meta property=\"article:published_time\" content=\"2021-12-10T12:38:20+00:00\" \/>\n<meta property=\"article:modified_time\" content=\"2024-02-10T12:39:46+00:00\" \/>\n<meta name=\"author\" content=\"Julien Maudoux\" \/>\n<meta name=\"twitter:card\" content=\"summary_large_image\" \/>\n<meta name=\"twitter:label1\" content=\"\u00c9crit par\" \/>\n\t<meta name=\"twitter:data1\" content=\"Julien Maudoux\" \/>\n\t<meta name=\"twitter:label2\" content=\"Dur\u00e9e de lecture estim\u00e9e\" \/>\n\t<meta name=\"twitter:data2\" content=\"1 minute\" \/>\n<script type=\"application\/ld+json\" class=\"yoast-schema-graph\">{\"@context\":\"https:\\\/\\\/schema.org\",\"@graph\":[{\"@type\":\"Article\",\"@id\":\"http:\\\/\\\/www.semen-l.org\\\/?p=3111#article\",\"isPartOf\":{\"@id\":\"http:\\\/\\\/www.semen-l.org\\\/?p=3111\"},\"author\":{\"name\":\"Julien Maudoux\",\"@id\":\"http:\\\/\\\/www.semen-l.org\\\/#\\\/schema\\\/person\\\/ef5208815f17666727763c5363a51344\"},\"headline\":\"Ferrand Mathieu, Laigneau-Fontaine Sylvie (dir.), Le th\u00e9\u00e2tre n\u00e9o-latin en France au XVIe si\u00e8cle. Etudes et anthologie, Gen\u00e8ve, Droz, collection Cahiers d\u2019Humanisme et de Renaissance, n\u00b0170, 2020\",\"datePublished\":\"2021-12-10T12:38:20+00:00\",\"dateModified\":\"2024-02-10T12:39:46+00:00\",\"mainEntityOfPage\":{\"@id\":\"http:\\\/\\\/www.semen-l.org\\\/?p=3111\"},\"wordCount\":244,\"commentCount\":0,\"publisher\":{\"@id\":\"http:\\\/\\\/www.semen-l.org\\\/#organization\"},\"keywords\":[\"anthologie\",\"humanisme\",\"th\u00e9\u00e2tre\"],\"articleSection\":[\"Recensions\"],\"inLanguage\":\"fr-FR\",\"potentialAction\":[{\"@type\":\"CommentAction\",\"name\":\"Comment\",\"target\":[\"http:\\\/\\\/www.semen-l.org\\\/?p=3111#respond\"]}]},{\"@type\":\"WebPage\",\"@id\":\"http:\\\/\\\/www.semen-l.org\\\/?p=3111\",\"url\":\"http:\\\/\\\/www.semen-l.org\\\/?p=3111\",\"name\":\"Ferrand Mathieu, Laigneau-Fontaine Sylvie (dir.), Le th\u00e9\u00e2tre n\u00e9o-latin en France au XVIe si\u00e8cle. Etudes et anthologie, Gen\u00e8ve, Droz, collection Cahiers d\u2019Humanisme et de Renaissance, n\u00b0170, 2020 - Soci\u00e9t\u00e9 d&#039;\u00c9tudes M\u00e9dio Et N\u00e9o-Latines\",\"isPartOf\":{\"@id\":\"http:\\\/\\\/www.semen-l.org\\\/#website\"},\"datePublished\":\"2021-12-10T12:38:20+00:00\",\"dateModified\":\"2024-02-10T12:39:46+00:00\",\"breadcrumb\":{\"@id\":\"http:\\\/\\\/www.semen-l.org\\\/?p=3111#breadcrumb\"},\"inLanguage\":\"fr-FR\",\"potentialAction\":[{\"@type\":\"ReadAction\",\"target\":[\"http:\\\/\\\/www.semen-l.org\\\/?p=3111\"]}]},{\"@type\":\"BreadcrumbList\",\"@id\":\"http:\\\/\\\/www.semen-l.org\\\/?p=3111#breadcrumb\",\"itemListElement\":[{\"@type\":\"ListItem\",\"position\":1,\"name\":\"Accueil\",\"item\":\"http:\\\/\\\/www.semen-l.org\\\/\"},{\"@type\":\"ListItem\",\"position\":2,\"name\":\"Ferrand Mathieu, Laigneau-Fontaine Sylvie (dir.), Le th\u00e9\u00e2tre n\u00e9o-latin en France au XVIe si\u00e8cle. Etudes et anthologie, Gen\u00e8ve, Droz, collection Cahiers d\u2019Humanisme et de Renaissance, n\u00b0170, 2020\"}]},{\"@type\":\"WebSite\",\"@id\":\"http:\\\/\\\/www.semen-l.org\\\/#website\",\"url\":\"http:\\\/\\\/www.semen-l.org\\\/\",\"name\":\"Soci\u00e9t\u00e9 d'\u00c9tudes M\u00e9dio Et N\u00e9o-Latines\",\"description\":\"\",\"publisher\":{\"@id\":\"http:\\\/\\\/www.semen-l.org\\\/#organization\"},\"potentialAction\":[{\"@type\":\"SearchAction\",\"target\":{\"@type\":\"EntryPoint\",\"urlTemplate\":\"http:\\\/\\\/www.semen-l.org\\\/?s={search_term_string}\"},\"query-input\":{\"@type\":\"PropertyValueSpecification\",\"valueRequired\":true,\"valueName\":\"search_term_string\"}}],\"inLanguage\":\"fr-FR\"},{\"@type\":\"Organization\",\"@id\":\"http:\\\/\\\/www.semen-l.org\\\/#organization\",\"name\":\"Soci\u00e9t\u00e9 d'\u00e9tudes m\u00e9dio et n\u00e9o-latines\",\"url\":\"http:\\\/\\\/www.semen-l.org\\\/\",\"logo\":{\"@type\":\"ImageObject\",\"inLanguage\":\"fr-FR\",\"@id\":\"http:\\\/\\\/www.semen-l.org\\\/#\\\/schema\\\/logo\\\/image\\\/\",\"url\":\"http:\\\/\\\/www.semen-l.org\\\/wp-content\\\/uploads\\\/2020\\\/11\\\/logo-semenl.jpg\",\"contentUrl\":\"http:\\\/\\\/www.semen-l.org\\\/wp-content\\\/uploads\\\/2020\\\/11\\\/logo-semenl.jpg\",\"width\":408,\"height\":403,\"caption\":\"Soci\u00e9t\u00e9 d'\u00e9tudes m\u00e9dio et n\u00e9o-latines\"},\"image\":{\"@id\":\"http:\\\/\\\/www.semen-l.org\\\/#\\\/schema\\\/logo\\\/image\\\/\"},\"sameAs\":[\"https:\\\/\\\/www.facebook.com\\\/SEMENL2018\",\"https:\\\/\\\/independent.academia.edu\\\/SocitsdtudesmdioetnolatinesSEMENL\"]},{\"@type\":\"Person\",\"@id\":\"http:\\\/\\\/www.semen-l.org\\\/#\\\/schema\\\/person\\\/ef5208815f17666727763c5363a51344\",\"name\":\"Julien Maudoux\",\"image\":{\"@type\":\"ImageObject\",\"inLanguage\":\"fr-FR\",\"@id\":\"https:\\\/\\\/secure.gravatar.com\\\/avatar\\\/caabf4fb6242e2277733cd35a5c2aa083761ea25dae1d1ff3298b54292225292?s=96&d=mm&r=g\",\"url\":\"https:\\\/\\\/secure.gravatar.com\\\/avatar\\\/caabf4fb6242e2277733cd35a5c2aa083761ea25dae1d1ff3298b54292225292?s=96&d=mm&r=g\",\"contentUrl\":\"https:\\\/\\\/secure.gravatar.com\\\/avatar\\\/caabf4fb6242e2277733cd35a5c2aa083761ea25dae1d1ff3298b54292225292?s=96&d=mm&r=g\",\"caption\":\"Julien Maudoux\"},\"description\":\"Webmestre du site de la SEMEN-L\",\"url\":\"http:\\\/\\\/www.semen-l.org\\\/?author=26\"}]}<\/script>\n<!-- \/ Yoast SEO plugin. -->","yoast_head_json":{"title":"Ferrand Mathieu, Laigneau-Fontaine Sylvie (dir.), Le th\u00e9\u00e2tre n\u00e9o-latin en France au XVIe si\u00e8cle. Etudes et anthologie, Gen\u00e8ve, Droz, collection Cahiers d\u2019Humanisme et de Renaissance, n\u00b0170, 2020 - Soci\u00e9t\u00e9 d&#039;\u00c9tudes M\u00e9dio Et N\u00e9o-Latines","robots":{"index":"index","follow":"follow","max-snippet":"max-snippet:-1","max-image-preview":"max-image-preview:large","max-video-preview":"max-video-preview:-1"},"canonical":"http:\/\/www.semen-l.org\/?p=3111","og_locale":"fr_FR","og_type":"article","og_title":"Ferrand Mathieu, Laigneau-Fontaine Sylvie (dir.), Le th\u00e9\u00e2tre n\u00e9o-latin en France au XVIe si\u00e8cle. Etudes et anthologie, Gen\u00e8ve, Droz, collection Cahiers d\u2019Humanisme et de Renaissance, n\u00b0170, 2020 - Soci\u00e9t\u00e9 d&#039;\u00c9tudes M\u00e9dio Et N\u00e9o-Latines","og_description":"Ferrand Mathieu, Laigneau-Fontaine Sylvie (dir.), Le th\u00e9\u00e2tre n\u00e9o-latin en France au XVIe si\u00e8cle. Etudes et anthologie, Gen\u00e8ve, Droz, collection Cahiers d\u2019Humanisme et de Renaissance, n\u00b0170, 2020, 584 p. Le th\u00e9\u00e2tre n\u00e9o-latin est longtemps rest\u00e9 en marge de l\u2019histoire du th\u00e9\u00e2tre &hellip; Continuer la lecture &rarr;","og_url":"http:\/\/www.semen-l.org\/?p=3111","og_site_name":"Soci\u00e9t\u00e9 d&#039;\u00c9tudes M\u00e9dio Et N\u00e9o-Latines","article_publisher":"https:\/\/www.facebook.com\/SEMENL2018","article_published_time":"2021-12-10T12:38:20+00:00","article_modified_time":"2024-02-10T12:39:46+00:00","author":"Julien Maudoux","twitter_card":"summary_large_image","twitter_misc":{"\u00c9crit par":"Julien Maudoux","Dur\u00e9e de lecture estim\u00e9e":"1 minute"},"schema":{"@context":"https:\/\/schema.org","@graph":[{"@type":"Article","@id":"http:\/\/www.semen-l.org\/?p=3111#article","isPartOf":{"@id":"http:\/\/www.semen-l.org\/?p=3111"},"author":{"name":"Julien Maudoux","@id":"http:\/\/www.semen-l.org\/#\/schema\/person\/ef5208815f17666727763c5363a51344"},"headline":"Ferrand Mathieu, Laigneau-Fontaine Sylvie (dir.), Le th\u00e9\u00e2tre n\u00e9o-latin en France au XVIe si\u00e8cle. Etudes et anthologie, Gen\u00e8ve, Droz, collection Cahiers d\u2019Humanisme et de Renaissance, n\u00b0170, 2020","datePublished":"2021-12-10T12:38:20+00:00","dateModified":"2024-02-10T12:39:46+00:00","mainEntityOfPage":{"@id":"http:\/\/www.semen-l.org\/?p=3111"},"wordCount":244,"commentCount":0,"publisher":{"@id":"http:\/\/www.semen-l.org\/#organization"},"keywords":["anthologie","humanisme","th\u00e9\u00e2tre"],"articleSection":["Recensions"],"inLanguage":"fr-FR","potentialAction":[{"@type":"CommentAction","name":"Comment","target":["http:\/\/www.semen-l.org\/?p=3111#respond"]}]},{"@type":"WebPage","@id":"http:\/\/www.semen-l.org\/?p=3111","url":"http:\/\/www.semen-l.org\/?p=3111","name":"Ferrand Mathieu, Laigneau-Fontaine Sylvie (dir.), Le th\u00e9\u00e2tre n\u00e9o-latin en France au XVIe si\u00e8cle. Etudes et anthologie, Gen\u00e8ve, Droz, collection Cahiers d\u2019Humanisme et de Renaissance, n\u00b0170, 2020 - Soci\u00e9t\u00e9 d&#039;\u00c9tudes M\u00e9dio Et N\u00e9o-Latines","isPartOf":{"@id":"http:\/\/www.semen-l.org\/#website"},"datePublished":"2021-12-10T12:38:20+00:00","dateModified":"2024-02-10T12:39:46+00:00","breadcrumb":{"@id":"http:\/\/www.semen-l.org\/?p=3111#breadcrumb"},"inLanguage":"fr-FR","potentialAction":[{"@type":"ReadAction","target":["http:\/\/www.semen-l.org\/?p=3111"]}]},{"@type":"BreadcrumbList","@id":"http:\/\/www.semen-l.org\/?p=3111#breadcrumb","itemListElement":[{"@type":"ListItem","position":1,"name":"Accueil","item":"http:\/\/www.semen-l.org\/"},{"@type":"ListItem","position":2,"name":"Ferrand Mathieu, Laigneau-Fontaine Sylvie (dir.), Le th\u00e9\u00e2tre n\u00e9o-latin en France au XVIe si\u00e8cle. Etudes et anthologie, Gen\u00e8ve, Droz, collection Cahiers d\u2019Humanisme et de Renaissance, n\u00b0170, 2020"}]},{"@type":"WebSite","@id":"http:\/\/www.semen-l.org\/#website","url":"http:\/\/www.semen-l.org\/","name":"Soci\u00e9t\u00e9 d'\u00c9tudes M\u00e9dio Et N\u00e9o-Latines","description":"","publisher":{"@id":"http:\/\/www.semen-l.org\/#organization"},"potentialAction":[{"@type":"SearchAction","target":{"@type":"EntryPoint","urlTemplate":"http:\/\/www.semen-l.org\/?s={search_term_string}"},"query-input":{"@type":"PropertyValueSpecification","valueRequired":true,"valueName":"search_term_string"}}],"inLanguage":"fr-FR"},{"@type":"Organization","@id":"http:\/\/www.semen-l.org\/#organization","name":"Soci\u00e9t\u00e9 d'\u00e9tudes m\u00e9dio et n\u00e9o-latines","url":"http:\/\/www.semen-l.org\/","logo":{"@type":"ImageObject","inLanguage":"fr-FR","@id":"http:\/\/www.semen-l.org\/#\/schema\/logo\/image\/","url":"http:\/\/www.semen-l.org\/wp-content\/uploads\/2020\/11\/logo-semenl.jpg","contentUrl":"http:\/\/www.semen-l.org\/wp-content\/uploads\/2020\/11\/logo-semenl.jpg","width":408,"height":403,"caption":"Soci\u00e9t\u00e9 d'\u00e9tudes m\u00e9dio et n\u00e9o-latines"},"image":{"@id":"http:\/\/www.semen-l.org\/#\/schema\/logo\/image\/"},"sameAs":["https:\/\/www.facebook.com\/SEMENL2018","https:\/\/independent.academia.edu\/SocitsdtudesmdioetnolatinesSEMENL"]},{"@type":"Person","@id":"http:\/\/www.semen-l.org\/#\/schema\/person\/ef5208815f17666727763c5363a51344","name":"Julien Maudoux","image":{"@type":"ImageObject","inLanguage":"fr-FR","@id":"https:\/\/secure.gravatar.com\/avatar\/caabf4fb6242e2277733cd35a5c2aa083761ea25dae1d1ff3298b54292225292?s=96&d=mm&r=g","url":"https:\/\/secure.gravatar.com\/avatar\/caabf4fb6242e2277733cd35a5c2aa083761ea25dae1d1ff3298b54292225292?s=96&d=mm&r=g","contentUrl":"https:\/\/secure.gravatar.com\/avatar\/caabf4fb6242e2277733cd35a5c2aa083761ea25dae1d1ff3298b54292225292?s=96&d=mm&r=g","caption":"Julien Maudoux"},"description":"Webmestre du site de la SEMEN-L","url":"http:\/\/www.semen-l.org\/?author=26"}]}},"jetpack_featured_media_url":"","_links":{"self":[{"href":"http:\/\/www.semen-l.org\/index.php?rest_route=\/wp\/v2\/posts\/3111","targetHints":{"allow":["GET"]}}],"collection":[{"href":"http:\/\/www.semen-l.org\/index.php?rest_route=\/wp\/v2\/posts"}],"about":[{"href":"http:\/\/www.semen-l.org\/index.php?rest_route=\/wp\/v2\/types\/post"}],"author":[{"embeddable":true,"href":"http:\/\/www.semen-l.org\/index.php?rest_route=\/wp\/v2\/users\/26"}],"replies":[{"embeddable":true,"href":"http:\/\/www.semen-l.org\/index.php?rest_route=%2Fwp%2Fv2%2Fcomments&post=3111"}],"version-history":[{"count":0,"href":"http:\/\/www.semen-l.org\/index.php?rest_route=\/wp\/v2\/posts\/3111\/revisions"}],"wp:attachment":[{"href":"http:\/\/www.semen-l.org\/index.php?rest_route=%2Fwp%2Fv2%2Fmedia&parent=3111"}],"wp:term":[{"taxonomy":"category","embeddable":true,"href":"http:\/\/www.semen-l.org\/index.php?rest_route=%2Fwp%2Fv2%2Fcategories&post=3111"},{"taxonomy":"post_tag","embeddable":true,"href":"http:\/\/www.semen-l.org\/index.php?rest_route=%2Fwp%2Fv2%2Ftags&post=3111"}],"curies":[{"name":"wp","href":"https:\/\/api.w.org\/{rel}","templated":true}]}}