{"id":3013,"date":"2022-12-07T18:04:52","date_gmt":"2022-12-07T18:04:52","guid":{"rendered":"https:\/\/www.semen-l.org\/?p=3013"},"modified":"2024-02-07T18:19:48","modified_gmt":"2024-02-07T18:19:48","slug":"3013","status":"publish","type":"post","link":"http:\/\/www.semen-l.org\/?p=3013","title":{"rendered":"\u00c9milie S\u00c9RIS, Solus homo nudus, solum animal sapiens. Th\u00e9ories humanistes du nu (XVe-XVIe si\u00e8cles), Turnhout, Brepols, 2021 (Florence Vuilleumier Laurens)"},"content":{"rendered":"<p><strong>\u00c9milie S\u00c9RIS, <em>Solus homo nudus, solum animal sapiens. Th\u00e9ories humanistes du nu (XVe-XVIe si\u00e8cles)<\/em>, coll. \u00ab H\u03a6R. Philosophie hell\u00e9nistique et romaine \u00bb, Turnhout, Brepols, 2021, 499 p. + 31 planches couleur.<\/strong><\/p>\n<p>Pendant du colloque organis\u00e9 et publi\u00e9 par la m\u00eame autrice \u2014 dont nous ne parlerons pas : <em>Le Nu dans la litt\u00e9rature de la Renaissance<\/em>, coll. \u00ab Renaissance \u00bb 36, Tours, P.U. Fran\u00e7ois-Rabelais, 2022, 288 p. : autour de quatre aspects principaux illustrant la question (<em>Mod\u00e8les figur\u00e9s, Mod\u00e8les litt\u00e9raires, Mis\u00e8res et dignit\u00e9 de l\u2019homme, \u00c9ros Pan et Hym\u00e9n\u00e9e et la Fabrique du nu<\/em>), le riche et savant ouvrage pr\u00e9sent\u00e9 ici a l\u2019ambition d\u2019en d\u00e9gager la complexit\u00e9 des fondements th\u00e9oriques.<br \/>\nL\u2019Avant-propos rend hommage au <em>De Corporis humani harmonia<\/em> (1555) de Jean Ly\u00e8ge \u2014 adaptation versifi\u00e9e du trait\u00e9 de physiologie de Galien (<em>De usu partium<\/em>) \u2014, sorte de pierre milliaire qui marque l\u2019<em>hermeneutical turn<\/em> du Concile de Trente (e.g. les trait\u00e9s de Jan van der Meulen) mettant globalement terme \u00e0 l\u2019Humanisme militant de la <em>dignitas<\/em> <em>hominis<\/em>. L\u2019introduction (64 p.), atteste, en particulier, que l\u2019adjectif substantiv\u00e9 absent du latin classique \u00e9merge de fa\u00e7on technique au livre II du <em>De Pictura<\/em> (1435) de Leon Battista Alberti, lorsqu\u2019il s\u2019agit de peindre un nu (<em>in nudo pingendo<\/em>) en recouvrant de peau et de chair les os et les muscles \u2014 inversant paradoxalement la d\u00e9nudation du corps par un \u00ab v\u00eatement \u00bb le rendant propre \u00e0 \u00eatre repr\u00e9sent\u00e9 et pens\u00e9 dans son existence terrestre. Les trattatisti post\u00e9rieurs reprendront le sch\u00e9ma d\u2019habillage du nu. Celui-ci est analys\u00e9 sous les trois corps d\u2019une ambitieuse architecture dont les sources anciennes constituent les fondements :<\/p>\n<p>D\u2019abord la Sym\u00e9trie (microcosme), source de l\u2019harmonie du corps selon les Anciens (Vitruve), se prolonge \u00e0 la Renaissance avec Cennini, Ghiberti, Alberti etc. pour aboutir \u00e0 L\u00e9onard ; le n\u00e9oplatonisme ficinien propage l\u2019influence du <em>Tim\u00e9e<\/em>, qui \u00ab harmonise \u00bb \u00e0 son tour les trait\u00e9s post\u00e9rieurs de Gauricus \u00e0 D\u00fcrer (<em>commensus, diuina proportio, concordia<\/em>\u2026) ; mais c\u2019est sans compter l\u2019influence de l\u2019enseignement padovan d\u2019Aristote, selon qui la beaut\u00e9 s\u2019adoucit loin de la splendeur par l\u2019union de la belle ordonnance des parties avec la couleur, sous la banni\u00e8re d\u2019un Nifo, puis Pino, Dolce et Vincenzo Danti (106 p.).<br \/>\nEnsuite l\u2019Anatomie (organisme) : partant des th\u00e9ories m\u00e9dicales antiques d\u2019Hippocrate \u00e0 Galien, dont se s\u00e9parera l\u2019exercice du corps (<em>hygieia<\/em>), illustr\u00e9 en 1569 par le <em>De arte gymnastica<\/em> de Mercuriale ; cependant un tel d\u00e9tachement, propice \u00e0 la repr\u00e9sentation de l\u2019ext\u00e9rieur du corps (fabrique), ne saura se faire sans retrouver, somme toute, ce que sera la <em>compositio membrorum<\/em> albertienne (<em>De Pictura<\/em>, II, 37-38), suivi par Ghiberti, L\u00e9onard, Vasari : belle machine ! (Cellini, Danti). L\u2019agencement des membres et les exercices autorisent le mouvement du corps, local par la sensation et le d\u00e9sir propre \u00e0 l\u2019animal (plus la facult\u00e9 de repr\u00e9sentation humaine), r\u00e9alisation de la puissance dans la chose, dont on appr\u00e9ciera la vari\u00e9t\u00e9 (Alberti, L\u00e9onard, Gauricus, Vasari), la disposition (<em>contraposto, moderatio, ponderazione<\/em>), le <em>status obliquus<\/em> pour aboutir \u00e0 la serpentine. Le corps nu (en mouvement ou non) ne saurait \u00eatre priv\u00e9 de la gr\u00e2ce, qu\u2019il soit jeune ou \u00e2g\u00e9, fin ou muscl\u00e9, agr\u00e9able ou effrayant (terrible) en raccourci ou plong\u00e9 dans le <em>chiaroscuro<\/em> : ce que les toujours m\u00eames trait\u00e9s r\u00eaveront \u00eatre accompli au sein d\u2019une <em>aurea mediocritas<\/em> (118 p.).<br \/>\nEnfin, la <em>Physiognomonie<\/em> (signe de l\u2019\u00e2me) poursuit le m\u00eame cheminement depuis l\u2019Antiquit\u00e9, puisque l\u2019expression (tir\u00e9e du <em>De morbis<\/em> d\u2019Hippocrate) retenue ici est celle des <em>Physiognomonica<\/em> du Ps.-Aristote, adapt\u00e9es en latin (apr\u00e8s Pol\u00e9mon-Adamantius) au XIIIe si\u00e8cle ; la Renaissance en d\u00e9gagera la peinture des caract\u00e8res dans la mesure o\u00f9 l\u2019\u00e9tat de l\u2019\u00e2me modifie l\u2019\u00e9tat du corps et d\u2019abord en suivant une m\u00e9thode zoologique fixant des types permanents (L\u00e9onard : <em>uomo bestiale<\/em> ; La Porta :<em> timidus\/fortis uir<\/em>) ; une seconde m\u00e9thode dite \u00ab ethnologique \u00bb use des caract\u00e9ristiques somatiques des races humaines et des peuples (Gauricus, D\u00fcrer), anticipant <em>l\u2019Examen<\/em> de <em>Ingenios<\/em> de Huarte (1603) ; troisi\u00e8me : la comparaison des sexes (Gauricus, Pino) ; quatri\u00e8me : \u00e9thologique (\u03c0\u03ac\u03d1\u03b7\u03bc\u03b1) introduisant (e.g. Gauricus, <em>De sculptura<\/em>) \u00e0 l\u2019expression des passions depuis les <em>pertubationes animi<\/em> d\u2019Alberti et les <em>accidenti mentali<\/em> de L\u00e9onard jusqu\u2019aux passions port\u00e9es par la force \u00e9motionnelle suscit\u00e9e par la couleur ; ainsi pour le coloris de la chair : teint chez les Anciens, mais chez les Italiens la <em>vaghezza<\/em>, la <em>morbidezza<\/em> ordonn\u00e9es par la <em>regola del colore<\/em> chez un Lomazzo (119 p.).<br \/>\nEn conclusion, les trait\u00e9s humanistes sur l\u2019art \u00e9laborent un concept du nu tripartite (corps\/esprit\/\u00e2me) mais unifi\u00e9 par le mouvement au sein de la figure humaine selon les cat\u00e9gories (statuts) de<em> forma, figura et species<\/em>. Suivent une bibliographie s\u00e9lective et de belles illustrations en couleur. Le lecteur diligent pourra regretter l\u2019absence d\u2019un <em>Index nominum<\/em> \u2014 mais le volume de l\u2019ouvrage explique cela.<\/p>\n<p>Florence Vuilleumier Laurens<\/p>\n<p>Source : Cette recension a \u00e9t\u00e9 publi\u00e9e dans le<a href=\"https:\/\/www.semen-l.org\/?p=2391\"> Bulletin de liaison n\u00b020 (d\u00e9cembre 2022)<\/a> de la SEMEN-L (p. 45-46).<\/p>\n","protected":false},"excerpt":{"rendered":"<p>\u00c9milie S\u00c9RIS, Solus homo nudus, solum animal sapiens. Th\u00e9ories humanistes du nu (XVe-XVIe si\u00e8cles), coll. \u00ab H\u03a6R. Philosophie hell\u00e9nistique et romaine \u00bb, Turnhout, Brepols, 2021, 499 p. + 31 planches couleur. Pendant du colloque organis\u00e9 et publi\u00e9 par la m\u00eame &hellip; <a href=\"http:\/\/www.semen-l.org\/?p=3013\">Continuer la lecture <span class=\"meta-nav\">&rarr;<\/span><\/a><\/p>\n","protected":false},"author":26,"featured_media":0,"comment_status":"open","ping_status":"open","sticky":false,"template":"","format":"standard","meta":{"footnotes":""},"categories":[1825],"tags":[1877,813,92,1883,248,1885,1830,1882,1874,1881,130,1879,1871,309,1060,1875,1884,698,1887,144,1872,1880,723,291,142,223,100,1873,1886,1876,1870,1878,1697],"class_list":["post-3013","post","type-post","status-publish","format-standard","hentry","category-recensions","tag-adamantius","tag-aristote-pseudo","tag-art","tag-cennini-cennino","tag-corps","tag-danti-vincenzo","tag-de-arte-gymnastica-mercuriale","tag-de-corporis-humani-harmonia-lyege","tag-de-pictura-alberti","tag-de-usu-partium-galien","tag-lodovico-dolce","tag-durer-albrecht","tag-ethologie","tag-ficin-marsile","tag-galien","tag-gauricus-lucas","tag-ghiberti-lorenzo","tag-hippocrate","tag-huarte-juan","tag-humanisme","tag-lomazzo-giovanni-paolo","tag-lyege-jean","tag-mercuriale-girolamo","tag-neoplatonisme","tag-nifo-agostino","tag-nu","tag-peinture","tag-physiognomonica-pseudo-aristote","tag-physiognomonie","tag-polemon","tag-sexe","tag-symetrie","tag-zoologie"],"yoast_head":"<!-- This site is optimized with the Yoast SEO plugin v27.5 - https:\/\/yoast.com\/product\/yoast-seo-wordpress\/ -->\n<title>\u00c9milie S\u00c9RIS, Solus homo nudus, solum animal sapiens. Th\u00e9ories humanistes du nu (XVe-XVIe si\u00e8cles), Turnhout, Brepols, 2021 (Florence Vuilleumier Laurens) - Soci\u00e9t\u00e9 d&#039;\u00c9tudes M\u00e9dio Et N\u00e9o-Latines<\/title>\n<meta name=\"robots\" content=\"index, follow, max-snippet:-1, max-image-preview:large, max-video-preview:-1\" \/>\n<link rel=\"canonical\" href=\"http:\/\/www.semen-l.org\/?p=3013\" \/>\n<meta property=\"og:locale\" content=\"fr_FR\" \/>\n<meta property=\"og:type\" content=\"article\" \/>\n<meta property=\"og:title\" content=\"\u00c9milie S\u00c9RIS, Solus homo nudus, solum animal sapiens. Th\u00e9ories humanistes du nu (XVe-XVIe si\u00e8cles), Turnhout, Brepols, 2021 (Florence Vuilleumier Laurens) - Soci\u00e9t\u00e9 d&#039;\u00c9tudes M\u00e9dio Et N\u00e9o-Latines\" \/>\n<meta property=\"og:description\" content=\"\u00c9milie S\u00c9RIS, Solus homo nudus, solum animal sapiens. Th\u00e9ories humanistes du nu (XVe-XVIe si\u00e8cles), coll. \u00ab H\u03a6R. Philosophie hell\u00e9nistique et romaine \u00bb, Turnhout, Brepols, 2021, 499 p. + 31 planches couleur. Pendant du colloque organis\u00e9 et publi\u00e9 par la m\u00eame &hellip; Continuer la lecture &rarr;\" \/>\n<meta property=\"og:url\" content=\"http:\/\/www.semen-l.org\/?p=3013\" \/>\n<meta property=\"og:site_name\" content=\"Soci\u00e9t\u00e9 d&#039;\u00c9tudes M\u00e9dio Et N\u00e9o-Latines\" \/>\n<meta property=\"article:publisher\" content=\"https:\/\/www.facebook.com\/SEMENL2018\" \/>\n<meta property=\"article:published_time\" content=\"2022-12-07T18:04:52+00:00\" \/>\n<meta property=\"article:modified_time\" content=\"2024-02-07T18:19:48+00:00\" \/>\n<meta name=\"author\" content=\"Julien Maudoux\" \/>\n<meta name=\"twitter:card\" content=\"summary_large_image\" \/>\n<meta name=\"twitter:label1\" content=\"\u00c9crit par\" \/>\n\t<meta name=\"twitter:data1\" content=\"Julien Maudoux\" \/>\n\t<meta name=\"twitter:label2\" content=\"Dur\u00e9e de lecture estim\u00e9e\" \/>\n\t<meta name=\"twitter:data2\" content=\"4 minutes\" \/>\n<script type=\"application\/ld+json\" class=\"yoast-schema-graph\">{\"@context\":\"https:\\\/\\\/schema.org\",\"@graph\":[{\"@type\":\"Article\",\"@id\":\"http:\\\/\\\/www.semen-l.org\\\/?p=3013#article\",\"isPartOf\":{\"@id\":\"http:\\\/\\\/www.semen-l.org\\\/?p=3013\"},\"author\":{\"name\":\"Julien Maudoux\",\"@id\":\"http:\\\/\\\/www.semen-l.org\\\/#\\\/schema\\\/person\\\/ef5208815f17666727763c5363a51344\"},\"headline\":\"\u00c9milie S\u00c9RIS, Solus homo nudus, solum animal sapiens. Th\u00e9ories humanistes du nu (XVe-XVIe si\u00e8cles), Turnhout, Brepols, 2021 (Florence Vuilleumier Laurens)\",\"datePublished\":\"2022-12-07T18:04:52+00:00\",\"dateModified\":\"2024-02-07T18:19:48+00:00\",\"mainEntityOfPage\":{\"@id\":\"http:\\\/\\\/www.semen-l.org\\\/?p=3013\"},\"wordCount\":891,\"commentCount\":0,\"publisher\":{\"@id\":\"http:\\\/\\\/www.semen-l.org\\\/#organization\"},\"keywords\":[\"Adamantius\",\"Aristote (Pseudo)\",\"art\",\"Cennini (Cennino)\",\"corps\",\"Danti (Vincenzo)\",\"De arte gymnastica (Mercuriale)\",\"De Corporis humani harmonia (Jean Ly\u00e8ge)\",\"De Pictura (Alberti)\",\"De usu partium (Galien)\",\"Dolce (Lodovico)\",\"D\u00fcrer (Albrecht)\",\"\u00e9thologie\",\"Ficin (Marsile)\",\"Galien\",\"Gauricus (Lucas)\",\"Ghiberti (Lorenzo)\",\"Hippocrate\",\"Huarte (Juan)\",\"humanisme\",\"Lomazzo (Giovanni Paolo)\",\"Ly\u00e8ge (Jean)\",\"Mercuriale (Girolamo)\",\"n\u00e9oplatonisme\",\"Nifo (Agostino)\",\"nu\",\"peinture\",\"Physiognomonica (Pseudo-Aristote)\",\"physiognomonie\",\"Pol\u00e9mon\",\"sexe\",\"sym\u00e9trie\",\"zoologie\"],\"articleSection\":[\"Recensions\"],\"inLanguage\":\"fr-FR\",\"potentialAction\":[{\"@type\":\"CommentAction\",\"name\":\"Comment\",\"target\":[\"http:\\\/\\\/www.semen-l.org\\\/?p=3013#respond\"]}]},{\"@type\":\"WebPage\",\"@id\":\"http:\\\/\\\/www.semen-l.org\\\/?p=3013\",\"url\":\"http:\\\/\\\/www.semen-l.org\\\/?p=3013\",\"name\":\"\u00c9milie S\u00c9RIS, Solus homo nudus, solum animal sapiens. Th\u00e9ories humanistes du nu (XVe-XVIe si\u00e8cles), Turnhout, Brepols, 2021 (Florence Vuilleumier Laurens) - Soci\u00e9t\u00e9 d&#039;\u00c9tudes M\u00e9dio Et N\u00e9o-Latines\",\"isPartOf\":{\"@id\":\"http:\\\/\\\/www.semen-l.org\\\/#website\"},\"datePublished\":\"2022-12-07T18:04:52+00:00\",\"dateModified\":\"2024-02-07T18:19:48+00:00\",\"breadcrumb\":{\"@id\":\"http:\\\/\\\/www.semen-l.org\\\/?p=3013#breadcrumb\"},\"inLanguage\":\"fr-FR\",\"potentialAction\":[{\"@type\":\"ReadAction\",\"target\":[\"http:\\\/\\\/www.semen-l.org\\\/?p=3013\"]}]},{\"@type\":\"BreadcrumbList\",\"@id\":\"http:\\\/\\\/www.semen-l.org\\\/?p=3013#breadcrumb\",\"itemListElement\":[{\"@type\":\"ListItem\",\"position\":1,\"name\":\"Accueil\",\"item\":\"http:\\\/\\\/www.semen-l.org\\\/\"},{\"@type\":\"ListItem\",\"position\":2,\"name\":\"\u00c9milie S\u00c9RIS, Solus homo nudus, solum animal sapiens. Th\u00e9ories humanistes du nu (XVe-XVIe si\u00e8cles), Turnhout, Brepols, 2021 (Florence Vuilleumier Laurens)\"}]},{\"@type\":\"WebSite\",\"@id\":\"http:\\\/\\\/www.semen-l.org\\\/#website\",\"url\":\"http:\\\/\\\/www.semen-l.org\\\/\",\"name\":\"Soci\u00e9t\u00e9 d'\u00c9tudes M\u00e9dio Et N\u00e9o-Latines\",\"description\":\"\",\"publisher\":{\"@id\":\"http:\\\/\\\/www.semen-l.org\\\/#organization\"},\"potentialAction\":[{\"@type\":\"SearchAction\",\"target\":{\"@type\":\"EntryPoint\",\"urlTemplate\":\"http:\\\/\\\/www.semen-l.org\\\/?s={search_term_string}\"},\"query-input\":{\"@type\":\"PropertyValueSpecification\",\"valueRequired\":true,\"valueName\":\"search_term_string\"}}],\"inLanguage\":\"fr-FR\"},{\"@type\":\"Organization\",\"@id\":\"http:\\\/\\\/www.semen-l.org\\\/#organization\",\"name\":\"Soci\u00e9t\u00e9 d'\u00e9tudes m\u00e9dio et n\u00e9o-latines\",\"url\":\"http:\\\/\\\/www.semen-l.org\\\/\",\"logo\":{\"@type\":\"ImageObject\",\"inLanguage\":\"fr-FR\",\"@id\":\"http:\\\/\\\/www.semen-l.org\\\/#\\\/schema\\\/logo\\\/image\\\/\",\"url\":\"http:\\\/\\\/www.semen-l.org\\\/wp-content\\\/uploads\\\/2020\\\/11\\\/logo-semenl.jpg\",\"contentUrl\":\"http:\\\/\\\/www.semen-l.org\\\/wp-content\\\/uploads\\\/2020\\\/11\\\/logo-semenl.jpg\",\"width\":408,\"height\":403,\"caption\":\"Soci\u00e9t\u00e9 d'\u00e9tudes m\u00e9dio et n\u00e9o-latines\"},\"image\":{\"@id\":\"http:\\\/\\\/www.semen-l.org\\\/#\\\/schema\\\/logo\\\/image\\\/\"},\"sameAs\":[\"https:\\\/\\\/www.facebook.com\\\/SEMENL2018\",\"https:\\\/\\\/independent.academia.edu\\\/SocitsdtudesmdioetnolatinesSEMENL\"]},{\"@type\":\"Person\",\"@id\":\"http:\\\/\\\/www.semen-l.org\\\/#\\\/schema\\\/person\\\/ef5208815f17666727763c5363a51344\",\"name\":\"Julien Maudoux\",\"image\":{\"@type\":\"ImageObject\",\"inLanguage\":\"fr-FR\",\"@id\":\"https:\\\/\\\/secure.gravatar.com\\\/avatar\\\/caabf4fb6242e2277733cd35a5c2aa083761ea25dae1d1ff3298b54292225292?s=96&d=mm&r=g\",\"url\":\"https:\\\/\\\/secure.gravatar.com\\\/avatar\\\/caabf4fb6242e2277733cd35a5c2aa083761ea25dae1d1ff3298b54292225292?s=96&d=mm&r=g\",\"contentUrl\":\"https:\\\/\\\/secure.gravatar.com\\\/avatar\\\/caabf4fb6242e2277733cd35a5c2aa083761ea25dae1d1ff3298b54292225292?s=96&d=mm&r=g\",\"caption\":\"Julien Maudoux\"},\"description\":\"Webmestre du site de la SEMEN-L\",\"url\":\"http:\\\/\\\/www.semen-l.org\\\/?author=26\"}]}<\/script>\n<!-- \/ Yoast SEO plugin. -->","yoast_head_json":{"title":"\u00c9milie S\u00c9RIS, Solus homo nudus, solum animal sapiens. Th\u00e9ories humanistes du nu (XVe-XVIe si\u00e8cles), Turnhout, Brepols, 2021 (Florence Vuilleumier Laurens) - Soci\u00e9t\u00e9 d&#039;\u00c9tudes M\u00e9dio Et N\u00e9o-Latines","robots":{"index":"index","follow":"follow","max-snippet":"max-snippet:-1","max-image-preview":"max-image-preview:large","max-video-preview":"max-video-preview:-1"},"canonical":"http:\/\/www.semen-l.org\/?p=3013","og_locale":"fr_FR","og_type":"article","og_title":"\u00c9milie S\u00c9RIS, Solus homo nudus, solum animal sapiens. Th\u00e9ories humanistes du nu (XVe-XVIe si\u00e8cles), Turnhout, Brepols, 2021 (Florence Vuilleumier Laurens) - Soci\u00e9t\u00e9 d&#039;\u00c9tudes M\u00e9dio Et N\u00e9o-Latines","og_description":"\u00c9milie S\u00c9RIS, Solus homo nudus, solum animal sapiens. Th\u00e9ories humanistes du nu (XVe-XVIe si\u00e8cles), coll. \u00ab H\u03a6R. Philosophie hell\u00e9nistique et romaine \u00bb, Turnhout, Brepols, 2021, 499 p. + 31 planches couleur. Pendant du colloque organis\u00e9 et publi\u00e9 par la m\u00eame &hellip; Continuer la lecture &rarr;","og_url":"http:\/\/www.semen-l.org\/?p=3013","og_site_name":"Soci\u00e9t\u00e9 d&#039;\u00c9tudes M\u00e9dio Et N\u00e9o-Latines","article_publisher":"https:\/\/www.facebook.com\/SEMENL2018","article_published_time":"2022-12-07T18:04:52+00:00","article_modified_time":"2024-02-07T18:19:48+00:00","author":"Julien Maudoux","twitter_card":"summary_large_image","twitter_misc":{"\u00c9crit par":"Julien Maudoux","Dur\u00e9e de lecture estim\u00e9e":"4 minutes"},"schema":{"@context":"https:\/\/schema.org","@graph":[{"@type":"Article","@id":"http:\/\/www.semen-l.org\/?p=3013#article","isPartOf":{"@id":"http:\/\/www.semen-l.org\/?p=3013"},"author":{"name":"Julien Maudoux","@id":"http:\/\/www.semen-l.org\/#\/schema\/person\/ef5208815f17666727763c5363a51344"},"headline":"\u00c9milie S\u00c9RIS, Solus homo nudus, solum animal sapiens. Th\u00e9ories humanistes du nu (XVe-XVIe si\u00e8cles), Turnhout, Brepols, 2021 (Florence Vuilleumier Laurens)","datePublished":"2022-12-07T18:04:52+00:00","dateModified":"2024-02-07T18:19:48+00:00","mainEntityOfPage":{"@id":"http:\/\/www.semen-l.org\/?p=3013"},"wordCount":891,"commentCount":0,"publisher":{"@id":"http:\/\/www.semen-l.org\/#organization"},"keywords":["Adamantius","Aristote (Pseudo)","art","Cennini (Cennino)","corps","Danti (Vincenzo)","De arte gymnastica (Mercuriale)","De Corporis humani harmonia (Jean Ly\u00e8ge)","De Pictura (Alberti)","De usu partium (Galien)","Dolce (Lodovico)","D\u00fcrer (Albrecht)","\u00e9thologie","Ficin (Marsile)","Galien","Gauricus (Lucas)","Ghiberti (Lorenzo)","Hippocrate","Huarte (Juan)","humanisme","Lomazzo (Giovanni Paolo)","Ly\u00e8ge (Jean)","Mercuriale (Girolamo)","n\u00e9oplatonisme","Nifo (Agostino)","nu","peinture","Physiognomonica (Pseudo-Aristote)","physiognomonie","Pol\u00e9mon","sexe","sym\u00e9trie","zoologie"],"articleSection":["Recensions"],"inLanguage":"fr-FR","potentialAction":[{"@type":"CommentAction","name":"Comment","target":["http:\/\/www.semen-l.org\/?p=3013#respond"]}]},{"@type":"WebPage","@id":"http:\/\/www.semen-l.org\/?p=3013","url":"http:\/\/www.semen-l.org\/?p=3013","name":"\u00c9milie S\u00c9RIS, Solus homo nudus, solum animal sapiens. Th\u00e9ories humanistes du nu (XVe-XVIe si\u00e8cles), Turnhout, Brepols, 2021 (Florence Vuilleumier Laurens) - Soci\u00e9t\u00e9 d&#039;\u00c9tudes M\u00e9dio Et N\u00e9o-Latines","isPartOf":{"@id":"http:\/\/www.semen-l.org\/#website"},"datePublished":"2022-12-07T18:04:52+00:00","dateModified":"2024-02-07T18:19:48+00:00","breadcrumb":{"@id":"http:\/\/www.semen-l.org\/?p=3013#breadcrumb"},"inLanguage":"fr-FR","potentialAction":[{"@type":"ReadAction","target":["http:\/\/www.semen-l.org\/?p=3013"]}]},{"@type":"BreadcrumbList","@id":"http:\/\/www.semen-l.org\/?p=3013#breadcrumb","itemListElement":[{"@type":"ListItem","position":1,"name":"Accueil","item":"http:\/\/www.semen-l.org\/"},{"@type":"ListItem","position":2,"name":"\u00c9milie S\u00c9RIS, Solus homo nudus, solum animal sapiens. Th\u00e9ories humanistes du nu (XVe-XVIe si\u00e8cles), Turnhout, Brepols, 2021 (Florence Vuilleumier Laurens)"}]},{"@type":"WebSite","@id":"http:\/\/www.semen-l.org\/#website","url":"http:\/\/www.semen-l.org\/","name":"Soci\u00e9t\u00e9 d'\u00c9tudes M\u00e9dio Et N\u00e9o-Latines","description":"","publisher":{"@id":"http:\/\/www.semen-l.org\/#organization"},"potentialAction":[{"@type":"SearchAction","target":{"@type":"EntryPoint","urlTemplate":"http:\/\/www.semen-l.org\/?s={search_term_string}"},"query-input":{"@type":"PropertyValueSpecification","valueRequired":true,"valueName":"search_term_string"}}],"inLanguage":"fr-FR"},{"@type":"Organization","@id":"http:\/\/www.semen-l.org\/#organization","name":"Soci\u00e9t\u00e9 d'\u00e9tudes m\u00e9dio et n\u00e9o-latines","url":"http:\/\/www.semen-l.org\/","logo":{"@type":"ImageObject","inLanguage":"fr-FR","@id":"http:\/\/www.semen-l.org\/#\/schema\/logo\/image\/","url":"http:\/\/www.semen-l.org\/wp-content\/uploads\/2020\/11\/logo-semenl.jpg","contentUrl":"http:\/\/www.semen-l.org\/wp-content\/uploads\/2020\/11\/logo-semenl.jpg","width":408,"height":403,"caption":"Soci\u00e9t\u00e9 d'\u00e9tudes m\u00e9dio et n\u00e9o-latines"},"image":{"@id":"http:\/\/www.semen-l.org\/#\/schema\/logo\/image\/"},"sameAs":["https:\/\/www.facebook.com\/SEMENL2018","https:\/\/independent.academia.edu\/SocitsdtudesmdioetnolatinesSEMENL"]},{"@type":"Person","@id":"http:\/\/www.semen-l.org\/#\/schema\/person\/ef5208815f17666727763c5363a51344","name":"Julien Maudoux","image":{"@type":"ImageObject","inLanguage":"fr-FR","@id":"https:\/\/secure.gravatar.com\/avatar\/caabf4fb6242e2277733cd35a5c2aa083761ea25dae1d1ff3298b54292225292?s=96&d=mm&r=g","url":"https:\/\/secure.gravatar.com\/avatar\/caabf4fb6242e2277733cd35a5c2aa083761ea25dae1d1ff3298b54292225292?s=96&d=mm&r=g","contentUrl":"https:\/\/secure.gravatar.com\/avatar\/caabf4fb6242e2277733cd35a5c2aa083761ea25dae1d1ff3298b54292225292?s=96&d=mm&r=g","caption":"Julien Maudoux"},"description":"Webmestre du site de la SEMEN-L","url":"http:\/\/www.semen-l.org\/?author=26"}]}},"jetpack_featured_media_url":"","_links":{"self":[{"href":"http:\/\/www.semen-l.org\/index.php?rest_route=\/wp\/v2\/posts\/3013","targetHints":{"allow":["GET"]}}],"collection":[{"href":"http:\/\/www.semen-l.org\/index.php?rest_route=\/wp\/v2\/posts"}],"about":[{"href":"http:\/\/www.semen-l.org\/index.php?rest_route=\/wp\/v2\/types\/post"}],"author":[{"embeddable":true,"href":"http:\/\/www.semen-l.org\/index.php?rest_route=\/wp\/v2\/users\/26"}],"replies":[{"embeddable":true,"href":"http:\/\/www.semen-l.org\/index.php?rest_route=%2Fwp%2Fv2%2Fcomments&post=3013"}],"version-history":[{"count":0,"href":"http:\/\/www.semen-l.org\/index.php?rest_route=\/wp\/v2\/posts\/3013\/revisions"}],"wp:attachment":[{"href":"http:\/\/www.semen-l.org\/index.php?rest_route=%2Fwp%2Fv2%2Fmedia&parent=3013"}],"wp:term":[{"taxonomy":"category","embeddable":true,"href":"http:\/\/www.semen-l.org\/index.php?rest_route=%2Fwp%2Fv2%2Fcategories&post=3013"},{"taxonomy":"post_tag","embeddable":true,"href":"http:\/\/www.semen-l.org\/index.php?rest_route=%2Fwp%2Fv2%2Ftags&post=3013"}],"curies":[{"name":"wp","href":"https:\/\/api.w.org\/{rel}","templated":true}]}}