{"id":289,"date":"2015-10-07T07:26:45","date_gmt":"2015-10-07T07:26:45","guid":{"rendered":"http:\/\/www.semen-l.org\/?p=289"},"modified":"2015-10-07T07:26:45","modified_gmt":"2015-10-07T07:26:45","slug":"lintime-de-lantiquite-a-nos-jours-appel-a-communication","status":"publish","type":"post","link":"http:\/\/www.semen-l.org\/?p=289","title":{"rendered":"L&rsquo;intime de l&rsquo;Antiquit\u00e9 \u00e0 nos jours &#8211; Appel \u00e0 communication"},"content":{"rendered":"<p>Mme G. Puccini , MCF habilit\u00e9e de l&rsquo;universit\u00e9 Bordeaux Montaigne, pr\u00e9pare actuellement deux\u00a0colloques internationaux pluridisciplinaires centr\u00e9s sur la notion d&rsquo;intime.<\/p>\n<p>Date limite d&rsquo;envoi : 30 novembre 2015<\/p>\n<p>Ci-apr\u00e8s le lien pour l&rsquo;argumentaire et l&rsquo;appel \u00e0 communication:<\/p>\n<p><a href=\"http:\/\/www.semen-l.org\/wp-content\/uploads\/2015\/10\/Appel-\u00e0-Communication-L_intime.pdf\">_Appel \u00e0 Communication-L_&rsquo;intime<\/a><\/p>\n","protected":false},"excerpt":{"rendered":"<p>Mme G. Puccini , MCF habilit\u00e9e de l&rsquo;universit\u00e9 Bordeaux Montaigne, pr\u00e9pare actuellement deux\u00a0colloques internationaux pluridisciplinaires centr\u00e9s sur la notion d&rsquo;intime. Date limite d&rsquo;envoi : 30 novembre 2015 Ci-apr\u00e8s le lien pour l&rsquo;argumentaire et l&rsquo;appel \u00e0 communication: _Appel \u00e0 Communication-L_&rsquo;intime<\/p>\n","protected":false},"author":8,"featured_media":0,"comment_status":"open","ping_status":"open","sticky":false,"template":"","format":"standard","meta":{"footnotes":""},"categories":[4],"tags":[],"class_list":["post-289","post","type-post","status-publish","format-standard","hentry","category-colloques"],"yoast_head":"<!-- This site is optimized with the Yoast SEO plugin v27.5 - https:\/\/yoast.com\/product\/yoast-seo-wordpress\/ -->\n<title>L&#039;intime de l&#039;Antiquit\u00e9 \u00e0 nos jours - Appel \u00e0 communication - Soci\u00e9t\u00e9 d&#039;\u00c9tudes M\u00e9dio Et N\u00e9o-Latines<\/title>\n<meta name=\"robots\" content=\"index, follow, max-snippet:-1, max-image-preview:large, max-video-preview:-1\" \/>\n<link rel=\"canonical\" href=\"http:\/\/www.semen-l.org\/?p=289\" \/>\n<meta property=\"og:locale\" content=\"fr_FR\" \/>\n<meta property=\"og:type\" content=\"article\" \/>\n<meta property=\"og:title\" content=\"L&#039;intime de l&#039;Antiquit\u00e9 \u00e0 nos jours - Appel \u00e0 communication - Soci\u00e9t\u00e9 d&#039;\u00c9tudes M\u00e9dio Et N\u00e9o-Latines\" \/>\n<meta property=\"og:description\" content=\"Mme G. Puccini , MCF habilit\u00e9e de l&rsquo;universit\u00e9 Bordeaux Montaigne, pr\u00e9pare actuellement deux\u00a0colloques internationaux pluridisciplinaires centr\u00e9s sur la notion d&rsquo;intime. Date limite d&rsquo;envoi : 30 novembre 2015 Ci-apr\u00e8s le lien pour l&rsquo;argumentaire et l&rsquo;appel \u00e0 communication: _Appel \u00e0 Communication-L_&rsquo;intime\" \/>\n<meta property=\"og:url\" content=\"http:\/\/www.semen-l.org\/?p=289\" \/>\n<meta property=\"og:site_name\" content=\"Soci\u00e9t\u00e9 d&#039;\u00c9tudes M\u00e9dio Et N\u00e9o-Latines\" \/>\n<meta property=\"article:publisher\" content=\"https:\/\/www.facebook.com\/SEMENL2018\" \/>\n<meta property=\"article:published_time\" content=\"2015-10-07T07:26:45+00:00\" \/>\n<meta name=\"author\" content=\"Bouscharain\" \/>\n<meta name=\"twitter:card\" content=\"summary_large_image\" \/>\n<meta name=\"twitter:label1\" content=\"\u00c9crit par\" \/>\n\t<meta name=\"twitter:data1\" content=\"Bouscharain\" \/>\n<script type=\"application\/ld+json\" class=\"yoast-schema-graph\">{\"@context\":\"https:\\\/\\\/schema.org\",\"@graph\":[{\"@type\":\"Article\",\"@id\":\"http:\\\/\\\/www.semen-l.org\\\/?p=289#article\",\"isPartOf\":{\"@id\":\"http:\\\/\\\/www.semen-l.org\\\/?p=289\"},\"author\":{\"name\":\"Bouscharain\",\"@id\":\"http:\\\/\\\/www.semen-l.org\\\/#\\\/schema\\\/person\\\/773d8aed3467aa8e7dc3f80cf7bf4aa7\"},\"headline\":\"L&rsquo;intime de l&rsquo;Antiquit\u00e9 \u00e0 nos jours &#8211; Appel \u00e0 communication\",\"datePublished\":\"2015-10-07T07:26:45+00:00\",\"mainEntityOfPage\":{\"@id\":\"http:\\\/\\\/www.semen-l.org\\\/?p=289\"},\"wordCount\":54,\"commentCount\":0,\"publisher\":{\"@id\":\"http:\\\/\\\/www.semen-l.org\\\/#organization\"},\"articleSection\":[\"Colloques\"],\"inLanguage\":\"fr-FR\",\"potentialAction\":[{\"@type\":\"CommentAction\",\"name\":\"Comment\",\"target\":[\"http:\\\/\\\/www.semen-l.org\\\/?p=289#respond\"]}]},{\"@type\":\"WebPage\",\"@id\":\"http:\\\/\\\/www.semen-l.org\\\/?p=289\",\"url\":\"http:\\\/\\\/www.semen-l.org\\\/?p=289\",\"name\":\"L'intime de l'Antiquit\u00e9 \u00e0 nos jours - Appel \u00e0 communication - Soci\u00e9t\u00e9 d&#039;\u00c9tudes M\u00e9dio Et N\u00e9o-Latines\",\"isPartOf\":{\"@id\":\"http:\\\/\\\/www.semen-l.org\\\/#website\"},\"datePublished\":\"2015-10-07T07:26:45+00:00\",\"breadcrumb\":{\"@id\":\"http:\\\/\\\/www.semen-l.org\\\/?p=289#breadcrumb\"},\"inLanguage\":\"fr-FR\",\"potentialAction\":[{\"@type\":\"ReadAction\",\"target\":[\"http:\\\/\\\/www.semen-l.org\\\/?p=289\"]}]},{\"@type\":\"BreadcrumbList\",\"@id\":\"http:\\\/\\\/www.semen-l.org\\\/?p=289#breadcrumb\",\"itemListElement\":[{\"@type\":\"ListItem\",\"position\":1,\"name\":\"Accueil\",\"item\":\"http:\\\/\\\/www.semen-l.org\\\/\"},{\"@type\":\"ListItem\",\"position\":2,\"name\":\"L&rsquo;intime de l&rsquo;Antiquit\u00e9 \u00e0 nos jours &#8211; Appel \u00e0 communication\"}]},{\"@type\":\"WebSite\",\"@id\":\"http:\\\/\\\/www.semen-l.org\\\/#website\",\"url\":\"http:\\\/\\\/www.semen-l.org\\\/\",\"name\":\"Soci\u00e9t\u00e9 d'\u00c9tudes M\u00e9dio Et N\u00e9o-Latines\",\"description\":\"\",\"publisher\":{\"@id\":\"http:\\\/\\\/www.semen-l.org\\\/#organization\"},\"potentialAction\":[{\"@type\":\"SearchAction\",\"target\":{\"@type\":\"EntryPoint\",\"urlTemplate\":\"http:\\\/\\\/www.semen-l.org\\\/?s={search_term_string}\"},\"query-input\":{\"@type\":\"PropertyValueSpecification\",\"valueRequired\":true,\"valueName\":\"search_term_string\"}}],\"inLanguage\":\"fr-FR\"},{\"@type\":\"Organization\",\"@id\":\"http:\\\/\\\/www.semen-l.org\\\/#organization\",\"name\":\"Soci\u00e9t\u00e9 d'\u00e9tudes m\u00e9dio et n\u00e9o-latines\",\"url\":\"http:\\\/\\\/www.semen-l.org\\\/\",\"logo\":{\"@type\":\"ImageObject\",\"inLanguage\":\"fr-FR\",\"@id\":\"http:\\\/\\\/www.semen-l.org\\\/#\\\/schema\\\/logo\\\/image\\\/\",\"url\":\"http:\\\/\\\/www.semen-l.org\\\/wp-content\\\/uploads\\\/2020\\\/11\\\/logo-semenl.jpg\",\"contentUrl\":\"http:\\\/\\\/www.semen-l.org\\\/wp-content\\\/uploads\\\/2020\\\/11\\\/logo-semenl.jpg\",\"width\":408,\"height\":403,\"caption\":\"Soci\u00e9t\u00e9 d'\u00e9tudes m\u00e9dio et n\u00e9o-latines\"},\"image\":{\"@id\":\"http:\\\/\\\/www.semen-l.org\\\/#\\\/schema\\\/logo\\\/image\\\/\"},\"sameAs\":[\"https:\\\/\\\/www.facebook.com\\\/SEMENL2018\",\"https:\\\/\\\/independent.academia.edu\\\/SocitsdtudesmdioetnolatinesSEMENL\"]},{\"@type\":\"Person\",\"@id\":\"http:\\\/\\\/www.semen-l.org\\\/#\\\/schema\\\/person\\\/773d8aed3467aa8e7dc3f80cf7bf4aa7\",\"name\":\"Bouscharain\",\"image\":{\"@type\":\"ImageObject\",\"inLanguage\":\"fr-FR\",\"@id\":\"https:\\\/\\\/secure.gravatar.com\\\/avatar\\\/42cf449c03e9c23ff1fd9f5ec2adf4715b4c020b67a8bc21ce2c4a040e67eae3?s=96&d=mm&r=g\",\"url\":\"https:\\\/\\\/secure.gravatar.com\\\/avatar\\\/42cf449c03e9c23ff1fd9f5ec2adf4715b4c020b67a8bc21ce2c4a040e67eae3?s=96&d=mm&r=g\",\"contentUrl\":\"https:\\\/\\\/secure.gravatar.com\\\/avatar\\\/42cf449c03e9c23ff1fd9f5ec2adf4715b4c020b67a8bc21ce2c4a040e67eae3?s=96&d=mm&r=g\",\"caption\":\"Bouscharain\"},\"url\":\"http:\\\/\\\/www.semen-l.org\\\/?author=8\"}]}<\/script>\n<!-- \/ Yoast SEO plugin. -->","yoast_head_json":{"title":"L'intime de l'Antiquit\u00e9 \u00e0 nos jours - Appel \u00e0 communication - Soci\u00e9t\u00e9 d&#039;\u00c9tudes M\u00e9dio Et N\u00e9o-Latines","robots":{"index":"index","follow":"follow","max-snippet":"max-snippet:-1","max-image-preview":"max-image-preview:large","max-video-preview":"max-video-preview:-1"},"canonical":"http:\/\/www.semen-l.org\/?p=289","og_locale":"fr_FR","og_type":"article","og_title":"L'intime de l'Antiquit\u00e9 \u00e0 nos jours - Appel \u00e0 communication - Soci\u00e9t\u00e9 d&#039;\u00c9tudes M\u00e9dio Et N\u00e9o-Latines","og_description":"Mme G. Puccini , MCF habilit\u00e9e de l&rsquo;universit\u00e9 Bordeaux Montaigne, pr\u00e9pare actuellement deux\u00a0colloques internationaux pluridisciplinaires centr\u00e9s sur la notion d&rsquo;intime. Date limite d&rsquo;envoi : 30 novembre 2015 Ci-apr\u00e8s le lien pour l&rsquo;argumentaire et l&rsquo;appel \u00e0 communication: _Appel \u00e0 Communication-L_&rsquo;intime","og_url":"http:\/\/www.semen-l.org\/?p=289","og_site_name":"Soci\u00e9t\u00e9 d&#039;\u00c9tudes M\u00e9dio Et N\u00e9o-Latines","article_publisher":"https:\/\/www.facebook.com\/SEMENL2018","article_published_time":"2015-10-07T07:26:45+00:00","author":"Bouscharain","twitter_card":"summary_large_image","twitter_misc":{"\u00c9crit par":"Bouscharain"},"schema":{"@context":"https:\/\/schema.org","@graph":[{"@type":"Article","@id":"http:\/\/www.semen-l.org\/?p=289#article","isPartOf":{"@id":"http:\/\/www.semen-l.org\/?p=289"},"author":{"name":"Bouscharain","@id":"http:\/\/www.semen-l.org\/#\/schema\/person\/773d8aed3467aa8e7dc3f80cf7bf4aa7"},"headline":"L&rsquo;intime de l&rsquo;Antiquit\u00e9 \u00e0 nos jours &#8211; Appel \u00e0 communication","datePublished":"2015-10-07T07:26:45+00:00","mainEntityOfPage":{"@id":"http:\/\/www.semen-l.org\/?p=289"},"wordCount":54,"commentCount":0,"publisher":{"@id":"http:\/\/www.semen-l.org\/#organization"},"articleSection":["Colloques"],"inLanguage":"fr-FR","potentialAction":[{"@type":"CommentAction","name":"Comment","target":["http:\/\/www.semen-l.org\/?p=289#respond"]}]},{"@type":"WebPage","@id":"http:\/\/www.semen-l.org\/?p=289","url":"http:\/\/www.semen-l.org\/?p=289","name":"L'intime de l'Antiquit\u00e9 \u00e0 nos jours - Appel \u00e0 communication - Soci\u00e9t\u00e9 d&#039;\u00c9tudes M\u00e9dio Et N\u00e9o-Latines","isPartOf":{"@id":"http:\/\/www.semen-l.org\/#website"},"datePublished":"2015-10-07T07:26:45+00:00","breadcrumb":{"@id":"http:\/\/www.semen-l.org\/?p=289#breadcrumb"},"inLanguage":"fr-FR","potentialAction":[{"@type":"ReadAction","target":["http:\/\/www.semen-l.org\/?p=289"]}]},{"@type":"BreadcrumbList","@id":"http:\/\/www.semen-l.org\/?p=289#breadcrumb","itemListElement":[{"@type":"ListItem","position":1,"name":"Accueil","item":"http:\/\/www.semen-l.org\/"},{"@type":"ListItem","position":2,"name":"L&rsquo;intime de l&rsquo;Antiquit\u00e9 \u00e0 nos jours &#8211; Appel \u00e0 communication"}]},{"@type":"WebSite","@id":"http:\/\/www.semen-l.org\/#website","url":"http:\/\/www.semen-l.org\/","name":"Soci\u00e9t\u00e9 d'\u00c9tudes M\u00e9dio Et N\u00e9o-Latines","description":"","publisher":{"@id":"http:\/\/www.semen-l.org\/#organization"},"potentialAction":[{"@type":"SearchAction","target":{"@type":"EntryPoint","urlTemplate":"http:\/\/www.semen-l.org\/?s={search_term_string}"},"query-input":{"@type":"PropertyValueSpecification","valueRequired":true,"valueName":"search_term_string"}}],"inLanguage":"fr-FR"},{"@type":"Organization","@id":"http:\/\/www.semen-l.org\/#organization","name":"Soci\u00e9t\u00e9 d'\u00e9tudes m\u00e9dio et n\u00e9o-latines","url":"http:\/\/www.semen-l.org\/","logo":{"@type":"ImageObject","inLanguage":"fr-FR","@id":"http:\/\/www.semen-l.org\/#\/schema\/logo\/image\/","url":"http:\/\/www.semen-l.org\/wp-content\/uploads\/2020\/11\/logo-semenl.jpg","contentUrl":"http:\/\/www.semen-l.org\/wp-content\/uploads\/2020\/11\/logo-semenl.jpg","width":408,"height":403,"caption":"Soci\u00e9t\u00e9 d'\u00e9tudes m\u00e9dio et n\u00e9o-latines"},"image":{"@id":"http:\/\/www.semen-l.org\/#\/schema\/logo\/image\/"},"sameAs":["https:\/\/www.facebook.com\/SEMENL2018","https:\/\/independent.academia.edu\/SocitsdtudesmdioetnolatinesSEMENL"]},{"@type":"Person","@id":"http:\/\/www.semen-l.org\/#\/schema\/person\/773d8aed3467aa8e7dc3f80cf7bf4aa7","name":"Bouscharain","image":{"@type":"ImageObject","inLanguage":"fr-FR","@id":"https:\/\/secure.gravatar.com\/avatar\/42cf449c03e9c23ff1fd9f5ec2adf4715b4c020b67a8bc21ce2c4a040e67eae3?s=96&d=mm&r=g","url":"https:\/\/secure.gravatar.com\/avatar\/42cf449c03e9c23ff1fd9f5ec2adf4715b4c020b67a8bc21ce2c4a040e67eae3?s=96&d=mm&r=g","contentUrl":"https:\/\/secure.gravatar.com\/avatar\/42cf449c03e9c23ff1fd9f5ec2adf4715b4c020b67a8bc21ce2c4a040e67eae3?s=96&d=mm&r=g","caption":"Bouscharain"},"url":"http:\/\/www.semen-l.org\/?author=8"}]}},"jetpack_featured_media_url":"","_links":{"self":[{"href":"http:\/\/www.semen-l.org\/index.php?rest_route=\/wp\/v2\/posts\/289","targetHints":{"allow":["GET"]}}],"collection":[{"href":"http:\/\/www.semen-l.org\/index.php?rest_route=\/wp\/v2\/posts"}],"about":[{"href":"http:\/\/www.semen-l.org\/index.php?rest_route=\/wp\/v2\/types\/post"}],"author":[{"embeddable":true,"href":"http:\/\/www.semen-l.org\/index.php?rest_route=\/wp\/v2\/users\/8"}],"replies":[{"embeddable":true,"href":"http:\/\/www.semen-l.org\/index.php?rest_route=%2Fwp%2Fv2%2Fcomments&post=289"}],"version-history":[{"count":0,"href":"http:\/\/www.semen-l.org\/index.php?rest_route=\/wp\/v2\/posts\/289\/revisions"}],"wp:attachment":[{"href":"http:\/\/www.semen-l.org\/index.php?rest_route=%2Fwp%2Fv2%2Fmedia&parent=289"}],"wp:term":[{"taxonomy":"category","embeddable":true,"href":"http:\/\/www.semen-l.org\/index.php?rest_route=%2Fwp%2Fv2%2Fcategories&post=289"},{"taxonomy":"post_tag","embeddable":true,"href":"http:\/\/www.semen-l.org\/index.php?rest_route=%2Fwp%2Fv2%2Ftags&post=289"}],"curies":[{"name":"wp","href":"https:\/\/api.w.org\/{rel}","templated":true}]}}