{"id":278,"date":"2015-08-31T20:00:56","date_gmt":"2015-08-31T20:00:56","guid":{"rendered":"http:\/\/www.semen-l.org\/?p=278"},"modified":"2015-09-10T13:55:21","modified_gmt":"2015-09-10T13:55:21","slug":"appel-a-communications-colloque-international-boece-au-fils-du-temps","status":"publish","type":"post","link":"http:\/\/www.semen-l.org\/?p=278","title":{"rendered":"Appel \u00e0 communications, colloque international \u00ab\u00a0Bo\u00e8ce au fil du temps\u00a0\u00bb"},"content":{"rendered":"<p><b>BO\u00c8CE AU FIL DU TEMPS : LA R\u00c9CEPTION DE SON OEUVRE ET SON INFLUENCE\u00a0<\/b><b>SUR LES LETTRES EUROP\u00c9ENNES DU MOYEN \u00c2GE \u00c0 NOS JOURS\u00a0<\/b><\/p>\n<p><b>Colloque International organis\u00e9 en deux parties :\u00a0<\/b><\/p>\n<p><b>1. Universit\u00e9 de Reims, France, 2-3 Juin 2016 : \u00ab Litt\u00e9rature et Arts \u00bb\u00a0<\/b><\/p>\n<p><b>2. Universit\u00e9 de Valence, Espagne, 17-18 Novembre 2016 : \u00ab Th\u00e9ologie et Philosophie \u00bb<\/b><\/p>\n<p>Propositions \u00e0 adresser avant le 15 novembre 2015 pour le colloque de Reims, et avant le 15 janvier 2016 pour le colloque de Valence<\/p>\n<p>Pour ouvrir l&rsquo;appel \u00e0 communications complet, cliquez sur le lien suivant : <a href=\"http:\/\/www.semen-l.org\/wp-content\/uploads\/2015\/08\/Colloque-International-Bo\u00e8ce-Reims-Valence-2016.pdf\">Colloque International Bo\u00e8ce Reims-Valence 2016<\/a><\/p>\n<p><b>O<\/b><b>RGANISATION ET DIRECTION SCIENTIFIQUE\u00a0<\/b><\/p>\n<p>Alicia O\u00cfFFER-BOMSEL, Ma\u00eetre de conf\u00e9rences en Civilisation de l\u2019Espagne moderne \u00e0 l\u2019Universit\u00e9 de Reims Champagne-Ardenne (CIRLEP EA 4299).<\/p>\n<p>Sophie CONTE, Ma\u00eetre de conf\u00e9rences en Langue et Litt\u00e9rature latines \u00e0 l\u2019Universit\u00e9 de Reims Champagne-Ardenne (CRIMEL EA 3311).<\/p>\n<p>Mar\u00eda Elena CANTARINO SU\u00d1ER, Professeur titulaire de Philosophie morale et Philosophie politique \u00e0 l\u2019Universit\u00e9 de Valence, Espagne (GIUV2013-037).<\/p>\n<p><b>C<\/b><b>OMIT\u00c9 SCIENTIFIQUE\u00a0<\/b><\/p>\n<p>Jes\u00fas ALCOLEA BANEGAS, Professeur titulaire de Logique et de Philosophie des Sciences. Doyen de la Facult\u00e9 de Philosophie et de Sciences de l\u2019\u00c9ducation \u00e0 l\u2019Universit\u00e9 de Valence, Espagne.<\/p>\n<p>Jean-Fr\u00e9d\u00e9ric CHEVALIER, Professeur des Universit\u00e9s en Langue et Litt\u00e9rature latines (\u00e9tudes latines et n\u00e9o-latines) \u00e0 l\u2019Universit\u00e9 de Lorraine (Metz).<\/p>\n<p>Carmen CORT\u00c9S ZABORRAS, Professeur titulaire en Langue et Litt\u00e9rature fran\u00e7aise du Moyen \u00c2ge \u00e0 l\u2019Universit\u00e9 de M\u00e1laga.<\/p>\n<p>Christophe ERISMANN, Historien des id\u00e9es, Professeur de Philosophie m\u00e9di\u00e9vale \u00e0 l\u2019Universit\u00e9 de Lausanne.<\/p>\n<p>V\u00e9ronique G\u00c9LY, Professeur des Universit\u00e9s en Litt\u00e9rature g\u00e9n\u00e9rale et compar\u00e9e \u00e0 l\u2019Universit\u00e9 Paris-Sorbonne.<\/p>\n<p>Miren LACASSAGNE, Ma\u00eetre de conf\u00e9rences en Langue et Litt\u00e9rature m\u00e9di\u00e9vales \u00e0 l\u2019Universit\u00e9 de Reims Champagne-Ardenne.<\/p>\n<p>Alexandra MERLE, Professeur des Universit\u00e9s en Civilisation et Litt\u00e9rature de l\u2019Espagne moderne \u00e0 l\u2019Universit\u00e9 de Caen Basse-Normandie.<\/p>\n<p>Nicoletta PALMIERI, Professeur des Universit\u00e9s en Langue et Litt\u00e9rature latines (\u00e9poques antique et m\u00e9di\u00e9vale) \u00e0 l\u2019Universit\u00e9 de Reims Champagne-Ardenne.<\/p>\n<p>Rosa RIUS GATELL, Professeur titulaire d\u2019Histoire de la Philosophie de la Renaissance \u00e0 l\u2019Universit\u00e9 de Barcelone.<\/p>\n<p>Mar\u00eda Jes\u00fas SOTO-BRUNA, Professeur titulaire de Philosophie M\u00e9di\u00e9vale. Directrice de l\u2019Institut d\u2019\u00c9tudes M\u00e9di\u00e9vales de l\u2019Universit\u00e9 de Navarre.<\/p>\n<p>Christian TROTTMANN, Directeur de recherche en Philosophie au CNRS au Centre d\u2019\u00c9tudes Sup\u00e9rieures de la Renaissance de Tours.<\/p>\n<p>Vincent ZARINI, Professeur des Universit\u00e9s en Litt\u00e9rature latine de l\u2019Antiquit\u00e9 tardive \u00e0 l\u2019Universit\u00e9 Paris-Sorbonne.<\/p>\n","protected":false},"excerpt":{"rendered":"<p>BO\u00c8CE AU FIL DU TEMPS : LA R\u00c9CEPTION DE SON OEUVRE ET SON INFLUENCE\u00a0SUR LES LETTRES EUROP\u00c9ENNES DU MOYEN \u00c2GE \u00c0 NOS JOURS\u00a0 Colloque International organis\u00e9 en deux parties :\u00a0 1. Universit\u00e9 de Reims, France, 2-3 Juin 2016 : \u00ab &hellip; <a href=\"http:\/\/www.semen-l.org\/?p=278\">Continuer la lecture <span class=\"meta-nav\">&rarr;<\/span><\/a><\/p>\n","protected":false},"author":1,"featured_media":0,"comment_status":"open","ping_status":"open","sticky":false,"template":"","format":"standard","meta":{"footnotes":""},"categories":[4],"tags":[],"class_list":["post-278","post","type-post","status-publish","format-standard","hentry","category-colloques"],"yoast_head":"<!-- This site is optimized with the Yoast SEO plugin v27.5 - https:\/\/yoast.com\/product\/yoast-seo-wordpress\/ -->\n<title>Appel \u00e0 communications, colloque international &quot;Bo\u00e8ce au fil du temps&quot; - Soci\u00e9t\u00e9 d&#039;\u00c9tudes M\u00e9dio Et N\u00e9o-Latines<\/title>\n<meta name=\"robots\" content=\"index, follow, max-snippet:-1, max-image-preview:large, max-video-preview:-1\" \/>\n<link rel=\"canonical\" href=\"http:\/\/www.semen-l.org\/?p=278\" \/>\n<meta property=\"og:locale\" content=\"fr_FR\" \/>\n<meta property=\"og:type\" content=\"article\" \/>\n<meta property=\"og:title\" content=\"Appel \u00e0 communications, colloque international &quot;Bo\u00e8ce au fil du temps&quot; - Soci\u00e9t\u00e9 d&#039;\u00c9tudes M\u00e9dio Et N\u00e9o-Latines\" \/>\n<meta property=\"og:description\" content=\"BO\u00c8CE AU FIL DU TEMPS : LA R\u00c9CEPTION DE SON OEUVRE ET SON INFLUENCE\u00a0SUR LES LETTRES EUROP\u00c9ENNES DU MOYEN \u00c2GE \u00c0 NOS JOURS\u00a0 Colloque International organis\u00e9 en deux parties :\u00a0 1. Universit\u00e9 de Reims, France, 2-3 Juin 2016 : \u00ab &hellip; Continuer la lecture &rarr;\" \/>\n<meta property=\"og:url\" content=\"http:\/\/www.semen-l.org\/?p=278\" \/>\n<meta property=\"og:site_name\" content=\"Soci\u00e9t\u00e9 d&#039;\u00c9tudes M\u00e9dio Et N\u00e9o-Latines\" \/>\n<meta property=\"article:publisher\" content=\"https:\/\/www.facebook.com\/SEMENL2018\" \/>\n<meta property=\"article:published_time\" content=\"2015-08-31T20:00:56+00:00\" \/>\n<meta property=\"article:modified_time\" content=\"2015-09-10T13:55:21+00:00\" \/>\n<meta name=\"author\" content=\"admin\" \/>\n<meta name=\"twitter:card\" content=\"summary_large_image\" \/>\n<meta name=\"twitter:label1\" content=\"\u00c9crit par\" \/>\n\t<meta name=\"twitter:data1\" content=\"admin\" \/>\n\t<meta name=\"twitter:label2\" content=\"Dur\u00e9e de lecture estim\u00e9e\" \/>\n\t<meta name=\"twitter:data2\" content=\"2 minutes\" \/>\n<script type=\"application\/ld+json\" class=\"yoast-schema-graph\">{\"@context\":\"https:\\\/\\\/schema.org\",\"@graph\":[{\"@type\":\"Article\",\"@id\":\"http:\\\/\\\/www.semen-l.org\\\/?p=278#article\",\"isPartOf\":{\"@id\":\"http:\\\/\\\/www.semen-l.org\\\/?p=278\"},\"author\":{\"name\":\"admin\",\"@id\":\"http:\\\/\\\/www.semen-l.org\\\/#\\\/schema\\\/person\\\/f07857ec23cd1f579d7229608b71ed30\"},\"headline\":\"Appel \u00e0 communications, colloque international \u00ab\u00a0Bo\u00e8ce au fil du temps\u00a0\u00bb\",\"datePublished\":\"2015-08-31T20:00:56+00:00\",\"dateModified\":\"2015-09-10T13:55:21+00:00\",\"mainEntityOfPage\":{\"@id\":\"http:\\\/\\\/www.semen-l.org\\\/?p=278\"},\"wordCount\":420,\"commentCount\":0,\"publisher\":{\"@id\":\"http:\\\/\\\/www.semen-l.org\\\/#organization\"},\"articleSection\":[\"Colloques\"],\"inLanguage\":\"fr-FR\",\"potentialAction\":[{\"@type\":\"CommentAction\",\"name\":\"Comment\",\"target\":[\"http:\\\/\\\/www.semen-l.org\\\/?p=278#respond\"]}]},{\"@type\":\"WebPage\",\"@id\":\"http:\\\/\\\/www.semen-l.org\\\/?p=278\",\"url\":\"http:\\\/\\\/www.semen-l.org\\\/?p=278\",\"name\":\"Appel \u00e0 communications, colloque international \\\"Bo\u00e8ce au fil du temps\\\" - Soci\u00e9t\u00e9 d&#039;\u00c9tudes M\u00e9dio Et N\u00e9o-Latines\",\"isPartOf\":{\"@id\":\"http:\\\/\\\/www.semen-l.org\\\/#website\"},\"datePublished\":\"2015-08-31T20:00:56+00:00\",\"dateModified\":\"2015-09-10T13:55:21+00:00\",\"breadcrumb\":{\"@id\":\"http:\\\/\\\/www.semen-l.org\\\/?p=278#breadcrumb\"},\"inLanguage\":\"fr-FR\",\"potentialAction\":[{\"@type\":\"ReadAction\",\"target\":[\"http:\\\/\\\/www.semen-l.org\\\/?p=278\"]}]},{\"@type\":\"BreadcrumbList\",\"@id\":\"http:\\\/\\\/www.semen-l.org\\\/?p=278#breadcrumb\",\"itemListElement\":[{\"@type\":\"ListItem\",\"position\":1,\"name\":\"Accueil\",\"item\":\"http:\\\/\\\/www.semen-l.org\\\/\"},{\"@type\":\"ListItem\",\"position\":2,\"name\":\"Appel \u00e0 communications, colloque international \u00ab\u00a0Bo\u00e8ce au fil du temps\u00a0\u00bb\"}]},{\"@type\":\"WebSite\",\"@id\":\"http:\\\/\\\/www.semen-l.org\\\/#website\",\"url\":\"http:\\\/\\\/www.semen-l.org\\\/\",\"name\":\"Soci\u00e9t\u00e9 d'\u00c9tudes M\u00e9dio Et N\u00e9o-Latines\",\"description\":\"\",\"publisher\":{\"@id\":\"http:\\\/\\\/www.semen-l.org\\\/#organization\"},\"potentialAction\":[{\"@type\":\"SearchAction\",\"target\":{\"@type\":\"EntryPoint\",\"urlTemplate\":\"http:\\\/\\\/www.semen-l.org\\\/?s={search_term_string}\"},\"query-input\":{\"@type\":\"PropertyValueSpecification\",\"valueRequired\":true,\"valueName\":\"search_term_string\"}}],\"inLanguage\":\"fr-FR\"},{\"@type\":\"Organization\",\"@id\":\"http:\\\/\\\/www.semen-l.org\\\/#organization\",\"name\":\"Soci\u00e9t\u00e9 d'\u00e9tudes m\u00e9dio et n\u00e9o-latines\",\"url\":\"http:\\\/\\\/www.semen-l.org\\\/\",\"logo\":{\"@type\":\"ImageObject\",\"inLanguage\":\"fr-FR\",\"@id\":\"http:\\\/\\\/www.semen-l.org\\\/#\\\/schema\\\/logo\\\/image\\\/\",\"url\":\"http:\\\/\\\/www.semen-l.org\\\/wp-content\\\/uploads\\\/2020\\\/11\\\/logo-semenl.jpg\",\"contentUrl\":\"http:\\\/\\\/www.semen-l.org\\\/wp-content\\\/uploads\\\/2020\\\/11\\\/logo-semenl.jpg\",\"width\":408,\"height\":403,\"caption\":\"Soci\u00e9t\u00e9 d'\u00e9tudes m\u00e9dio et n\u00e9o-latines\"},\"image\":{\"@id\":\"http:\\\/\\\/www.semen-l.org\\\/#\\\/schema\\\/logo\\\/image\\\/\"},\"sameAs\":[\"https:\\\/\\\/www.facebook.com\\\/SEMENL2018\",\"https:\\\/\\\/independent.academia.edu\\\/SocitsdtudesmdioetnolatinesSEMENL\"]},{\"@type\":\"Person\",\"@id\":\"http:\\\/\\\/www.semen-l.org\\\/#\\\/schema\\\/person\\\/f07857ec23cd1f579d7229608b71ed30\",\"name\":\"admin\",\"image\":{\"@type\":\"ImageObject\",\"inLanguage\":\"fr-FR\",\"@id\":\"https:\\\/\\\/secure.gravatar.com\\\/avatar\\\/42d1679488c3d3f6ff457e953028323d9a995de91928859a7ade870f1f0f5c44?s=96&d=mm&r=g\",\"url\":\"https:\\\/\\\/secure.gravatar.com\\\/avatar\\\/42d1679488c3d3f6ff457e953028323d9a995de91928859a7ade870f1f0f5c44?s=96&d=mm&r=g\",\"contentUrl\":\"https:\\\/\\\/secure.gravatar.com\\\/avatar\\\/42d1679488c3d3f6ff457e953028323d9a995de91928859a7ade870f1f0f5c44?s=96&d=mm&r=g\",\"caption\":\"admin\"},\"url\":\"http:\\\/\\\/www.semen-l.org\\\/?author=1\"}]}<\/script>\n<!-- \/ Yoast SEO plugin. -->","yoast_head_json":{"title":"Appel \u00e0 communications, colloque international \"Bo\u00e8ce au fil du temps\" - Soci\u00e9t\u00e9 d&#039;\u00c9tudes M\u00e9dio Et N\u00e9o-Latines","robots":{"index":"index","follow":"follow","max-snippet":"max-snippet:-1","max-image-preview":"max-image-preview:large","max-video-preview":"max-video-preview:-1"},"canonical":"http:\/\/www.semen-l.org\/?p=278","og_locale":"fr_FR","og_type":"article","og_title":"Appel \u00e0 communications, colloque international \"Bo\u00e8ce au fil du temps\" - Soci\u00e9t\u00e9 d&#039;\u00c9tudes M\u00e9dio Et N\u00e9o-Latines","og_description":"BO\u00c8CE AU FIL DU TEMPS : LA R\u00c9CEPTION DE SON OEUVRE ET SON INFLUENCE\u00a0SUR LES LETTRES EUROP\u00c9ENNES DU MOYEN \u00c2GE \u00c0 NOS JOURS\u00a0 Colloque International organis\u00e9 en deux parties :\u00a0 1. Universit\u00e9 de Reims, France, 2-3 Juin 2016 : \u00ab &hellip; Continuer la lecture &rarr;","og_url":"http:\/\/www.semen-l.org\/?p=278","og_site_name":"Soci\u00e9t\u00e9 d&#039;\u00c9tudes M\u00e9dio Et N\u00e9o-Latines","article_publisher":"https:\/\/www.facebook.com\/SEMENL2018","article_published_time":"2015-08-31T20:00:56+00:00","article_modified_time":"2015-09-10T13:55:21+00:00","author":"admin","twitter_card":"summary_large_image","twitter_misc":{"\u00c9crit par":"admin","Dur\u00e9e de lecture estim\u00e9e":"2 minutes"},"schema":{"@context":"https:\/\/schema.org","@graph":[{"@type":"Article","@id":"http:\/\/www.semen-l.org\/?p=278#article","isPartOf":{"@id":"http:\/\/www.semen-l.org\/?p=278"},"author":{"name":"admin","@id":"http:\/\/www.semen-l.org\/#\/schema\/person\/f07857ec23cd1f579d7229608b71ed30"},"headline":"Appel \u00e0 communications, colloque international \u00ab\u00a0Bo\u00e8ce au fil du temps\u00a0\u00bb","datePublished":"2015-08-31T20:00:56+00:00","dateModified":"2015-09-10T13:55:21+00:00","mainEntityOfPage":{"@id":"http:\/\/www.semen-l.org\/?p=278"},"wordCount":420,"commentCount":0,"publisher":{"@id":"http:\/\/www.semen-l.org\/#organization"},"articleSection":["Colloques"],"inLanguage":"fr-FR","potentialAction":[{"@type":"CommentAction","name":"Comment","target":["http:\/\/www.semen-l.org\/?p=278#respond"]}]},{"@type":"WebPage","@id":"http:\/\/www.semen-l.org\/?p=278","url":"http:\/\/www.semen-l.org\/?p=278","name":"Appel \u00e0 communications, colloque international \"Bo\u00e8ce au fil du temps\" - Soci\u00e9t\u00e9 d&#039;\u00c9tudes M\u00e9dio Et N\u00e9o-Latines","isPartOf":{"@id":"http:\/\/www.semen-l.org\/#website"},"datePublished":"2015-08-31T20:00:56+00:00","dateModified":"2015-09-10T13:55:21+00:00","breadcrumb":{"@id":"http:\/\/www.semen-l.org\/?p=278#breadcrumb"},"inLanguage":"fr-FR","potentialAction":[{"@type":"ReadAction","target":["http:\/\/www.semen-l.org\/?p=278"]}]},{"@type":"BreadcrumbList","@id":"http:\/\/www.semen-l.org\/?p=278#breadcrumb","itemListElement":[{"@type":"ListItem","position":1,"name":"Accueil","item":"http:\/\/www.semen-l.org\/"},{"@type":"ListItem","position":2,"name":"Appel \u00e0 communications, colloque international \u00ab\u00a0Bo\u00e8ce au fil du temps\u00a0\u00bb"}]},{"@type":"WebSite","@id":"http:\/\/www.semen-l.org\/#website","url":"http:\/\/www.semen-l.org\/","name":"Soci\u00e9t\u00e9 d'\u00c9tudes M\u00e9dio Et N\u00e9o-Latines","description":"","publisher":{"@id":"http:\/\/www.semen-l.org\/#organization"},"potentialAction":[{"@type":"SearchAction","target":{"@type":"EntryPoint","urlTemplate":"http:\/\/www.semen-l.org\/?s={search_term_string}"},"query-input":{"@type":"PropertyValueSpecification","valueRequired":true,"valueName":"search_term_string"}}],"inLanguage":"fr-FR"},{"@type":"Organization","@id":"http:\/\/www.semen-l.org\/#organization","name":"Soci\u00e9t\u00e9 d'\u00e9tudes m\u00e9dio et n\u00e9o-latines","url":"http:\/\/www.semen-l.org\/","logo":{"@type":"ImageObject","inLanguage":"fr-FR","@id":"http:\/\/www.semen-l.org\/#\/schema\/logo\/image\/","url":"http:\/\/www.semen-l.org\/wp-content\/uploads\/2020\/11\/logo-semenl.jpg","contentUrl":"http:\/\/www.semen-l.org\/wp-content\/uploads\/2020\/11\/logo-semenl.jpg","width":408,"height":403,"caption":"Soci\u00e9t\u00e9 d'\u00e9tudes m\u00e9dio et n\u00e9o-latines"},"image":{"@id":"http:\/\/www.semen-l.org\/#\/schema\/logo\/image\/"},"sameAs":["https:\/\/www.facebook.com\/SEMENL2018","https:\/\/independent.academia.edu\/SocitsdtudesmdioetnolatinesSEMENL"]},{"@type":"Person","@id":"http:\/\/www.semen-l.org\/#\/schema\/person\/f07857ec23cd1f579d7229608b71ed30","name":"admin","image":{"@type":"ImageObject","inLanguage":"fr-FR","@id":"https:\/\/secure.gravatar.com\/avatar\/42d1679488c3d3f6ff457e953028323d9a995de91928859a7ade870f1f0f5c44?s=96&d=mm&r=g","url":"https:\/\/secure.gravatar.com\/avatar\/42d1679488c3d3f6ff457e953028323d9a995de91928859a7ade870f1f0f5c44?s=96&d=mm&r=g","contentUrl":"https:\/\/secure.gravatar.com\/avatar\/42d1679488c3d3f6ff457e953028323d9a995de91928859a7ade870f1f0f5c44?s=96&d=mm&r=g","caption":"admin"},"url":"http:\/\/www.semen-l.org\/?author=1"}]}},"jetpack_featured_media_url":"","_links":{"self":[{"href":"http:\/\/www.semen-l.org\/index.php?rest_route=\/wp\/v2\/posts\/278","targetHints":{"allow":["GET"]}}],"collection":[{"href":"http:\/\/www.semen-l.org\/index.php?rest_route=\/wp\/v2\/posts"}],"about":[{"href":"http:\/\/www.semen-l.org\/index.php?rest_route=\/wp\/v2\/types\/post"}],"author":[{"embeddable":true,"href":"http:\/\/www.semen-l.org\/index.php?rest_route=\/wp\/v2\/users\/1"}],"replies":[{"embeddable":true,"href":"http:\/\/www.semen-l.org\/index.php?rest_route=%2Fwp%2Fv2%2Fcomments&post=278"}],"version-history":[{"count":0,"href":"http:\/\/www.semen-l.org\/index.php?rest_route=\/wp\/v2\/posts\/278\/revisions"}],"wp:attachment":[{"href":"http:\/\/www.semen-l.org\/index.php?rest_route=%2Fwp%2Fv2%2Fmedia&parent=278"}],"wp:term":[{"taxonomy":"category","embeddable":true,"href":"http:\/\/www.semen-l.org\/index.php?rest_route=%2Fwp%2Fv2%2Fcategories&post=278"},{"taxonomy":"post_tag","embeddable":true,"href":"http:\/\/www.semen-l.org\/index.php?rest_route=%2Fwp%2Fv2%2Ftags&post=278"}],"curies":[{"name":"wp","href":"https:\/\/api.w.org\/{rel}","templated":true}]}}