{"id":240,"date":"2014-03-09T19:46:05","date_gmt":"2014-03-09T19:46:05","guid":{"rendered":"http:\/\/www.semen-l.org\/?p=240"},"modified":"2025-01-02T23:37:02","modified_gmt":"2025-01-02T23:37:02","slug":"ive-congres-de-la-semen-l-valence-4-5-et-6-juin-2015","status":"publish","type":"post","link":"http:\/\/www.semen-l.org\/?p=240","title":{"rendered":"IVe CONGRES de la SEMEN-L (Valence, 4, 5 et 6 juin 2015)"},"content":{"rendered":"<p>Le IVe congr\u00e8s de la SEMEN-L sera organis\u00e9 du 4 au 6 juin 2015 par l&rsquo;Universit\u00e9 de Grenoble \u2013 site de Valence. Le comit\u00e9 d&rsquo;organisation est compos\u00e9 de Mmes Martine Furno, Christiane Louette, Val\u00e9rie M\u00e9ot-Bourquin.<\/p>\n<p><strong>Formes du texte latin au Moyen \u00c2ge et \u00e0 la Renaissance<\/strong><\/p>\n<p>L\u2019\u00e9tude de la mise en forme des textes a fait ces derni\u00e8res ann\u00e9es l\u2019objet de travaux importants depuis ceux, pionniers, de Henri-Jean Martin. On sait d\u00e9sormais qu\u2019une m\u00eame \u0153uvre acquiert des significations diff\u00e9rentes quand sa mise en texte et en page se transforme, que le texte appara\u00eet bien souvent comme \u00ab une forme de l\u2019intention \u00bb, qui fait intervenir plusieurs \u00ab co-\u00e9laborateurs \u00bb (l\u2019auteur, le typographe, le destinataire ou lecteur) et dont la r\u00e9alisation d\u00e9finitive sur la page est le produit d\u2019une tension, plus ou moins reconnue, plus ou moins avou\u00e9e, entre un projet et les difficult\u00e9s qu\u2019il rencontre.<br \/>\nL\u2019int\u00e9r\u00eat de ces questions est actuellement raviv\u00e9 par la r\u00e9flexion sur la page num\u00e9rique qui invite \u00e0 reconsid\u00e9rer une nouvelle fois la repr\u00e9sentation mat\u00e9rielle du texte. Mais il faut l\u2019inscrire aussi dans le d\u00e9veloppement des recherches rh\u00e9toriques et po\u00e9tiques sur la dispositio ou le dispositif (voir l\u2019ouvrage r\u00e9cent d\u2019Ugo Dionne, La Voie aux chapitres, Seuil, 2008, sur la disposition romanesque).<br \/>\nAu croisement de l\u2019histoire du livre, de la rh\u00e9torique et de l\u2019histoire des id\u00e9es, le IVe congr\u00e8s de la Soci\u00e9t\u00e9 d\u2019\u00c9tudes M\u00e9dio et N\u00e9o-latines (SEMEN-L) ambitionne d\u2019\u00e9tudier dans quelle mesure la mise en forme mat\u00e9rielle et intellectuelle des textes latins conditionne leur r\u00e9ception. On consid\u00e9rera forme et texte au sens large : forme renvoyant \u00e0 une disposition mat\u00e9rielle aussi bien que rh\u00e9torique ; texte pouvant s\u2019entendre comme un ensemble de caract\u00e8res sur une page, mais aussi comme ouvrage, recueil, collection, dans le cadre du manuscrit comme de l\u2019imprim\u00e9, de la po\u00e9sie comme de la prose fictionnelle ou docte.<br \/>\nLa r\u00e9flexion pourra se d\u00e9velopper dans plusieurs directions : \u2013 la mise en forme mat\u00e9rielle : construction visuelle de la page ou de l\u2019ouvrage, num\u00e9rotations, divisions, rubrications du texte, rapports du texte et de l\u2019image ; \u2013 la disposition ou le dispositif rh\u00e9torique : d\u00e9coupage en paragraphes ou en ensembles organis\u00e9s (chapitres, parties, livres), strat\u00e9gies mises en \u0153uvre pour construire la r\u00e9ception du texte ; \u2013 la sp\u00e9cificit\u00e9 de la mise en forme du texte latin avec d\u2019\u00e9ventuelles comparaisons avec des textes en langue vulgaire (traductions, adaptations).<\/p>\n<p>Les propositions de communication (un titre et quelques lignes de pr\u00e9sentation) sont \u00e0 envoyer avant le 15 juin 2014 \u00e0 : Martine Furno, Christiane Louette ou Val\u00e9rie M\u00e9ot-Bourquin<\/p>\n<p>Les participants \u00e0 ce IVe Congr\u00e8s de la SEMEN-L seront naturellement pri\u00e9s d\u2019\u00eatre \u00e0 jour de leur cotisation 2015 (pour tous renseignements, contacter Alice Lamy).<\/p>\n","protected":false},"excerpt":{"rendered":"<p>Le IVe congr\u00e8s de la SEMEN-L sera organis\u00e9 du 4 au 6 juin 2015 par l&rsquo;Universit\u00e9 de Grenoble \u2013 site de Valence. Le comit\u00e9 d&rsquo;organisation est compos\u00e9 de Mmes Martine Furno, Christiane Louette, Val\u00e9rie M\u00e9ot-Bourquin. Formes du texte latin au &hellip; <a href=\"http:\/\/www.semen-l.org\/?p=240\">Continuer la lecture <span class=\"meta-nav\">&rarr;<\/span><\/a><\/p>\n","protected":false},"author":8,"featured_media":585,"comment_status":"open","ping_status":"open","sticky":false,"template":"","format":"standard","meta":{"footnotes":""},"categories":[11],"tags":[450,449,43,451,167],"class_list":["post-240","post","type-post","status-publish","format-standard","has-post-thumbnail","hentry","category-congres","tag-histoire-des-idees","tag-histoire-du-livre","tag-rhetorique","tag-texte","tag-typographie"],"yoast_head":"<!-- This site is optimized with the Yoast SEO plugin v27.4 - https:\/\/yoast.com\/product\/yoast-seo-wordpress\/ -->\n<title>IVe congr\u00e8s SEMEN-L - Soci\u00e9t\u00e9 d&#039;\u00c9tudes M\u00e9dio Et N\u00e9o-Latines<\/title>\n<meta name=\"description\" content=\"Le IVe congr\u00e8s de la SEMEN-L \u00e0 propos de la recherche en m\u00e9diolatin et n\u00e9o-latin aura lieu du 4 au 6 juin 2015 \u00e0 l&#039;Universit\u00e9 de Grenoble.\" \/>\n<meta name=\"robots\" content=\"index, follow, max-snippet:-1, max-image-preview:large, max-video-preview:-1\" \/>\n<link rel=\"canonical\" href=\"https:\/\/www.semen-l.org\/?p=240\" \/>\n<meta property=\"og:locale\" content=\"fr_FR\" \/>\n<meta property=\"og:type\" content=\"article\" \/>\n<meta property=\"og:title\" content=\"IVe congr\u00e8s SEMEN-L - Soci\u00e9t\u00e9 d&#039;\u00c9tudes M\u00e9dio Et N\u00e9o-Latines\" \/>\n<meta property=\"og:description\" content=\"Le IVe congr\u00e8s de la SEMEN-L \u00e0 propos de la recherche en m\u00e9diolatin et n\u00e9o-latin aura lieu du 4 au 6 juin 2015 \u00e0 l&#039;Universit\u00e9 de Grenoble.\" \/>\n<meta property=\"og:url\" content=\"https:\/\/www.semen-l.org\/?p=240\" \/>\n<meta property=\"og:site_name\" content=\"Soci\u00e9t\u00e9 d&#039;\u00c9tudes M\u00e9dio Et N\u00e9o-Latines\" \/>\n<meta property=\"article:publisher\" content=\"https:\/\/www.facebook.com\/SEMENL2018\" \/>\n<meta property=\"article:published_time\" content=\"2014-03-09T19:46:05+00:00\" \/>\n<meta property=\"article:modified_time\" content=\"2025-01-02T23:37:02+00:00\" \/>\n<meta property=\"og:image\" content=\"https:\/\/www.semen-l.org\/wp-content\/uploads\/2020\/11\/logo-semenl.jpg\" \/>\n\t<meta property=\"og:image:width\" content=\"408\" \/>\n\t<meta property=\"og:image:height\" content=\"403\" \/>\n\t<meta property=\"og:image:type\" content=\"image\/jpeg\" \/>\n<meta name=\"author\" content=\"Bouscharain\" \/>\n<meta name=\"twitter:card\" content=\"summary_large_image\" \/>\n<meta name=\"twitter:label1\" content=\"\u00c9crit par\" \/>\n\t<meta name=\"twitter:data1\" content=\"Bouscharain\" \/>\n\t<meta name=\"twitter:label2\" content=\"Dur\u00e9e de lecture estim\u00e9e\" \/>\n\t<meta name=\"twitter:data2\" content=\"3 minutes\" \/>\n<script type=\"application\/ld+json\" class=\"yoast-schema-graph\">{\"@context\":\"https:\\\/\\\/schema.org\",\"@graph\":[{\"@type\":\"Article\",\"@id\":\"https:\\\/\\\/www.semen-l.org\\\/?p=240#article\",\"isPartOf\":{\"@id\":\"https:\\\/\\\/www.semen-l.org\\\/?p=240\"},\"author\":{\"name\":\"Bouscharain\",\"@id\":\"http:\\\/\\\/www.semen-l.org\\\/#\\\/schema\\\/person\\\/773d8aed3467aa8e7dc3f80cf7bf4aa7\"},\"headline\":\"IVe CONGRES de la SEMEN-L (Valence, 4, 5 et 6 juin 2015)\",\"datePublished\":\"2014-03-09T19:46:05+00:00\",\"dateModified\":\"2025-01-02T23:37:02+00:00\",\"mainEntityOfPage\":{\"@id\":\"https:\\\/\\\/www.semen-l.org\\\/?p=240\"},\"wordCount\":497,\"commentCount\":0,\"publisher\":{\"@id\":\"http:\\\/\\\/www.semen-l.org\\\/#organization\"},\"image\":{\"@id\":\"https:\\\/\\\/www.semen-l.org\\\/?p=240#primaryimage\"},\"thumbnailUrl\":\"http:\\\/\\\/www.semen-l.org\\\/wp-content\\\/uploads\\\/2020\\\/11\\\/logo-semenl.jpg\",\"keywords\":[\"histoire des id\u00e9es\",\"histoire du livre\",\"rh\u00e9torique\",\"texte\",\"typographie\"],\"articleSection\":[\"Congr\u00e8s\"],\"inLanguage\":\"fr-FR\",\"potentialAction\":[{\"@type\":\"CommentAction\",\"name\":\"Comment\",\"target\":[\"https:\\\/\\\/www.semen-l.org\\\/?p=240#respond\"]}]},{\"@type\":\"WebPage\",\"@id\":\"https:\\\/\\\/www.semen-l.org\\\/?p=240\",\"url\":\"https:\\\/\\\/www.semen-l.org\\\/?p=240\",\"name\":\"IVe congr\u00e8s SEMEN-L - Soci\u00e9t\u00e9 d&#039;\u00c9tudes M\u00e9dio Et N\u00e9o-Latines\",\"isPartOf\":{\"@id\":\"http:\\\/\\\/www.semen-l.org\\\/#website\"},\"primaryImageOfPage\":{\"@id\":\"https:\\\/\\\/www.semen-l.org\\\/?p=240#primaryimage\"},\"image\":{\"@id\":\"https:\\\/\\\/www.semen-l.org\\\/?p=240#primaryimage\"},\"thumbnailUrl\":\"http:\\\/\\\/www.semen-l.org\\\/wp-content\\\/uploads\\\/2020\\\/11\\\/logo-semenl.jpg\",\"datePublished\":\"2014-03-09T19:46:05+00:00\",\"dateModified\":\"2025-01-02T23:37:02+00:00\",\"description\":\"Le IVe congr\u00e8s de la SEMEN-L \u00e0 propos de la recherche en m\u00e9diolatin et n\u00e9o-latin aura lieu du 4 au 6 juin 2015 \u00e0 l'Universit\u00e9 de Grenoble.\",\"breadcrumb\":{\"@id\":\"https:\\\/\\\/www.semen-l.org\\\/?p=240#breadcrumb\"},\"inLanguage\":\"fr-FR\",\"potentialAction\":[{\"@type\":\"ReadAction\",\"target\":[\"https:\\\/\\\/www.semen-l.org\\\/?p=240\"]}]},{\"@type\":\"ImageObject\",\"inLanguage\":\"fr-FR\",\"@id\":\"https:\\\/\\\/www.semen-l.org\\\/?p=240#primaryimage\",\"url\":\"http:\\\/\\\/www.semen-l.org\\\/wp-content\\\/uploads\\\/2020\\\/11\\\/logo-semenl.jpg\",\"contentUrl\":\"http:\\\/\\\/www.semen-l.org\\\/wp-content\\\/uploads\\\/2020\\\/11\\\/logo-semenl.jpg\",\"width\":408,\"height\":403},{\"@type\":\"BreadcrumbList\",\"@id\":\"https:\\\/\\\/www.semen-l.org\\\/?p=240#breadcrumb\",\"itemListElement\":[{\"@type\":\"ListItem\",\"position\":1,\"name\":\"Accueil\",\"item\":\"http:\\\/\\\/www.semen-l.org\\\/\"},{\"@type\":\"ListItem\",\"position\":2,\"name\":\"IVe CONGRES de la SEMEN-L (Valence, 4, 5 et 6 juin 2015)\"}]},{\"@type\":\"WebSite\",\"@id\":\"http:\\\/\\\/www.semen-l.org\\\/#website\",\"url\":\"http:\\\/\\\/www.semen-l.org\\\/\",\"name\":\"Soci\u00e9t\u00e9 d'\u00c9tudes M\u00e9dio Et N\u00e9o-Latines\",\"description\":\"\",\"publisher\":{\"@id\":\"http:\\\/\\\/www.semen-l.org\\\/#organization\"},\"potentialAction\":[{\"@type\":\"SearchAction\",\"target\":{\"@type\":\"EntryPoint\",\"urlTemplate\":\"http:\\\/\\\/www.semen-l.org\\\/?s={search_term_string}\"},\"query-input\":{\"@type\":\"PropertyValueSpecification\",\"valueRequired\":true,\"valueName\":\"search_term_string\"}}],\"inLanguage\":\"fr-FR\"},{\"@type\":\"Organization\",\"@id\":\"http:\\\/\\\/www.semen-l.org\\\/#organization\",\"name\":\"Soci\u00e9t\u00e9 d'\u00e9tudes m\u00e9dio et n\u00e9o-latines\",\"url\":\"http:\\\/\\\/www.semen-l.org\\\/\",\"logo\":{\"@type\":\"ImageObject\",\"inLanguage\":\"fr-FR\",\"@id\":\"http:\\\/\\\/www.semen-l.org\\\/#\\\/schema\\\/logo\\\/image\\\/\",\"url\":\"http:\\\/\\\/www.semen-l.org\\\/wp-content\\\/uploads\\\/2020\\\/11\\\/logo-semenl.jpg\",\"contentUrl\":\"http:\\\/\\\/www.semen-l.org\\\/wp-content\\\/uploads\\\/2020\\\/11\\\/logo-semenl.jpg\",\"width\":408,\"height\":403,\"caption\":\"Soci\u00e9t\u00e9 d'\u00e9tudes m\u00e9dio et n\u00e9o-latines\"},\"image\":{\"@id\":\"http:\\\/\\\/www.semen-l.org\\\/#\\\/schema\\\/logo\\\/image\\\/\"},\"sameAs\":[\"https:\\\/\\\/www.facebook.com\\\/SEMENL2018\",\"https:\\\/\\\/independent.academia.edu\\\/SocitsdtudesmdioetnolatinesSEMENL\"]},{\"@type\":\"Person\",\"@id\":\"http:\\\/\\\/www.semen-l.org\\\/#\\\/schema\\\/person\\\/773d8aed3467aa8e7dc3f80cf7bf4aa7\",\"name\":\"Bouscharain\",\"image\":{\"@type\":\"ImageObject\",\"inLanguage\":\"fr-FR\",\"@id\":\"https:\\\/\\\/secure.gravatar.com\\\/avatar\\\/42cf449c03e9c23ff1fd9f5ec2adf4715b4c020b67a8bc21ce2c4a040e67eae3?s=96&d=mm&r=g\",\"url\":\"https:\\\/\\\/secure.gravatar.com\\\/avatar\\\/42cf449c03e9c23ff1fd9f5ec2adf4715b4c020b67a8bc21ce2c4a040e67eae3?s=96&d=mm&r=g\",\"contentUrl\":\"https:\\\/\\\/secure.gravatar.com\\\/avatar\\\/42cf449c03e9c23ff1fd9f5ec2adf4715b4c020b67a8bc21ce2c4a040e67eae3?s=96&d=mm&r=g\",\"caption\":\"Bouscharain\"},\"url\":\"http:\\\/\\\/www.semen-l.org\\\/?author=8\"}]}<\/script>\n<!-- \/ Yoast SEO plugin. -->","yoast_head_json":{"title":"IVe congr\u00e8s SEMEN-L - Soci\u00e9t\u00e9 d&#039;\u00c9tudes M\u00e9dio Et N\u00e9o-Latines","description":"Le IVe congr\u00e8s de la SEMEN-L \u00e0 propos de la recherche en m\u00e9diolatin et n\u00e9o-latin aura lieu du 4 au 6 juin 2015 \u00e0 l'Universit\u00e9 de Grenoble.","robots":{"index":"index","follow":"follow","max-snippet":"max-snippet:-1","max-image-preview":"max-image-preview:large","max-video-preview":"max-video-preview:-1"},"canonical":"https:\/\/www.semen-l.org\/?p=240","og_locale":"fr_FR","og_type":"article","og_title":"IVe congr\u00e8s SEMEN-L - Soci\u00e9t\u00e9 d&#039;\u00c9tudes M\u00e9dio Et N\u00e9o-Latines","og_description":"Le IVe congr\u00e8s de la SEMEN-L \u00e0 propos de la recherche en m\u00e9diolatin et n\u00e9o-latin aura lieu du 4 au 6 juin 2015 \u00e0 l'Universit\u00e9 de Grenoble.","og_url":"https:\/\/www.semen-l.org\/?p=240","og_site_name":"Soci\u00e9t\u00e9 d&#039;\u00c9tudes M\u00e9dio Et N\u00e9o-Latines","article_publisher":"https:\/\/www.facebook.com\/SEMENL2018","article_published_time":"2014-03-09T19:46:05+00:00","article_modified_time":"2025-01-02T23:37:02+00:00","og_image":[{"width":408,"height":403,"url":"https:\/\/www.semen-l.org\/wp-content\/uploads\/2020\/11\/logo-semenl.jpg","type":"image\/jpeg"}],"author":"Bouscharain","twitter_card":"summary_large_image","twitter_misc":{"\u00c9crit par":"Bouscharain","Dur\u00e9e de lecture estim\u00e9e":"3 minutes"},"schema":{"@context":"https:\/\/schema.org","@graph":[{"@type":"Article","@id":"https:\/\/www.semen-l.org\/?p=240#article","isPartOf":{"@id":"https:\/\/www.semen-l.org\/?p=240"},"author":{"name":"Bouscharain","@id":"http:\/\/www.semen-l.org\/#\/schema\/person\/773d8aed3467aa8e7dc3f80cf7bf4aa7"},"headline":"IVe CONGRES de la SEMEN-L (Valence, 4, 5 et 6 juin 2015)","datePublished":"2014-03-09T19:46:05+00:00","dateModified":"2025-01-02T23:37:02+00:00","mainEntityOfPage":{"@id":"https:\/\/www.semen-l.org\/?p=240"},"wordCount":497,"commentCount":0,"publisher":{"@id":"http:\/\/www.semen-l.org\/#organization"},"image":{"@id":"https:\/\/www.semen-l.org\/?p=240#primaryimage"},"thumbnailUrl":"http:\/\/www.semen-l.org\/wp-content\/uploads\/2020\/11\/logo-semenl.jpg","keywords":["histoire des id\u00e9es","histoire du livre","rh\u00e9torique","texte","typographie"],"articleSection":["Congr\u00e8s"],"inLanguage":"fr-FR","potentialAction":[{"@type":"CommentAction","name":"Comment","target":["https:\/\/www.semen-l.org\/?p=240#respond"]}]},{"@type":"WebPage","@id":"https:\/\/www.semen-l.org\/?p=240","url":"https:\/\/www.semen-l.org\/?p=240","name":"IVe congr\u00e8s SEMEN-L - Soci\u00e9t\u00e9 d&#039;\u00c9tudes M\u00e9dio Et N\u00e9o-Latines","isPartOf":{"@id":"http:\/\/www.semen-l.org\/#website"},"primaryImageOfPage":{"@id":"https:\/\/www.semen-l.org\/?p=240#primaryimage"},"image":{"@id":"https:\/\/www.semen-l.org\/?p=240#primaryimage"},"thumbnailUrl":"http:\/\/www.semen-l.org\/wp-content\/uploads\/2020\/11\/logo-semenl.jpg","datePublished":"2014-03-09T19:46:05+00:00","dateModified":"2025-01-02T23:37:02+00:00","description":"Le IVe congr\u00e8s de la SEMEN-L \u00e0 propos de la recherche en m\u00e9diolatin et n\u00e9o-latin aura lieu du 4 au 6 juin 2015 \u00e0 l'Universit\u00e9 de Grenoble.","breadcrumb":{"@id":"https:\/\/www.semen-l.org\/?p=240#breadcrumb"},"inLanguage":"fr-FR","potentialAction":[{"@type":"ReadAction","target":["https:\/\/www.semen-l.org\/?p=240"]}]},{"@type":"ImageObject","inLanguage":"fr-FR","@id":"https:\/\/www.semen-l.org\/?p=240#primaryimage","url":"http:\/\/www.semen-l.org\/wp-content\/uploads\/2020\/11\/logo-semenl.jpg","contentUrl":"http:\/\/www.semen-l.org\/wp-content\/uploads\/2020\/11\/logo-semenl.jpg","width":408,"height":403},{"@type":"BreadcrumbList","@id":"https:\/\/www.semen-l.org\/?p=240#breadcrumb","itemListElement":[{"@type":"ListItem","position":1,"name":"Accueil","item":"http:\/\/www.semen-l.org\/"},{"@type":"ListItem","position":2,"name":"IVe CONGRES de la SEMEN-L (Valence, 4, 5 et 6 juin 2015)"}]},{"@type":"WebSite","@id":"http:\/\/www.semen-l.org\/#website","url":"http:\/\/www.semen-l.org\/","name":"Soci\u00e9t\u00e9 d'\u00c9tudes M\u00e9dio Et N\u00e9o-Latines","description":"","publisher":{"@id":"http:\/\/www.semen-l.org\/#organization"},"potentialAction":[{"@type":"SearchAction","target":{"@type":"EntryPoint","urlTemplate":"http:\/\/www.semen-l.org\/?s={search_term_string}"},"query-input":{"@type":"PropertyValueSpecification","valueRequired":true,"valueName":"search_term_string"}}],"inLanguage":"fr-FR"},{"@type":"Organization","@id":"http:\/\/www.semen-l.org\/#organization","name":"Soci\u00e9t\u00e9 d'\u00e9tudes m\u00e9dio et n\u00e9o-latines","url":"http:\/\/www.semen-l.org\/","logo":{"@type":"ImageObject","inLanguage":"fr-FR","@id":"http:\/\/www.semen-l.org\/#\/schema\/logo\/image\/","url":"http:\/\/www.semen-l.org\/wp-content\/uploads\/2020\/11\/logo-semenl.jpg","contentUrl":"http:\/\/www.semen-l.org\/wp-content\/uploads\/2020\/11\/logo-semenl.jpg","width":408,"height":403,"caption":"Soci\u00e9t\u00e9 d'\u00e9tudes m\u00e9dio et n\u00e9o-latines"},"image":{"@id":"http:\/\/www.semen-l.org\/#\/schema\/logo\/image\/"},"sameAs":["https:\/\/www.facebook.com\/SEMENL2018","https:\/\/independent.academia.edu\/SocitsdtudesmdioetnolatinesSEMENL"]},{"@type":"Person","@id":"http:\/\/www.semen-l.org\/#\/schema\/person\/773d8aed3467aa8e7dc3f80cf7bf4aa7","name":"Bouscharain","image":{"@type":"ImageObject","inLanguage":"fr-FR","@id":"https:\/\/secure.gravatar.com\/avatar\/42cf449c03e9c23ff1fd9f5ec2adf4715b4c020b67a8bc21ce2c4a040e67eae3?s=96&d=mm&r=g","url":"https:\/\/secure.gravatar.com\/avatar\/42cf449c03e9c23ff1fd9f5ec2adf4715b4c020b67a8bc21ce2c4a040e67eae3?s=96&d=mm&r=g","contentUrl":"https:\/\/secure.gravatar.com\/avatar\/42cf449c03e9c23ff1fd9f5ec2adf4715b4c020b67a8bc21ce2c4a040e67eae3?s=96&d=mm&r=g","caption":"Bouscharain"},"url":"http:\/\/www.semen-l.org\/?author=8"}]}},"jetpack_featured_media_url":"http:\/\/www.semen-l.org\/wp-content\/uploads\/2020\/11\/logo-semenl.jpg","_links":{"self":[{"href":"http:\/\/www.semen-l.org\/index.php?rest_route=\/wp\/v2\/posts\/240","targetHints":{"allow":["GET"]}}],"collection":[{"href":"http:\/\/www.semen-l.org\/index.php?rest_route=\/wp\/v2\/posts"}],"about":[{"href":"http:\/\/www.semen-l.org\/index.php?rest_route=\/wp\/v2\/types\/post"}],"author":[{"embeddable":true,"href":"http:\/\/www.semen-l.org\/index.php?rest_route=\/wp\/v2\/users\/8"}],"replies":[{"embeddable":true,"href":"http:\/\/www.semen-l.org\/index.php?rest_route=%2Fwp%2Fv2%2Fcomments&post=240"}],"version-history":[{"count":0,"href":"http:\/\/www.semen-l.org\/index.php?rest_route=\/wp\/v2\/posts\/240\/revisions"}],"wp:featuredmedia":[{"embeddable":true,"href":"http:\/\/www.semen-l.org\/index.php?rest_route=\/wp\/v2\/media\/585"}],"wp:attachment":[{"href":"http:\/\/www.semen-l.org\/index.php?rest_route=%2Fwp%2Fv2%2Fmedia&parent=240"}],"wp:term":[{"taxonomy":"category","embeddable":true,"href":"http:\/\/www.semen-l.org\/index.php?rest_route=%2Fwp%2Fv2%2Fcategories&post=240"},{"taxonomy":"post_tag","embeddable":true,"href":"http:\/\/www.semen-l.org\/index.php?rest_route=%2Fwp%2Fv2%2Ftags&post=240"}],"curies":[{"name":"wp","href":"https:\/\/api.w.org\/{rel}","templated":true}]}}