{"id":2319,"date":"2022-11-29T07:50:26","date_gmt":"2022-11-29T07:50:26","guid":{"rendered":"https:\/\/www.semen-l.org\/?p=2319"},"modified":"2023-02-15T10:54:05","modified_gmt":"2023-02-15T10:54:05","slug":"ive-journee-doctorale-de-la-semen-l","status":"publish","type":"post","link":"http:\/\/www.semen-l.org\/?p=2319","title":{"rendered":"IVe journ\u00e9e doctorale de la SEMEN-L : appel \u00e0 communication"},"content":{"rendered":"<h1>IVe journ\u00e9e doctorale de la SEMEN-L<\/h1>\n<p><img decoding=\"async\" class=\"size-medium wp-image-1211 aligncenter\" src=\"http:\/\/www.semen-l.org\/wp-content\/uploads\/2020\/11\/semenl-presentation-300x107.jpg\" alt=\"\" width=\"300\" height=\"107\" srcset=\"http:\/\/www.semen-l.org\/wp-content\/uploads\/2020\/11\/semenl-presentation-300x107.jpg 300w, http:\/\/www.semen-l.org\/wp-content\/uploads\/2020\/11\/semenl-presentation-200x71.jpg 200w, http:\/\/www.semen-l.org\/wp-content\/uploads\/2020\/11\/semenl-presentation-500x179.jpg 500w, http:\/\/www.semen-l.org\/wp-content\/uploads\/2020\/11\/semenl-presentation.jpg 700w\" sizes=\"(max-width: 300px) 100vw, 300px\" \/><\/p>\n<h3>La IVe\u00a0journ\u00e9e des jeunes chercheurs et chercheuses\u00a0se tiendra\u00a0<b>le samedi 15 avril 2023 \u00e0 Paris<\/b>, \u00e0 l\u2019initiative de la\u00a0<b>Soci\u00e9t\u00e9 d\u2019\u00c9tudes M\u00e9dio- et N\u00e9o-Latines (SEMEN-L)<\/b>.<\/h3>\n<p>Si vos domaines de recherche sont en lien avec le m\u00e9dio-latin et\/ou le n\u00e9o-latin, vous \u00eates chaleureusement invit\u00e9\u00b7es \u00e0 participer \u00e0 cette journ\u00e9e d\u2019\u00e9changes intellectuels qui nous r\u00e9jouissent par avance. \u00c0 cette occasion, la SEMEN-L esp\u00e8re vous entendre parler d\u2019un sujet laiss\u00e9 \u00e0 votre enti\u00e8re appr\u00e9ciation\u00a0: il peut s\u2019agir de la pr\u00e9sentation de votre th\u00e8se, d\u2019un chapitre ou d\u2019un aspect de cette th\u00e8se ou encore d\u2019un travail de recherche ind\u00e9pendant.<\/p>\n<p>D\u2019un point de vue pratique, le d\u00e9jeuner sera offert par la SEMEN-L et les frais de transports seront pris en charge pour les participant\u00b7es, sur pr\u00e9sentation d\u2019un justificatif. Une nuit d\u2019h\u00f4tel pourra \u00e9galement \u00eatre prise en charge pour les personnes ne r\u00e9sidant pas \u00e0 Paris. Information compl\u00e9mentaire\u00a0: les participant\u00b7es \u00e0 cette journ\u00e9e d\u2019\u00e9tudes devront \u00eatre \u00e0 jour de leur\u00a0cotisation \u00e0 la SEMEN-L\u00a0pour l\u2019ann\u00e9e civile en cours (24 euros pour le tarif normal, 12 euros pour les \u00e9tudiant\u00b7es, voir le site\u00a0<a href=\"https:\/\/www.fabula.org\/\" target=\"_blank\" rel=\"nofollow noopener noreferrer\">http:\/\/www.semen-l.org)<\/a>.<\/p>\n<p>Si vous \u00eates int\u00e9ress\u00e9\u00b7es et souhaitez participer \u00e0 cette journ\u00e9e, nous vous prions de nous le faire savoir (\u00e0 nos trois adresses courriel)\u00a0<b>avant le 20 janvier 2023<\/b>\u00a0et de nous indiquer le titre de votre communication (m\u00eame provisoire), accompagn\u00e9 de quelques lignes de r\u00e9sum\u00e9 et d\u2019un bref curriculum vitae. Chaque communication durera\u00a0<b>20 minutes<\/b>\u00a0et sera suivie d\u2019un temps de questions et d\u2019\u00e9changes.<\/p>\n<p>Nous nous tenons \u00e0 votre disposition pour tout renseignement compl\u00e9mentaire.<\/p>\n<p>Julien Maudoux, Priscilla Mourgues et J\u00e9r\u00e9mie Pinguet<\/p>\n<p><a href=\"mailto:julien.maudoux@aliceadsl.fr\" target=\"_blank\" rel=\"nofollow noopener noreferrer\">julien.maudoux@aliceadsl.fr<\/a><br \/>\n<a href=\"mailto:priscilla.mourgues@gmail.com\" target=\"_blank\" rel=\"nofollow noopener noreferrer\">priscilla.mourgues@gmail.com<\/a><br \/>\n<a href=\"mailto:jeremie.pinguet@yahoo.fr\" target=\"_blank\" rel=\"nofollow noopener noreferrer\">jeremie.pinguet@yahoo.fr<\/a><\/p>\n","protected":false},"excerpt":{"rendered":"<p>IVe journ\u00e9e doctorale de la SEMEN-L La IVe\u00a0journ\u00e9e des jeunes chercheurs et chercheuses\u00a0se tiendra\u00a0le samedi 15 avril 2023 \u00e0 Paris, \u00e0 l\u2019initiative de la\u00a0Soci\u00e9t\u00e9 d\u2019\u00c9tudes M\u00e9dio- et N\u00e9o-Latines (SEMEN-L). Si vos domaines de recherche sont en lien avec le m\u00e9dio-latin &hellip; <a href=\"http:\/\/www.semen-l.org\/?p=2319\">Continuer la lecture <span class=\"meta-nav\">&rarr;<\/span><\/a><\/p>\n","protected":false},"author":26,"featured_media":1120,"comment_status":"open","ping_status":"open","sticky":false,"template":"","format":"standard","meta":{"footnotes":""},"categories":[1712],"tags":[],"class_list":["post-2319","post","type-post","status-publish","format-standard","has-post-thumbnail","hentry","category-journees-jeunes-chercheurs"],"yoast_head":"<!-- This site is optimized with the Yoast SEO plugin v27.5 - https:\/\/yoast.com\/product\/yoast-seo-wordpress\/ -->\n<title>IVe journ\u00e9e doctorale de la SEMEN-L : appel \u00e0 communication -<\/title>\n<meta name=\"robots\" content=\"index, follow, max-snippet:-1, max-image-preview:large, max-video-preview:-1\" \/>\n<link rel=\"canonical\" href=\"http:\/\/www.semen-l.org\/?p=2319\" \/>\n<meta property=\"og:locale\" content=\"fr_FR\" \/>\n<meta property=\"og:type\" content=\"article\" \/>\n<meta property=\"og:title\" content=\"IVe journ\u00e9e doctorale de la SEMEN-L : appel \u00e0 communication -\" \/>\n<meta property=\"og:description\" content=\"IVe journ\u00e9e doctorale de la SEMEN-L La IVe\u00a0journ\u00e9e des jeunes chercheurs et chercheuses\u00a0se tiendra\u00a0le samedi 15 avril 2023 \u00e0 Paris, \u00e0 l\u2019initiative de la\u00a0Soci\u00e9t\u00e9 d\u2019\u00c9tudes M\u00e9dio- et N\u00e9o-Latines (SEMEN-L). Si vos domaines de recherche sont en lien avec le m\u00e9dio-latin &hellip; Continuer la lecture &rarr;\" \/>\n<meta property=\"og:url\" content=\"http:\/\/www.semen-l.org\/?p=2319\" \/>\n<meta property=\"og:site_name\" content=\"Soci\u00e9t\u00e9 d&#039;\u00c9tudes M\u00e9dio Et N\u00e9o-Latines\" \/>\n<meta property=\"article:publisher\" content=\"https:\/\/www.facebook.com\/SEMENL2018\" \/>\n<meta property=\"article:published_time\" content=\"2022-11-29T07:50:26+00:00\" \/>\n<meta property=\"article:modified_time\" content=\"2023-02-15T10:54:05+00:00\" \/>\n<meta property=\"og:image\" content=\"http:\/\/www.semen-l.org\/wp-content\/uploads\/2020\/11\/semen-l-arriere.png\" \/>\n\t<meta property=\"og:image:width\" content=\"294\" \/>\n\t<meta property=\"og:image:height\" content=\"286\" \/>\n\t<meta property=\"og:image:type\" content=\"image\/png\" \/>\n<meta name=\"author\" content=\"Julien Maudoux\" \/>\n<meta name=\"twitter:card\" content=\"summary_large_image\" \/>\n<meta name=\"twitter:label1\" content=\"\u00c9crit par\" \/>\n\t<meta name=\"twitter:data1\" content=\"Julien Maudoux\" \/>\n\t<meta name=\"twitter:label2\" content=\"Dur\u00e9e de lecture estim\u00e9e\" \/>\n\t<meta name=\"twitter:data2\" content=\"2 minutes\" \/>\n<script type=\"application\/ld+json\" class=\"yoast-schema-graph\">{\"@context\":\"https:\\\/\\\/schema.org\",\"@graph\":[{\"@type\":\"Article\",\"@id\":\"http:\\\/\\\/www.semen-l.org\\\/?p=2319#article\",\"isPartOf\":{\"@id\":\"http:\\\/\\\/www.semen-l.org\\\/?p=2319\"},\"author\":{\"name\":\"Julien Maudoux\",\"@id\":\"http:\\\/\\\/www.semen-l.org\\\/#\\\/schema\\\/person\\\/ef5208815f17666727763c5363a51344\"},\"headline\":\"IVe journ\u00e9e doctorale de la SEMEN-L : appel \u00e0 communication\",\"datePublished\":\"2022-11-29T07:50:26+00:00\",\"dateModified\":\"2023-02-15T10:54:05+00:00\",\"mainEntityOfPage\":{\"@id\":\"http:\\\/\\\/www.semen-l.org\\\/?p=2319\"},\"wordCount\":323,\"commentCount\":0,\"publisher\":{\"@id\":\"http:\\\/\\\/www.semen-l.org\\\/#organization\"},\"image\":{\"@id\":\"http:\\\/\\\/www.semen-l.org\\\/?p=2319#primaryimage\"},\"thumbnailUrl\":\"http:\\\/\\\/www.semen-l.org\\\/wp-content\\\/uploads\\\/2020\\\/11\\\/semen-l-arriere.png\",\"articleSection\":[\"Journ\u00e9es des jeunes chercheurs\"],\"inLanguage\":\"fr-FR\",\"potentialAction\":[{\"@type\":\"CommentAction\",\"name\":\"Comment\",\"target\":[\"http:\\\/\\\/www.semen-l.org\\\/?p=2319#respond\"]}]},{\"@type\":\"WebPage\",\"@id\":\"http:\\\/\\\/www.semen-l.org\\\/?p=2319\",\"url\":\"http:\\\/\\\/www.semen-l.org\\\/?p=2319\",\"name\":\"IVe journ\u00e9e doctorale de la SEMEN-L : appel \u00e0 communication -\",\"isPartOf\":{\"@id\":\"http:\\\/\\\/www.semen-l.org\\\/#website\"},\"primaryImageOfPage\":{\"@id\":\"http:\\\/\\\/www.semen-l.org\\\/?p=2319#primaryimage\"},\"image\":{\"@id\":\"http:\\\/\\\/www.semen-l.org\\\/?p=2319#primaryimage\"},\"thumbnailUrl\":\"http:\\\/\\\/www.semen-l.org\\\/wp-content\\\/uploads\\\/2020\\\/11\\\/semen-l-arriere.png\",\"datePublished\":\"2022-11-29T07:50:26+00:00\",\"dateModified\":\"2023-02-15T10:54:05+00:00\",\"breadcrumb\":{\"@id\":\"http:\\\/\\\/www.semen-l.org\\\/?p=2319#breadcrumb\"},\"inLanguage\":\"fr-FR\",\"potentialAction\":[{\"@type\":\"ReadAction\",\"target\":[\"http:\\\/\\\/www.semen-l.org\\\/?p=2319\"]}]},{\"@type\":\"ImageObject\",\"inLanguage\":\"fr-FR\",\"@id\":\"http:\\\/\\\/www.semen-l.org\\\/?p=2319#primaryimage\",\"url\":\"http:\\\/\\\/www.semen-l.org\\\/wp-content\\\/uploads\\\/2020\\\/11\\\/semen-l-arriere.png\",\"contentUrl\":\"http:\\\/\\\/www.semen-l.org\\\/wp-content\\\/uploads\\\/2020\\\/11\\\/semen-l-arriere.png\",\"width\":294,\"height\":286},{\"@type\":\"BreadcrumbList\",\"@id\":\"http:\\\/\\\/www.semen-l.org\\\/?p=2319#breadcrumb\",\"itemListElement\":[{\"@type\":\"ListItem\",\"position\":1,\"name\":\"Accueil\",\"item\":\"http:\\\/\\\/www.semen-l.org\\\/\"},{\"@type\":\"ListItem\",\"position\":2,\"name\":\"IVe journ\u00e9e doctorale de la SEMEN-L : appel \u00e0 communication\"}]},{\"@type\":\"WebSite\",\"@id\":\"http:\\\/\\\/www.semen-l.org\\\/#website\",\"url\":\"http:\\\/\\\/www.semen-l.org\\\/\",\"name\":\"Soci\u00e9t\u00e9 d'\u00c9tudes M\u00e9dio Et N\u00e9o-Latines\",\"description\":\"\",\"publisher\":{\"@id\":\"http:\\\/\\\/www.semen-l.org\\\/#organization\"},\"potentialAction\":[{\"@type\":\"SearchAction\",\"target\":{\"@type\":\"EntryPoint\",\"urlTemplate\":\"http:\\\/\\\/www.semen-l.org\\\/?s={search_term_string}\"},\"query-input\":{\"@type\":\"PropertyValueSpecification\",\"valueRequired\":true,\"valueName\":\"search_term_string\"}}],\"inLanguage\":\"fr-FR\"},{\"@type\":\"Organization\",\"@id\":\"http:\\\/\\\/www.semen-l.org\\\/#organization\",\"name\":\"Soci\u00e9t\u00e9 d'\u00e9tudes m\u00e9dio et n\u00e9o-latines\",\"url\":\"http:\\\/\\\/www.semen-l.org\\\/\",\"logo\":{\"@type\":\"ImageObject\",\"inLanguage\":\"fr-FR\",\"@id\":\"http:\\\/\\\/www.semen-l.org\\\/#\\\/schema\\\/logo\\\/image\\\/\",\"url\":\"http:\\\/\\\/www.semen-l.org\\\/wp-content\\\/uploads\\\/2020\\\/11\\\/logo-semenl.jpg\",\"contentUrl\":\"http:\\\/\\\/www.semen-l.org\\\/wp-content\\\/uploads\\\/2020\\\/11\\\/logo-semenl.jpg\",\"width\":408,\"height\":403,\"caption\":\"Soci\u00e9t\u00e9 d'\u00e9tudes m\u00e9dio et n\u00e9o-latines\"},\"image\":{\"@id\":\"http:\\\/\\\/www.semen-l.org\\\/#\\\/schema\\\/logo\\\/image\\\/\"},\"sameAs\":[\"https:\\\/\\\/www.facebook.com\\\/SEMENL2018\",\"https:\\\/\\\/independent.academia.edu\\\/SocitsdtudesmdioetnolatinesSEMENL\"]},{\"@type\":\"Person\",\"@id\":\"http:\\\/\\\/www.semen-l.org\\\/#\\\/schema\\\/person\\\/ef5208815f17666727763c5363a51344\",\"name\":\"Julien Maudoux\",\"image\":{\"@type\":\"ImageObject\",\"inLanguage\":\"fr-FR\",\"@id\":\"https:\\\/\\\/secure.gravatar.com\\\/avatar\\\/caabf4fb6242e2277733cd35a5c2aa083761ea25dae1d1ff3298b54292225292?s=96&d=mm&r=g\",\"url\":\"https:\\\/\\\/secure.gravatar.com\\\/avatar\\\/caabf4fb6242e2277733cd35a5c2aa083761ea25dae1d1ff3298b54292225292?s=96&d=mm&r=g\",\"contentUrl\":\"https:\\\/\\\/secure.gravatar.com\\\/avatar\\\/caabf4fb6242e2277733cd35a5c2aa083761ea25dae1d1ff3298b54292225292?s=96&d=mm&r=g\",\"caption\":\"Julien Maudoux\"},\"description\":\"Webmestre du site de la SEMEN-L\",\"url\":\"http:\\\/\\\/www.semen-l.org\\\/?author=26\"}]}<\/script>\n<!-- \/ Yoast SEO plugin. -->","yoast_head_json":{"title":"IVe journ\u00e9e doctorale de la SEMEN-L : appel \u00e0 communication -","robots":{"index":"index","follow":"follow","max-snippet":"max-snippet:-1","max-image-preview":"max-image-preview:large","max-video-preview":"max-video-preview:-1"},"canonical":"http:\/\/www.semen-l.org\/?p=2319","og_locale":"fr_FR","og_type":"article","og_title":"IVe journ\u00e9e doctorale de la SEMEN-L : appel \u00e0 communication -","og_description":"IVe journ\u00e9e doctorale de la SEMEN-L La IVe\u00a0journ\u00e9e des jeunes chercheurs et chercheuses\u00a0se tiendra\u00a0le samedi 15 avril 2023 \u00e0 Paris, \u00e0 l\u2019initiative de la\u00a0Soci\u00e9t\u00e9 d\u2019\u00c9tudes M\u00e9dio- et N\u00e9o-Latines (SEMEN-L). Si vos domaines de recherche sont en lien avec le m\u00e9dio-latin &hellip; Continuer la lecture &rarr;","og_url":"http:\/\/www.semen-l.org\/?p=2319","og_site_name":"Soci\u00e9t\u00e9 d&#039;\u00c9tudes M\u00e9dio Et N\u00e9o-Latines","article_publisher":"https:\/\/www.facebook.com\/SEMENL2018","article_published_time":"2022-11-29T07:50:26+00:00","article_modified_time":"2023-02-15T10:54:05+00:00","og_image":[{"width":294,"height":286,"url":"http:\/\/www.semen-l.org\/wp-content\/uploads\/2020\/11\/semen-l-arriere.png","type":"image\/png"}],"author":"Julien Maudoux","twitter_card":"summary_large_image","twitter_misc":{"\u00c9crit par":"Julien Maudoux","Dur\u00e9e de lecture estim\u00e9e":"2 minutes"},"schema":{"@context":"https:\/\/schema.org","@graph":[{"@type":"Article","@id":"http:\/\/www.semen-l.org\/?p=2319#article","isPartOf":{"@id":"http:\/\/www.semen-l.org\/?p=2319"},"author":{"name":"Julien Maudoux","@id":"http:\/\/www.semen-l.org\/#\/schema\/person\/ef5208815f17666727763c5363a51344"},"headline":"IVe journ\u00e9e doctorale de la SEMEN-L : appel \u00e0 communication","datePublished":"2022-11-29T07:50:26+00:00","dateModified":"2023-02-15T10:54:05+00:00","mainEntityOfPage":{"@id":"http:\/\/www.semen-l.org\/?p=2319"},"wordCount":323,"commentCount":0,"publisher":{"@id":"http:\/\/www.semen-l.org\/#organization"},"image":{"@id":"http:\/\/www.semen-l.org\/?p=2319#primaryimage"},"thumbnailUrl":"http:\/\/www.semen-l.org\/wp-content\/uploads\/2020\/11\/semen-l-arriere.png","articleSection":["Journ\u00e9es des jeunes chercheurs"],"inLanguage":"fr-FR","potentialAction":[{"@type":"CommentAction","name":"Comment","target":["http:\/\/www.semen-l.org\/?p=2319#respond"]}]},{"@type":"WebPage","@id":"http:\/\/www.semen-l.org\/?p=2319","url":"http:\/\/www.semen-l.org\/?p=2319","name":"IVe journ\u00e9e doctorale de la SEMEN-L : appel \u00e0 communication -","isPartOf":{"@id":"http:\/\/www.semen-l.org\/#website"},"primaryImageOfPage":{"@id":"http:\/\/www.semen-l.org\/?p=2319#primaryimage"},"image":{"@id":"http:\/\/www.semen-l.org\/?p=2319#primaryimage"},"thumbnailUrl":"http:\/\/www.semen-l.org\/wp-content\/uploads\/2020\/11\/semen-l-arriere.png","datePublished":"2022-11-29T07:50:26+00:00","dateModified":"2023-02-15T10:54:05+00:00","breadcrumb":{"@id":"http:\/\/www.semen-l.org\/?p=2319#breadcrumb"},"inLanguage":"fr-FR","potentialAction":[{"@type":"ReadAction","target":["http:\/\/www.semen-l.org\/?p=2319"]}]},{"@type":"ImageObject","inLanguage":"fr-FR","@id":"http:\/\/www.semen-l.org\/?p=2319#primaryimage","url":"http:\/\/www.semen-l.org\/wp-content\/uploads\/2020\/11\/semen-l-arriere.png","contentUrl":"http:\/\/www.semen-l.org\/wp-content\/uploads\/2020\/11\/semen-l-arriere.png","width":294,"height":286},{"@type":"BreadcrumbList","@id":"http:\/\/www.semen-l.org\/?p=2319#breadcrumb","itemListElement":[{"@type":"ListItem","position":1,"name":"Accueil","item":"http:\/\/www.semen-l.org\/"},{"@type":"ListItem","position":2,"name":"IVe journ\u00e9e doctorale de la SEMEN-L : appel \u00e0 communication"}]},{"@type":"WebSite","@id":"http:\/\/www.semen-l.org\/#website","url":"http:\/\/www.semen-l.org\/","name":"Soci\u00e9t\u00e9 d'\u00c9tudes M\u00e9dio Et N\u00e9o-Latines","description":"","publisher":{"@id":"http:\/\/www.semen-l.org\/#organization"},"potentialAction":[{"@type":"SearchAction","target":{"@type":"EntryPoint","urlTemplate":"http:\/\/www.semen-l.org\/?s={search_term_string}"},"query-input":{"@type":"PropertyValueSpecification","valueRequired":true,"valueName":"search_term_string"}}],"inLanguage":"fr-FR"},{"@type":"Organization","@id":"http:\/\/www.semen-l.org\/#organization","name":"Soci\u00e9t\u00e9 d'\u00e9tudes m\u00e9dio et n\u00e9o-latines","url":"http:\/\/www.semen-l.org\/","logo":{"@type":"ImageObject","inLanguage":"fr-FR","@id":"http:\/\/www.semen-l.org\/#\/schema\/logo\/image\/","url":"http:\/\/www.semen-l.org\/wp-content\/uploads\/2020\/11\/logo-semenl.jpg","contentUrl":"http:\/\/www.semen-l.org\/wp-content\/uploads\/2020\/11\/logo-semenl.jpg","width":408,"height":403,"caption":"Soci\u00e9t\u00e9 d'\u00e9tudes m\u00e9dio et n\u00e9o-latines"},"image":{"@id":"http:\/\/www.semen-l.org\/#\/schema\/logo\/image\/"},"sameAs":["https:\/\/www.facebook.com\/SEMENL2018","https:\/\/independent.academia.edu\/SocitsdtudesmdioetnolatinesSEMENL"]},{"@type":"Person","@id":"http:\/\/www.semen-l.org\/#\/schema\/person\/ef5208815f17666727763c5363a51344","name":"Julien Maudoux","image":{"@type":"ImageObject","inLanguage":"fr-FR","@id":"https:\/\/secure.gravatar.com\/avatar\/caabf4fb6242e2277733cd35a5c2aa083761ea25dae1d1ff3298b54292225292?s=96&d=mm&r=g","url":"https:\/\/secure.gravatar.com\/avatar\/caabf4fb6242e2277733cd35a5c2aa083761ea25dae1d1ff3298b54292225292?s=96&d=mm&r=g","contentUrl":"https:\/\/secure.gravatar.com\/avatar\/caabf4fb6242e2277733cd35a5c2aa083761ea25dae1d1ff3298b54292225292?s=96&d=mm&r=g","caption":"Julien Maudoux"},"description":"Webmestre du site de la SEMEN-L","url":"http:\/\/www.semen-l.org\/?author=26"}]}},"jetpack_featured_media_url":"http:\/\/www.semen-l.org\/wp-content\/uploads\/2020\/11\/semen-l-arriere.png","_links":{"self":[{"href":"http:\/\/www.semen-l.org\/index.php?rest_route=\/wp\/v2\/posts\/2319","targetHints":{"allow":["GET"]}}],"collection":[{"href":"http:\/\/www.semen-l.org\/index.php?rest_route=\/wp\/v2\/posts"}],"about":[{"href":"http:\/\/www.semen-l.org\/index.php?rest_route=\/wp\/v2\/types\/post"}],"author":[{"embeddable":true,"href":"http:\/\/www.semen-l.org\/index.php?rest_route=\/wp\/v2\/users\/26"}],"replies":[{"embeddable":true,"href":"http:\/\/www.semen-l.org\/index.php?rest_route=%2Fwp%2Fv2%2Fcomments&post=2319"}],"version-history":[{"count":0,"href":"http:\/\/www.semen-l.org\/index.php?rest_route=\/wp\/v2\/posts\/2319\/revisions"}],"wp:featuredmedia":[{"embeddable":true,"href":"http:\/\/www.semen-l.org\/index.php?rest_route=\/wp\/v2\/media\/1120"}],"wp:attachment":[{"href":"http:\/\/www.semen-l.org\/index.php?rest_route=%2Fwp%2Fv2%2Fmedia&parent=2319"}],"wp:term":[{"taxonomy":"category","embeddable":true,"href":"http:\/\/www.semen-l.org\/index.php?rest_route=%2Fwp%2Fv2%2Fcategories&post=2319"},{"taxonomy":"post_tag","embeddable":true,"href":"http:\/\/www.semen-l.org\/index.php?rest_route=%2Fwp%2Fv2%2Ftags&post=2319"}],"curies":[{"name":"wp","href":"https:\/\/api.w.org\/{rel}","templated":true}]}}