{"id":218,"date":"2014-02-02T13:15:21","date_gmt":"2014-02-02T13:15:21","guid":{"rendered":"http:\/\/www.semen-l.org\/?p=218"},"modified":"2020-11-19T00:14:52","modified_gmt":"2020-11-19T00:14:52","slug":"218","status":"publish","type":"post","link":"http:\/\/www.semen-l.org\/?p=218","title":{"rendered":"Publications, bulletin automne-hiver 2012-2013"},"content":{"rendered":"<p><!-- [if gte mso 9]&gt;--><\/p>\n<p class=\"MsoNormal\" style=\"text-align: center;\" align=\"center\"><strong><strong>Publications, <\/strong>automne-hiver 2012-2013<\/strong><\/p>\n<p class=\"MsoNormal\"><strong>I. Textes<\/strong><\/p>\n<p class=\"MsoNormal\" style=\"text-align: justify;\">&#8211; Biondo, Flavio, <em>Roma instaurata \/ Rome restaur\u00e9e<\/em>, Tome 2, ivre 2, texte, trad., intr. et notes A. Raffarin-Dupuis, Paris, Les Belles Lettres (\u00ab\u00a0Classiques de l\u2019Humanisme\u00a0\u00bb), 2012.<\/p>\n<p class=\"MsoNormal\" style=\"text-align: justify;\">&#8211; Campanella, Tomaso, <em>Ethica. Quaestiones super Ethicam<\/em>, \u00e9d. G. Ernst et O. Catanorchi, Pisa, Edizioni della Normale, 2012.<\/p>\n<p class=\"MsoNormal\" style=\"text-align: justify;\"><strong><span style=\"font-weight: normal;\">&#8211; Erasme<\/span><\/strong>, <em>Jules, priv\u00e9 du paradis !<\/em>, trad. et intr. S. Bluntz, Paris, Les Belles Lettres, 2012. <strong><span style=\"font-weight: normal;\">\u00a0<\/span><\/strong><\/p>\n<p class=\"MsoNormal\" style=\"text-align: justify;\"><strong><span style=\"font-weight: normal;\">&#8211; <\/span><\/strong>Fonzio, Bartolomeo, <em>Poes\u00c3\u00adas latinas<\/em>, \u00e9d., trad., notes V. Bonmati Sanchez, Valencia, Institucio Alfons el Magnanim, 2012.<\/p>\n<p class=\"MsoNormal\" style=\"text-align: justify;\"><span lang=\"EN-US\">&#8211; <span class=\"productdisplaycrh\">Meara, Dermitius,<\/span> <span class=\"productdisplayproducttitle\"><em>The Tipperary Hero (1615)<\/em>, \u00e9d. et trad. Anglaise K. Sidwell et D. Edwards, <\/span>Turnhout, Brepols (coll. \u00ab\u00a0Officina neolatina\u00a0\u00bb), 2012.<\/span><\/p>\n<p class=\"MsoNormal\" style=\"text-align: justify;\">&#8211; Muret, Marc-Antoine de, <em>Jules C\u00e9sar<\/em>, intr., \u00e9d. et notes G. Cardinali, trad. P. Laurens, Paris, Les Belles Lettres (\u00ab\u00a0Classiques de l\u2019Humanisme\u00a0\u00bb), 2012.<\/p>\n<p class=\"MsoNormal\" style=\"text-align: justify;\"><strong><span style=\"font-weight: normal;\">&#8211; P\u00e9trarque<\/span><\/strong>, <em>Lettres de la vieillesse (Seniles)<\/em>, tome V, Paris, Belles Lettres (\u00ab\u00a0Classiques de l&rsquo;Humanisme\u00a0\u00bb), 2012.<\/p>\n<p class=\"MsoNormal\" style=\"text-align: justify;\">&#8211; Pomponazzi, Pietro, <em>Trait\u00e9 de l\u2019immortalit\u00e9 de l\u2019\u00e2me<\/em> (<em>Tractatus de immortalitate animae<\/em>), tx. et trad. T. Gontier, Paris, Les Belles Lettres (\u00ab\u00a0Classiques de l\u2019Humanisme\u00a0\u00bb), 2012.<\/p>\n<p class=\"MsoNormal\" style=\"text-align: justify;\">&#8211; Pontano, Giovanni, <em><span style=\"color: black; background: white;\">Dialogues, Volume 1.C<\/span><span style=\"color: #333333; background: white;\">haron and\u00a0Antonius<\/span><\/em><span style=\"color: #333333; background: white;\">,\u00a0trad. J. H. Gaisser, <\/span><span style=\"color: black; background: white;\">Cambridge (MA)-Londres, Harvard University Press (\u201cThe I Tatti Renaissance Library\u201d 54),\u00a02012.<\/span><\/p>\n<p class=\"MsoNormal\" style=\"text-align: justify;\"><span style=\"color: black; background: white;\">&#8211; <\/span>Pontano, Giovanni,<em> La fortuna, <\/em>a cura di F. Tateo, Napoli, La scuola di Pitagora, 2012.<\/p>\n<p class=\"MsoNormal\" style=\"text-align: justify;\">&#8211; <a href=\"http:\/\/www.droz.org\/fr\/livre\/?GCOI=26001100105280&amp;fa=author&amp;person_id=6787#content\"><span style=\"color: windowtext; text-decoration: none;\">Sainte-Marthe<\/span><\/a>, Sc\u00e9vole de, <em>\u0152uvres compl\u00e8tes, Tome II. Publications 1569-1572\u00a0: Canticorum Paraphrasis Po\u00ebtica (1573), Hymne de G. Aubert (circa 1573)<\/em>, \u00e9d. <a href=\"http:\/\/www.droz.org\/fr\/livre\/?GCOI=26001100105280&amp;fa=author&amp;Person_ID=223\"><span style=\"color: windowtext; text-decoration: none;\">J. Brunel<\/span><\/a>, Gen\u00e8ve, Droz, 2012.<\/p>\n<p class=\"MsoNormal\" style=\"text-align: justify;\">A para\u00eetre<\/p>\n<p class=\"MsoNormal\" style=\"margin-left: 36.0pt; text-align: justify; text-indent: -18.0pt;\">&#8211;<span style=\"font: 7.0pt 'Times New Roman';\">\u00a0\u00a0\u00a0\u00a0\u00a0\u00a0\u00a0\u00a0\u00a0 <\/span>Alberti, <em>Momus<\/em>, \u00e9d., trad., notes et comm, Paris, Belles Lettres (\u00ab\u00a0Classiques de l\u2019humanisme\u00a0\u00bb).<\/p>\n<p class=\"MsoNormal\" style=\"text-align: justify; text-indent: -18.0pt; margin: 0cm -1.5pt .0001pt 36.0pt;\">&#8211;<span style=\"font: 7.0pt 'Times New Roman';\">\u00a0\u00a0\u00a0\u00a0\u00a0\u00a0\u00a0\u00a0\u00a0 <\/span>Boccace, <em>Des dames de renom \/ De claris mulieribus<\/em>, \u00e9d. et trad. J.-Y. \u00a0Boriaud, Paris, Les Belles Lettres (\u00ab\u00a0Classiques de l\u2019humanisme\u00a0\u00bb).<\/p>\n<p class=\"MsoNormal\" style=\"margin-left: 36.0pt; text-align: justify; text-indent: -18.0pt;\">&#8211;<span style=\"font: 7.0pt 'Times New Roman';\">\u00a0\u00a0\u00a0\u00a0\u00a0\u00a0\u00a0\u00a0\u00a0 <\/span>B\u00e9rauld, Nicolas, Praelectio<em> et commentaire \u00e0 la <\/em>Silve Rusticus <em>d\u2019Ange Politien [1513], <\/em>\u00e9d., trad. et comm. P. Galand, Gen\u00e8ve, Droz (\u00ab\u00a0Travaux d\u2019Humanisme et Renaissance\u00a0\u00bb).<\/p>\n<p class=\"MsoNormal\" style=\"margin-left: 36.0pt; text-align: justify; text-indent: -18.0pt;\">&#8211;<span style=\"font: 7.0pt 'Times New Roman';\">\u00a0\u00a0\u00a0\u00a0\u00a0\u00a0\u00a0\u00a0\u00a0 <\/span>Nifo, Agostino, La solitude \/ De solitudine, \u00e9d., trad., notes et \u00e9tude introductive L. Boul\u00e8gue, Paris, Les Belles Lettres (\u00ab\u00a0Classiques de l\u2019humanisme\u00a0\u00bb).<\/p>\n<p class=\"MsoNormal\" style=\"margin-left: 36.0pt; text-align: justify; text-indent: -18.0pt;\"><span style=\"background: yellow;\">&#8211;<span style=\"font: 7.0pt 'Times New Roman';\">\u00a0\u00a0\u00a0\u00a0\u00a0\u00a0\u00a0\u00a0\u00a0 <\/span><\/span>Vives, Juan Luis,<em> De tradendis disciplinis<\/em>, \u00e9d., trad. et comm. T. Vigliano, Paris, Les Belles Lettres (\u00ab\u00a0Le miroir des humanistes\u00a0\u00bb), janv.-f\u00e9vr. 2013.<\/p>\n<p class=\"MsoNormal\"><strong>II. \u00e9tudes<\/strong><\/p>\n<p class=\"MsoNormal\" style=\"text-align: justify;\">&#8211; Adams A. et Ford Ph. (\u00e9ds.), <em>Le livre demeure\u00a0: Studies in Book History in Honour of Alison Saunde<\/em><em><span lang=\"EN-US\">rs<\/span><\/em><span lang=\"EN-US\">, Gen\u00e8ve, Droz, 2001.<\/span><\/p>\n<p class=\"MsoNormal\" style=\"text-align: justify;\">&#8211; Baby H. et Rieu J. (dir.), <em>La douceur en litt\u00e9rature de l\u2019Antiquit\u00e9 au XVII<sup>e<\/sup> si\u00e8cle<\/em>, Paris, Garnier, 2012.<\/p>\n<p class=\"MsoNormal\" style=\"text-align: justify;\">&#8211; Bernard-Pradelle L. et Lechevalier C. (dir), <em>Traduire les Anciens en Europe du Quattrocento \u00e0 la fin du XVIII<sup>e<\/sup> si\u00e8cle\u00a0: d\u2019une renaissance \u00e0 une r\u00e9volution\u00a0?<\/em>, Paris, PUPS, 2012.<\/p>\n<p class=\"MsoNormal\" style=\"text-align: justify;\"><span lang=\"EN-US\">&#8211; Black, Robert, <em>Studies in Renaissance Humanism and Politics\u00a0: Florence and Arezzo<\/em>, Farnham, AShgate variorum, 2011.<\/span><\/p>\n<p class=\"MsoNormal\" style=\"text-align: justify;\"><span lang=\"EN-US\">&#8211; Bloch D., <em>John of Salisbury on Aristotelian Science<\/em>, Turnhout, Brepols, 2012.<\/span><\/p>\n<p class=\"MsoNormal\" style=\"text-align: justify;\">&#8211; Bockdam S., <em><a href=\"http:\/\/tk3.sbn07.net\/sy\/ev?3&amp;8964-95&amp;80&amp;vqkyrlZS6k0ncAKrhO5x6w\" target=\"_blank\" rel=\"noopener noreferrer\">M\u00e9tamorphoses de Morph\u00e9e<\/a><\/em>. <a href=\"http:\/\/tk3.sbn07.net\/sy\/ev?3&amp;8964-95&amp;80&amp;vqkyrlZS6k0ncAKrhO5x6w\" target=\"_blank\" rel=\"noopener noreferrer\"><em>Th\u00e9ories du r\u00eave et songes po\u00e9tiques \u00e0 la Renaissance, en France<\/em><\/a>, Paris, Champion, 2012.<\/p>\n<p class=\"MsoNormal\" style=\"text-align: justify;\">&#8211; <strong><span style=\"color: black; background: white; font-weight: normal;\">Botley P., Van Miert D.<\/span><\/strong><span style=\"color: black; background: white;\">, <strong><span style=\"font-weight: normal;\">De Jonge H, Grafton A., Kraye<\/span><\/strong><span class=\"apple-converted-space\"><strong>\u00a0<\/strong>J., \u00a0<\/span><em>The Correspondence of Joseph Jules Scaliger<\/em>, Gen\u00e9ve, Dros (coll. \u00ab\u00a0Travaux d&rsquo;Humanisme et de Renaissance\u00a0\u00bb), 2012,<span class=\"apple-converted-space\">\u00a0<\/span><\/span><\/p>\n<p class=\"MsoNormal\" style=\"text-align: justify;\">&#8211; Breitenstein R.-C. et Vigliano T. (\u00e9ds.), <em>Le choix de la langue dans la construction des publics en France \u00e0 la Renaissance<\/em>, intr. Ph. Selosse, Paris, Champion, 2012.<\/p>\n<p class=\"MsoNormal\" style=\"text-align: justify;\">&#8211; Caby C. et Dessi R. M., <em>Humanistes, clercs et la\u00efcs dans l\u2019Italie du XIIIe au d\u00e9but du XVIe si\u00e8cle<\/em>, Turnhout, Brepols, 2012.<\/p>\n<p class=\"MsoNormal\" style=\"text-align: justify;\">&#8211; Courcelles D. (de) et Martines Peres V. (dir.), <em>Pour une histoire compar\u00e9e des traductions. Traductions des classiques, traductions du latin, traductions des langues romanes du Moyen \u00c2ge et de la premi\u00e8re Modernit\u00e9<\/em>, Paris, Champion, 2012.<\/p>\n<p class=\"MsoNormal\" style=\"text-align: justify;\"><span lang=\"EN-US\">&#8211; Emison, Patricia A., <em>The Italian Renaissance and Cultural Memory<\/em>, Cambridge, Cambridge University Press, 2012.<\/span><\/p>\n<p class=\"MsoNormal\" style=\"text-align: justify;\"><span lang=\"EN-US\">&#8211; Gary, Ianziti, <em>Writing History in Renaissance Italy\u00a0: Leonardo Bruni and the Uses of the Past<\/em>, Cambridge M. A., Harvard University Press, 2012.\u00a0 <\/span><\/p>\n<p class=\"MsoNormal\" style=\"text-align: justify;\">&#8211; Gambino-Longo S. (\u00e9d.), <em>H\u00e9rodote \u00e0 la Renaissance<\/em>, Turnhout, Brepols, 2012.<\/p>\n<p class=\"MsoNormal\" style=\"text-align: justify;\">&#8211; Gourouchov N.,\u00a0<em>Naissance de l\u2019Universit\u00e9. Les \u00e9coles de Paris d\u2019Innocent III \u00e0 Thomas d\u2019Aquin (v. 1200 &#8211; v. 1245)<\/em>, Paris, Champion, 2012.<\/p>\n<p class=\"MsoNormal\" style=\"text-align: justify;\">&#8211; \u00a0Grisolia R. et Matino G. (dir.), <em>Forme e modi delle lingue e dei testi tecnici antichi,<\/em> Napoli, M. d\u2019Auria, 2012.<\/p>\n<p class=\"MsoNormal\" style=\"text-align: justify;\">&#8211; Gwynne P., <em>Poets and Princes. The Panegyric Poetry of Johannes Michael Nagonius<\/em>, Turnhout, Brepols, 2012.<\/p>\n<p class=\"MsoNormal\" style=\"text-align: justify;\">&#8211; Hirai <span lang=\"EN-US\">H., <em>Medical Humanism and Natural Philosophy\u00a0: Renaissance Debates on Matter<\/em>, Life, and the Soul, Leiden, Brill, 2011.<\/span><\/p>\n<p class=\"MsoNormal\" style=\"text-align: justify;\">&#8211; Jouanno C. (\u00e9d.), <em>Figures d\u2019Alexandre \u00e0 la Renaissance<\/em>, Turnhout, Brepols, 2012.<\/p>\n<p class=\"MsoNormal\" style=\"text-align: justify;\"><span lang=\"EN-US\">&#8211; Mack P., <em>A History of Renaissance Rhetoric, 1380-1620<\/em>, Oxford, Oxford University Press, 2011.<\/span><\/p>\n<p class=\"MsoNormal\" style=\"text-align: justify;\">&#8211; <strong><span style=\"font-weight: normal;\">Nardi B.<\/span><\/strong>, <em>Naturalismo e Alessandrismo nel Rinascimento<\/em>, Brescia, Torre d&rsquo;Ercole, coll. Aevum viride, 2012.<\/p>\n<p class=\"MsoNormal\" style=\"text-align: justify;\"><strong><span style=\"font-weight: normal;\">&#8211; Rolet A. (dir.),<\/span><\/strong> <em>All\u00e9gorie et symbole : voies de dissidence ? (De l&rsquo;Antiquit\u00e9 \u00e0 la Renaissance),<\/em>\u00a0Rennes, Presses Universitaires de Rennes (coll. \u00ab Interf\u00e9rences \u00bb), 2012.<\/p>\n<p class=\"MsoNormal\" style=\"text-align: justify;\">&#8211; Savarese G., <em>Un frate neoplatonico e il Rinascimento a Roma<\/em>, a cura di C. Cassiani, Roma, Roma nel Rinascimento, 2012.<\/p>\n<p class=\"MsoNormal\" style=\"text-align: justify;\">&#8211; Tramontana S., <em>Le parole, le immagini, la storia<\/em>, a cura di C. M. Rugolo, pr\u00e9s. V. Fera et A. Pennisi, Messina, Centro Interdipartimentale di Studi Umanistici, 2012.<\/p>\n<p class=\"MsoNormal\" style=\"text-align: justify;\"><span lang=\"EN-US\">&#8211; Veltri G. et Miletto G. (\u00e9ds.), <em>Rabbi Judah Moscato and the Jewish Intellectual World in Mantua in 16<sup>th<\/sup>-17<sup>th<\/sup> Century<\/em>, Leiden, Brill, 2012. <\/span><\/p>\n<p class=\"MsoNormal\" style=\"text-align: justify;\"><em>\u00a0<\/em><\/p>\n<p class=\"MsoNormal\" style=\"text-align: justify;\"><em>A para\u00eetre<\/em><\/p>\n<p class=\"MsoNormal\" style=\"text-align: justify;\">\n<p class=\"MsoNormal\" style=\"text-align: justify;\">&#8211; Boul\u00e8gue L., Casanova-Robin H. et L\u00e9vy C. (\u00e9ds.), <em>Le tyran et sa post\u00e9rit\u00e9 de l\u2019Antiquit\u00e9 \u00e0 la Renaissance<\/em>, Paris, Classiques Garnier.<\/p>\n<p class=\"MsoNormal\" style=\"text-align: justify;\"><span lang=\"EN-US\">&#8211; Beer S. (de), <span class=\"productdisplayproducttitle\"><em>The Poetics of Patronage<\/em><\/span><em>. <span class=\"productdisplayproductsubtitle\">Poetry as Self-Advancement in Giannantonio Campano<\/span><\/em><span class=\"productdisplayproductsubtitle\">, Turnhout, Brepols.<\/span><\/span><\/p>\n<p class=\"MsoNormal\" style=\"text-align: justify;\">&#8211; Duch\u00e9-Gav\u00e9 V., Lardon S. et Pineau G., <em>Jean de Sponde (1557-1595). Un humaniste dans la tourmente<\/em>, Paris, Garnier.<\/p>\n<p class=\"MsoNormal\" style=\"text-align: justify;\">&#8211; Galand P. et Laigneau S. (\u00e9ds.), <em>La \u00ab\u00a0silve\u00a0\u00bb. Histoire d\u2019une \u00e9criture lib\u00e9r\u00e9e en Europe de l\u2019Antiquit\u00e9 au XVIII<sup>e<\/sup> si\u00e8cle<\/em>, Turnhout, Brepols.<\/p>\n<p class=\"MsoNormal\" style=\"text-align: justify;\">&#8211; Leroux V. et S\u00e9ris \u00c9. (dir.), <em>Anthologie des po\u00e9tiques latines de la Renaissance<\/em>, Gen\u00e8ve, Droz.<\/p>\n<p class=\"MsoNormal\" style=\"text-align: justify;\"><strong>III. Revues<\/strong><\/p>\n<p class=\"MsoNormal\" style=\"text-align: justify;\"><span style=\"color: black;\">&#8211; <em>Camenae<\/em>, 12 (2012)\u00a0: <em>La po\u00e9tique d\u2019Horace et sa r\u00e9ception<\/em>, dir. R. Glinatsis, <a href=\"http:\/\/www.paris-sorbonne.fr\/la-recherche\/les-unites-de-recherche\/mondes-anciens-et-medievaux-ed1\/rome-et-ses-renaissances-art-3625\/article\/camenae-no-12\" target=\"_blank\" rel=\"noopener noreferrer\">http:\/\/www.paris-sorbonne.fr\/la-recherche\/les-unites-de-recherche\/mondes-anciens-et-medievaux-ed1\/rome-et-ses-renaissances-art-3625\/article\/camenae-no-12<\/a><\/span><\/p>\n<p style=\"margin: 0cm; margin-bottom: .0001pt; text-align: justify;\"><span style=\"color: black;\">&#8211; <em>Camenae<\/em>, 13<\/span> (2012)\u00a0: sur la r\u00e9ception d\u2019Horace \u02d7 Le g\u00e9nie de la formule\u00a0; la notion de <em>decorum<\/em> \u02d7\u00a0 double num\u00e9ro, dir. N. Dauvois et M. Magnien, \u00a0<a href=\"http:\/\/www.paris-sorbonne.fr\/la-recherche\/les-unites-de-recherche\/mondes-anciens-et-medievaux-ed1\/rome-et-ses-renaissances-art-3625\/article\/camenae-13\" target=\"_blank\" rel=\"noopener noreferrer\">http:\/\/www.paris-sorbonne.fr\/la-recherche\/les-unites-de-recherche\/mondes-anciens-et-medievaux-ed1\/rome-et-ses-renaissances-art-3625\/article\/camenae-13<\/a><\/p>\n<p style=\"margin: 0cm; margin-bottom: .0001pt; text-align: justify;\">&#8211; <em>Camenae<\/em>, 14 (2012)\u00a0: <em>La g\u00e9ographie des humains ou l&rsquo;\u0153il de la morale<\/em>, dir. <span lang=\"EN-US\">S. Gambino Longo, <a href=\"http:\/\/www.paris-sorbonne.fr\/la-recherche\/les-unites-de-recherche\/mondes-anciens-et-medievaux-ed1\/rome-et-ses-renaissances-art-3625\/revue-en-ligne-camenae\/article\/camenae-14\">http:\/\/www.paris-sorbonne.fr\/la-recherche\/les-unites-de-recherche\/mondes-anciens-et-medievaux-ed1\/rome-et-ses-renaissances-art-3625\/revue-en-ligne-camenae\/article\/camenae-14<\/a><\/span><\/p>\n<p style=\"margin: 0cm; margin-bottom: .0001pt; text-align: justify;\">&#8211; E-Spania <a href=\"http:\/\/e-spania.revues.org\/20968\" target=\"_blank\" rel=\"noopener noreferrer\">http:\/\/e-spania.revues.org\/20968<\/a> (<em>Po\u00e8tes de l\u2019Empereur<\/em>, dir. R. B\u00e9hard).<\/p>\n<p style=\"margin: 0cm; margin-bottom: .0001pt;\">&#8211; <em>Renaissance Quaterly<\/em>, vol. LXV- 2 (summer 2012).<\/p>\n<p class=\"MsoNormal\" style=\"text-align: justify;\">&#8211; <em>Renaissance Quaterly<\/em>, vol. LXV- 3 (fall 2012).<\/p>\n<p class=\"MsoNormal\" style=\"text-align: justify;\">&#8211; <em>Renaissance Quaterly<\/em>, vol. LXV- 4 (winter 2012).<\/p>\n<p class=\"MsoNormal\" style=\"text-align: justify;\">&#8211; <em>Seizi\u00e8me si\u00e8cle<\/em>, 8 (2012)\u00a0: <em>Les textes scientifiques \u00e0 la Renaissance<\/em>.<\/p>\n","protected":false},"excerpt":{"rendered":"<p>Publications, automne-hiver 2012-2013 I. Textes &#8211; Biondo, Flavio, Roma instaurata \/ Rome restaur\u00e9e, Tome 2, ivre 2, texte, trad., intr. et notes A. Raffarin-Dupuis, Paris, Les Belles Lettres (\u00ab\u00a0Classiques de l\u2019Humanisme\u00a0\u00bb), 2012. &#8211; Campanella, Tomaso, Ethica. Quaestiones super Ethicam, \u00e9d. &hellip; <a href=\"http:\/\/www.semen-l.org\/?p=218\">Continuer la lecture <span class=\"meta-nav\">&rarr;<\/span><\/a><\/p>\n","protected":false},"author":4,"featured_media":837,"comment_status":"open","ping_status":"open","sticky":false,"template":"","format":"standard","meta":{"footnotes":""},"categories":[7],"tags":[38,213,408,400,86,453,454,141,411,457,463,31,452,461,462,339,456,28,465,142,460,459,16,410,36,407,249,401,455,464,17,422,468,466,458,371,467,33],"class_list":["post-218","post","type-post","status-publish","format-standard","has-post-thumbnail","hentry","category-publications","tag-leon-battista-alberti","tag-allegorie","tag-berauld-nicolas","tag-biondo-flavio","tag-boccace","tag-campanella-tomaso","tag-de-claris-mulieribus","tag-de-solitudine","tag-de-tradendis-disciplinis","tag-dialogues-pontano","tag-douceur","tag-erasme","tag-ethica-quaestiones-super-ethicam","tag-fonzio-bartolomeo","tag-iulius-exclusus","tag-jean-de-salisbury","tag-la-fortuna-pontano","tag-momus","tag-morphee","tag-nifo-agostino","tag-omeara-dermot","tag-ormonius","tag-petrarque","tag-pomponazzi-pietro","tag-giovanni-pontano","tag-praelectio-et-commentaire-a-la-silve-rusticus-dange-politien","tag-reve","tag-roma-instaurata","tag-sainte-marthe-scevole-de","tag-scaliger-joseph-juste","tag-seniles","tag-de-sponde-jean","tag-sylve","tag-symbole","tag-tractatus-de-immortalitate-animae","tag-traduction","tag-tyran","tag-juan-luis-vives"],"yoast_head":"<!-- This site is optimized with the Yoast SEO plugin v27.5 - https:\/\/yoast.com\/product\/yoast-seo-wordpress\/ -->\n<title>Publications, bulletin automne-hiver 2012-2013 - Soci\u00e9t\u00e9 d&#039;\u00c9tudes M\u00e9dio Et N\u00e9o-Latines<\/title>\n<meta name=\"robots\" content=\"index, follow, max-snippet:-1, max-image-preview:large, max-video-preview:-1\" \/>\n<link rel=\"canonical\" href=\"https:\/\/www.semen-l.org\/?p=218\" \/>\n<meta property=\"og:locale\" content=\"fr_FR\" \/>\n<meta property=\"og:type\" content=\"article\" \/>\n<meta property=\"og:title\" content=\"Publications, bulletin automne-hiver 2012-2013 - Soci\u00e9t\u00e9 d&#039;\u00c9tudes M\u00e9dio Et N\u00e9o-Latines\" \/>\n<meta property=\"og:description\" content=\"Publications, automne-hiver 2012-2013 I. Textes &#8211; Biondo, Flavio, Roma instaurata \/ Rome restaur\u00e9e, Tome 2, ivre 2, texte, trad., intr. et notes A. Raffarin-Dupuis, Paris, Les Belles Lettres (\u00ab\u00a0Classiques de l\u2019Humanisme\u00a0\u00bb), 2012. &#8211; Campanella, Tomaso, Ethica. Quaestiones super Ethicam, \u00e9d. &hellip; Continuer la lecture &rarr;\" \/>\n<meta property=\"og:url\" content=\"https:\/\/www.semen-l.org\/?p=218\" \/>\n<meta property=\"og:site_name\" content=\"Soci\u00e9t\u00e9 d&#039;\u00c9tudes M\u00e9dio Et N\u00e9o-Latines\" \/>\n<meta property=\"article:publisher\" content=\"https:\/\/www.facebook.com\/SEMENL2018\" \/>\n<meta property=\"article:published_time\" content=\"2014-02-02T13:15:21+00:00\" \/>\n<meta property=\"article:modified_time\" content=\"2020-11-19T00:14:52+00:00\" \/>\n<meta property=\"og:image\" content=\"https:\/\/www.semen-l.org\/wp-content\/uploads\/2020\/11\/ciceron-livre.jpg\" \/>\n\t<meta property=\"og:image:width\" content=\"200\" \/>\n\t<meta property=\"og:image:height\" content=\"200\" \/>\n\t<meta property=\"og:image:type\" content=\"image\/jpeg\" \/>\n<meta name=\"author\" content=\"Boulegue\" \/>\n<meta name=\"twitter:card\" content=\"summary_large_image\" \/>\n<meta name=\"twitter:label1\" content=\"\u00c9crit par\" \/>\n\t<meta name=\"twitter:data1\" content=\"Boulegue\" \/>\n\t<meta name=\"twitter:label2\" content=\"Dur\u00e9e de lecture estim\u00e9e\" \/>\n\t<meta name=\"twitter:data2\" content=\"5 minutes\" \/>\n<script type=\"application\/ld+json\" class=\"yoast-schema-graph\">{\"@context\":\"https:\\\/\\\/schema.org\",\"@graph\":[{\"@type\":\"Article\",\"@id\":\"https:\\\/\\\/www.semen-l.org\\\/?p=218#article\",\"isPartOf\":{\"@id\":\"https:\\\/\\\/www.semen-l.org\\\/?p=218\"},\"author\":{\"name\":\"Boulegue\",\"@id\":\"http:\\\/\\\/www.semen-l.org\\\/#\\\/schema\\\/person\\\/d731d51d65c02c237b08afabcef1c737\"},\"headline\":\"Publications, bulletin automne-hiver 2012-2013\",\"datePublished\":\"2014-02-02T13:15:21+00:00\",\"dateModified\":\"2020-11-19T00:14:52+00:00\",\"mainEntityOfPage\":{\"@id\":\"https:\\\/\\\/www.semen-l.org\\\/?p=218\"},\"wordCount\":1094,\"commentCount\":0,\"publisher\":{\"@id\":\"http:\\\/\\\/www.semen-l.org\\\/#organization\"},\"image\":{\"@id\":\"https:\\\/\\\/www.semen-l.org\\\/?p=218#primaryimage\"},\"thumbnailUrl\":\"http:\\\/\\\/www.semen-l.org\\\/wp-content\\\/uploads\\\/2020\\\/11\\\/ciceron-livre.jpg\",\"keywords\":[\"Alberti (Leon Battista)\",\"all\u00e9gorie\",\"B\u00e9rauld (Nicolas)\",\"Biondo (Flavio)\",\"Boccace\",\"Campanella (Tomaso)\",\"De claris mulieribus (Boccace)\",\"De solitudine (Livre de la solitude)\",\"De tradendis disciplinis (Juan Luis Vives)\",\"Dialogues (Pontano)\",\"douceur\",\"\u00c9rasme\",\"Ethica Quaestiones super Ethicam\",\"Fonzio (Bartolomeo)\",\"Iulius exclusus e coelis (\u00c9rasme)\",\"Jean de Salisbury\",\"La fortuna (Pontano)\",\"Momus\",\"Morph\u00e9e\",\"Nifo (Agostino)\",\"O'Meara (Dermot)\",\"Ormonius\",\"P\u00e9trarque\",\"Pomponazzi (Pietro)\",\"Pontano (Giovanni)\",\"Praelectio et commentaire \u00e0 la Silve Rusticus d\u2019Ange Politien\",\"r\u00eave\",\"Roma instaurata\",\"Sainte-Marthe (Sc\u00e9vole de)\",\"Scaliger (Joseph Juste)\",\"Seniles\",\"Sponde (Jean de)\",\"sylve\",\"symbole\",\"Tractatus de immortalitate animae\",\"traduction\",\"tyran\",\"Vives (Juan Luis)\"],\"articleSection\":[\"Publications\"],\"inLanguage\":\"fr-FR\",\"potentialAction\":[{\"@type\":\"CommentAction\",\"name\":\"Comment\",\"target\":[\"https:\\\/\\\/www.semen-l.org\\\/?p=218#respond\"]}]},{\"@type\":\"WebPage\",\"@id\":\"https:\\\/\\\/www.semen-l.org\\\/?p=218\",\"url\":\"https:\\\/\\\/www.semen-l.org\\\/?p=218\",\"name\":\"Publications, bulletin automne-hiver 2012-2013 - Soci\u00e9t\u00e9 d&#039;\u00c9tudes M\u00e9dio Et N\u00e9o-Latines\",\"isPartOf\":{\"@id\":\"http:\\\/\\\/www.semen-l.org\\\/#website\"},\"primaryImageOfPage\":{\"@id\":\"https:\\\/\\\/www.semen-l.org\\\/?p=218#primaryimage\"},\"image\":{\"@id\":\"https:\\\/\\\/www.semen-l.org\\\/?p=218#primaryimage\"},\"thumbnailUrl\":\"http:\\\/\\\/www.semen-l.org\\\/wp-content\\\/uploads\\\/2020\\\/11\\\/ciceron-livre.jpg\",\"datePublished\":\"2014-02-02T13:15:21+00:00\",\"dateModified\":\"2020-11-19T00:14:52+00:00\",\"breadcrumb\":{\"@id\":\"https:\\\/\\\/www.semen-l.org\\\/?p=218#breadcrumb\"},\"inLanguage\":\"fr-FR\",\"potentialAction\":[{\"@type\":\"ReadAction\",\"target\":[\"https:\\\/\\\/www.semen-l.org\\\/?p=218\"]}]},{\"@type\":\"ImageObject\",\"inLanguage\":\"fr-FR\",\"@id\":\"https:\\\/\\\/www.semen-l.org\\\/?p=218#primaryimage\",\"url\":\"http:\\\/\\\/www.semen-l.org\\\/wp-content\\\/uploads\\\/2020\\\/11\\\/ciceron-livre.jpg\",\"contentUrl\":\"http:\\\/\\\/www.semen-l.org\\\/wp-content\\\/uploads\\\/2020\\\/11\\\/ciceron-livre.jpg\",\"width\":200,\"height\":200,\"caption\":\"Le jeune Cic\u00e9ron lit un livre\"},{\"@type\":\"BreadcrumbList\",\"@id\":\"https:\\\/\\\/www.semen-l.org\\\/?p=218#breadcrumb\",\"itemListElement\":[{\"@type\":\"ListItem\",\"position\":1,\"name\":\"Accueil\",\"item\":\"http:\\\/\\\/www.semen-l.org\\\/\"},{\"@type\":\"ListItem\",\"position\":2,\"name\":\"Publications, bulletin automne-hiver 2012-2013\"}]},{\"@type\":\"WebSite\",\"@id\":\"http:\\\/\\\/www.semen-l.org\\\/#website\",\"url\":\"http:\\\/\\\/www.semen-l.org\\\/\",\"name\":\"Soci\u00e9t\u00e9 d'\u00c9tudes M\u00e9dio Et N\u00e9o-Latines\",\"description\":\"\",\"publisher\":{\"@id\":\"http:\\\/\\\/www.semen-l.org\\\/#organization\"},\"potentialAction\":[{\"@type\":\"SearchAction\",\"target\":{\"@type\":\"EntryPoint\",\"urlTemplate\":\"http:\\\/\\\/www.semen-l.org\\\/?s={search_term_string}\"},\"query-input\":{\"@type\":\"PropertyValueSpecification\",\"valueRequired\":true,\"valueName\":\"search_term_string\"}}],\"inLanguage\":\"fr-FR\"},{\"@type\":\"Organization\",\"@id\":\"http:\\\/\\\/www.semen-l.org\\\/#organization\",\"name\":\"Soci\u00e9t\u00e9 d'\u00e9tudes m\u00e9dio et n\u00e9o-latines\",\"url\":\"http:\\\/\\\/www.semen-l.org\\\/\",\"logo\":{\"@type\":\"ImageObject\",\"inLanguage\":\"fr-FR\",\"@id\":\"http:\\\/\\\/www.semen-l.org\\\/#\\\/schema\\\/logo\\\/image\\\/\",\"url\":\"http:\\\/\\\/www.semen-l.org\\\/wp-content\\\/uploads\\\/2020\\\/11\\\/logo-semenl.jpg\",\"contentUrl\":\"http:\\\/\\\/www.semen-l.org\\\/wp-content\\\/uploads\\\/2020\\\/11\\\/logo-semenl.jpg\",\"width\":408,\"height\":403,\"caption\":\"Soci\u00e9t\u00e9 d'\u00e9tudes m\u00e9dio et n\u00e9o-latines\"},\"image\":{\"@id\":\"http:\\\/\\\/www.semen-l.org\\\/#\\\/schema\\\/logo\\\/image\\\/\"},\"sameAs\":[\"https:\\\/\\\/www.facebook.com\\\/SEMENL2018\",\"https:\\\/\\\/independent.academia.edu\\\/SocitsdtudesmdioetnolatinesSEMENL\"]},{\"@type\":\"Person\",\"@id\":\"http:\\\/\\\/www.semen-l.org\\\/#\\\/schema\\\/person\\\/d731d51d65c02c237b08afabcef1c737\",\"name\":\"Boulegue\",\"image\":{\"@type\":\"ImageObject\",\"inLanguage\":\"fr-FR\",\"@id\":\"https:\\\/\\\/secure.gravatar.com\\\/avatar\\\/06f583f8ec7095d1ddc68e410ce47fe7e1c0fb362e339094e6e777357c7aa17a?s=96&d=mm&r=g\",\"url\":\"https:\\\/\\\/secure.gravatar.com\\\/avatar\\\/06f583f8ec7095d1ddc68e410ce47fe7e1c0fb362e339094e6e777357c7aa17a?s=96&d=mm&r=g\",\"contentUrl\":\"https:\\\/\\\/secure.gravatar.com\\\/avatar\\\/06f583f8ec7095d1ddc68e410ce47fe7e1c0fb362e339094e6e777357c7aa17a?s=96&d=mm&r=g\",\"caption\":\"Boulegue\"},\"url\":\"http:\\\/\\\/www.semen-l.org\\\/?author=4\"}]}<\/script>\n<!-- \/ Yoast SEO plugin. -->","yoast_head_json":{"title":"Publications, bulletin automne-hiver 2012-2013 - Soci\u00e9t\u00e9 d&#039;\u00c9tudes M\u00e9dio Et N\u00e9o-Latines","robots":{"index":"index","follow":"follow","max-snippet":"max-snippet:-1","max-image-preview":"max-image-preview:large","max-video-preview":"max-video-preview:-1"},"canonical":"https:\/\/www.semen-l.org\/?p=218","og_locale":"fr_FR","og_type":"article","og_title":"Publications, bulletin automne-hiver 2012-2013 - Soci\u00e9t\u00e9 d&#039;\u00c9tudes M\u00e9dio Et N\u00e9o-Latines","og_description":"Publications, automne-hiver 2012-2013 I. Textes &#8211; Biondo, Flavio, Roma instaurata \/ Rome restaur\u00e9e, Tome 2, ivre 2, texte, trad., intr. et notes A. Raffarin-Dupuis, Paris, Les Belles Lettres (\u00ab\u00a0Classiques de l\u2019Humanisme\u00a0\u00bb), 2012. &#8211; Campanella, Tomaso, Ethica. Quaestiones super Ethicam, \u00e9d. &hellip; Continuer la lecture &rarr;","og_url":"https:\/\/www.semen-l.org\/?p=218","og_site_name":"Soci\u00e9t\u00e9 d&#039;\u00c9tudes M\u00e9dio Et N\u00e9o-Latines","article_publisher":"https:\/\/www.facebook.com\/SEMENL2018","article_published_time":"2014-02-02T13:15:21+00:00","article_modified_time":"2020-11-19T00:14:52+00:00","og_image":[{"width":200,"height":200,"url":"https:\/\/www.semen-l.org\/wp-content\/uploads\/2020\/11\/ciceron-livre.jpg","type":"image\/jpeg"}],"author":"Boulegue","twitter_card":"summary_large_image","twitter_misc":{"\u00c9crit par":"Boulegue","Dur\u00e9e de lecture estim\u00e9e":"5 minutes"},"schema":{"@context":"https:\/\/schema.org","@graph":[{"@type":"Article","@id":"https:\/\/www.semen-l.org\/?p=218#article","isPartOf":{"@id":"https:\/\/www.semen-l.org\/?p=218"},"author":{"name":"Boulegue","@id":"http:\/\/www.semen-l.org\/#\/schema\/person\/d731d51d65c02c237b08afabcef1c737"},"headline":"Publications, bulletin automne-hiver 2012-2013","datePublished":"2014-02-02T13:15:21+00:00","dateModified":"2020-11-19T00:14:52+00:00","mainEntityOfPage":{"@id":"https:\/\/www.semen-l.org\/?p=218"},"wordCount":1094,"commentCount":0,"publisher":{"@id":"http:\/\/www.semen-l.org\/#organization"},"image":{"@id":"https:\/\/www.semen-l.org\/?p=218#primaryimage"},"thumbnailUrl":"http:\/\/www.semen-l.org\/wp-content\/uploads\/2020\/11\/ciceron-livre.jpg","keywords":["Alberti (Leon Battista)","all\u00e9gorie","B\u00e9rauld (Nicolas)","Biondo (Flavio)","Boccace","Campanella (Tomaso)","De claris mulieribus (Boccace)","De solitudine (Livre de la solitude)","De tradendis disciplinis (Juan Luis Vives)","Dialogues (Pontano)","douceur","\u00c9rasme","Ethica Quaestiones super Ethicam","Fonzio (Bartolomeo)","Iulius exclusus e coelis (\u00c9rasme)","Jean de Salisbury","La fortuna (Pontano)","Momus","Morph\u00e9e","Nifo (Agostino)","O'Meara (Dermot)","Ormonius","P\u00e9trarque","Pomponazzi (Pietro)","Pontano (Giovanni)","Praelectio et commentaire \u00e0 la Silve Rusticus d\u2019Ange Politien","r\u00eave","Roma instaurata","Sainte-Marthe (Sc\u00e9vole de)","Scaliger (Joseph Juste)","Seniles","Sponde (Jean de)","sylve","symbole","Tractatus de immortalitate animae","traduction","tyran","Vives (Juan Luis)"],"articleSection":["Publications"],"inLanguage":"fr-FR","potentialAction":[{"@type":"CommentAction","name":"Comment","target":["https:\/\/www.semen-l.org\/?p=218#respond"]}]},{"@type":"WebPage","@id":"https:\/\/www.semen-l.org\/?p=218","url":"https:\/\/www.semen-l.org\/?p=218","name":"Publications, bulletin automne-hiver 2012-2013 - Soci\u00e9t\u00e9 d&#039;\u00c9tudes M\u00e9dio Et N\u00e9o-Latines","isPartOf":{"@id":"http:\/\/www.semen-l.org\/#website"},"primaryImageOfPage":{"@id":"https:\/\/www.semen-l.org\/?p=218#primaryimage"},"image":{"@id":"https:\/\/www.semen-l.org\/?p=218#primaryimage"},"thumbnailUrl":"http:\/\/www.semen-l.org\/wp-content\/uploads\/2020\/11\/ciceron-livre.jpg","datePublished":"2014-02-02T13:15:21+00:00","dateModified":"2020-11-19T00:14:52+00:00","breadcrumb":{"@id":"https:\/\/www.semen-l.org\/?p=218#breadcrumb"},"inLanguage":"fr-FR","potentialAction":[{"@type":"ReadAction","target":["https:\/\/www.semen-l.org\/?p=218"]}]},{"@type":"ImageObject","inLanguage":"fr-FR","@id":"https:\/\/www.semen-l.org\/?p=218#primaryimage","url":"http:\/\/www.semen-l.org\/wp-content\/uploads\/2020\/11\/ciceron-livre.jpg","contentUrl":"http:\/\/www.semen-l.org\/wp-content\/uploads\/2020\/11\/ciceron-livre.jpg","width":200,"height":200,"caption":"Le jeune Cic\u00e9ron lit un livre"},{"@type":"BreadcrumbList","@id":"https:\/\/www.semen-l.org\/?p=218#breadcrumb","itemListElement":[{"@type":"ListItem","position":1,"name":"Accueil","item":"http:\/\/www.semen-l.org\/"},{"@type":"ListItem","position":2,"name":"Publications, bulletin automne-hiver 2012-2013"}]},{"@type":"WebSite","@id":"http:\/\/www.semen-l.org\/#website","url":"http:\/\/www.semen-l.org\/","name":"Soci\u00e9t\u00e9 d'\u00c9tudes M\u00e9dio Et N\u00e9o-Latines","description":"","publisher":{"@id":"http:\/\/www.semen-l.org\/#organization"},"potentialAction":[{"@type":"SearchAction","target":{"@type":"EntryPoint","urlTemplate":"http:\/\/www.semen-l.org\/?s={search_term_string}"},"query-input":{"@type":"PropertyValueSpecification","valueRequired":true,"valueName":"search_term_string"}}],"inLanguage":"fr-FR"},{"@type":"Organization","@id":"http:\/\/www.semen-l.org\/#organization","name":"Soci\u00e9t\u00e9 d'\u00e9tudes m\u00e9dio et n\u00e9o-latines","url":"http:\/\/www.semen-l.org\/","logo":{"@type":"ImageObject","inLanguage":"fr-FR","@id":"http:\/\/www.semen-l.org\/#\/schema\/logo\/image\/","url":"http:\/\/www.semen-l.org\/wp-content\/uploads\/2020\/11\/logo-semenl.jpg","contentUrl":"http:\/\/www.semen-l.org\/wp-content\/uploads\/2020\/11\/logo-semenl.jpg","width":408,"height":403,"caption":"Soci\u00e9t\u00e9 d'\u00e9tudes m\u00e9dio et n\u00e9o-latines"},"image":{"@id":"http:\/\/www.semen-l.org\/#\/schema\/logo\/image\/"},"sameAs":["https:\/\/www.facebook.com\/SEMENL2018","https:\/\/independent.academia.edu\/SocitsdtudesmdioetnolatinesSEMENL"]},{"@type":"Person","@id":"http:\/\/www.semen-l.org\/#\/schema\/person\/d731d51d65c02c237b08afabcef1c737","name":"Boulegue","image":{"@type":"ImageObject","inLanguage":"fr-FR","@id":"https:\/\/secure.gravatar.com\/avatar\/06f583f8ec7095d1ddc68e410ce47fe7e1c0fb362e339094e6e777357c7aa17a?s=96&d=mm&r=g","url":"https:\/\/secure.gravatar.com\/avatar\/06f583f8ec7095d1ddc68e410ce47fe7e1c0fb362e339094e6e777357c7aa17a?s=96&d=mm&r=g","contentUrl":"https:\/\/secure.gravatar.com\/avatar\/06f583f8ec7095d1ddc68e410ce47fe7e1c0fb362e339094e6e777357c7aa17a?s=96&d=mm&r=g","caption":"Boulegue"},"url":"http:\/\/www.semen-l.org\/?author=4"}]}},"jetpack_featured_media_url":"http:\/\/www.semen-l.org\/wp-content\/uploads\/2020\/11\/ciceron-livre.jpg","_links":{"self":[{"href":"http:\/\/www.semen-l.org\/index.php?rest_route=\/wp\/v2\/posts\/218","targetHints":{"allow":["GET"]}}],"collection":[{"href":"http:\/\/www.semen-l.org\/index.php?rest_route=\/wp\/v2\/posts"}],"about":[{"href":"http:\/\/www.semen-l.org\/index.php?rest_route=\/wp\/v2\/types\/post"}],"author":[{"embeddable":true,"href":"http:\/\/www.semen-l.org\/index.php?rest_route=\/wp\/v2\/users\/4"}],"replies":[{"embeddable":true,"href":"http:\/\/www.semen-l.org\/index.php?rest_route=%2Fwp%2Fv2%2Fcomments&post=218"}],"version-history":[{"count":0,"href":"http:\/\/www.semen-l.org\/index.php?rest_route=\/wp\/v2\/posts\/218\/revisions"}],"wp:featuredmedia":[{"embeddable":true,"href":"http:\/\/www.semen-l.org\/index.php?rest_route=\/wp\/v2\/media\/837"}],"wp:attachment":[{"href":"http:\/\/www.semen-l.org\/index.php?rest_route=%2Fwp%2Fv2%2Fmedia&parent=218"}],"wp:term":[{"taxonomy":"category","embeddable":true,"href":"http:\/\/www.semen-l.org\/index.php?rest_route=%2Fwp%2Fv2%2Fcategories&post=218"},{"taxonomy":"post_tag","embeddable":true,"href":"http:\/\/www.semen-l.org\/index.php?rest_route=%2Fwp%2Fv2%2Ftags&post=218"}],"curies":[{"name":"wp","href":"https:\/\/api.w.org\/{rel}","templated":true}]}}