{"id":2095,"date":"2020-10-01T22:48:38","date_gmt":"2020-10-01T22:48:38","guid":{"rendered":"https:\/\/www.semen-l.org\/?p=2095"},"modified":"2023-01-24T11:32:10","modified_gmt":"2023-01-24T11:32:10","slug":"colloques-et-programmes-de-recherche-octobre-2020","status":"publish","type":"post","link":"http:\/\/www.semen-l.org\/?p=2095","title":{"rendered":"Colloques et programmes de recherche (octobre 2020)"},"content":{"rendered":"<p>COLLOQUES, CONGR\u00c8S &amp; PROGRAMMES DE RECHERCHE (bulletin d&rsquo;octobre 2020)<\/p>\n<p>Colloques, congr\u00e8s<br \/>\n&#8211; 5-6 octobre 2020, Journ\u00e9e d\u2019\u00e9tudes : \u00ab Remembratio codicum. Manuscrits<br \/>\nfragmentaires de chant reconstruits \u00bb, org. J. Delmulle (IRHT) et H. Morvan<br \/>\n(Institut Ausonius), Universit\u00e9 Bordeaux Montaigne.<br \/>\n&#8211; 15 oct. 2020, Amiens (Logis du Roy), UPJV-UR 4284 TrAme, Journ\u00e9e<br \/>\n\u00ab \u00c9crire en po\u00e8te au temps des conflits confessionnels \u00bb, org. A. Duru<br \/>\n(audrey.duru@u-picardie.fr).<br \/>\n&#8211; 22-23 octobre 2020. Atelier P\u00e9dagogies de la Renaissance et supports de l\u2019\u00e9crit, org.<br \/>\nLucie Claire, Martine Furno, Anne-H\u00e9l\u00e8ne Klinger-Doll\u00e9 et Laurent Naas,<br \/>\nVilleurbanne, ENSSIB.<br \/>\n&#8211; 16-18 novembre 2020, Universit\u00e9 de Louvain-la-Neuve, colloque \u00ab Penser<br \/>\nautrement les lettres et les arts : la voie\/voix de la scolastique (1500-1700) \u00bb, org.<br \/>\nR. Dekoninck &#8211; A. Guiderdoni &#8211; A. Smeesters (aline.smeesters@uclouvain.be).<br \/>\n&#8211; 21 novembre 2020, Atelier XVIe si\u00e8cle : \u00ab Le grec \u00e0 la Renaissance \u00bb,<br \/>\nAmphith\u00e9\u00e2tre Chasles, 10h-17h.<br \/>\n&#8211; 12 f\u00e9vrier 2021, Colloque inaugural de l\u2019Association canadienne d\u2019\u00e9tudes n\u00e9olatines\/Canadian Association of Neo-Latin studies, org. P. Cohen (University of<br \/>\nToronto), M. McShane (University of Toronto), J. Nassichuk (University of<br \/>\nWestern Ontario), L. Roman (Memorial University), F. Rouget (Queen\u2019s<br \/>\nUniversity).<br \/>\n&#8211; 23-24 f\u00e9vrier 2021, Colloque Histoire et transmission de la Passio imaginis<br \/>\nSalvatoris, org. Nick Thate, Aubervilliers, Campus Condorcet.<br \/>\n&#8211; 1er et 2 avril 2021, \u00ab La vie du livre \u00bb et \u00ab Les biblioth\u00e8ques et collections \u00bb en<br \/>\nAquitaine \u00e0 l&rsquo;\u00e9poque de Montaigne (calendrier susceptible de modifications : voir<br \/>\nles pages d\u00e9di\u00e9es du Centre Montaigne : https:\/\/centre-montaigne.humanum.fr\/le-centre-montaigne\/le-centre-montaigne.html).<br \/>\n&#8211; 7-10 avril 2021, Dublin (en visio-conf\u00e9rence), Renaissance Society of America<br \/>\n67th Annual Meeting.<br \/>\n&#8211; 7-10 avril 2021, Dublin (en visio-conf\u00e9rence), Session double \u00ab The women&rsquo;s<br \/>\nissue among Italian and French humanists : I. Debates \/ II. Representations \u00bb, org.<br \/>\nL. Boul\u00e8gue (UR UPJV 4284 TrAme) &#8211; S. Gambino Longo (U. Lyon), RSA 67th<br \/>\nAnnual Meeting.<br \/>\n&#8211; 7-10 avril 2021, Dublin (en visio-conf\u00e9rence), Table ronde \u00ab Les Opera omnia<br \/>\nde Jean Second (1511-1536) \u00bb, org. M. Laureys (U. Bonn) \u2013 V. Leroux (EPHE,<br \/>\nPSL), RSA 67th Annual Meeting.<br \/>\n&#8211; 20 mai 2021, Journ\u00e9e th\u00e9matique : \u00ab Les \u00ab r\u00e9v\u00e9lations \u00bb comme support de<br \/>\ntransmission d\u2019un savoir cosmologique \u00bb, org. I. Draelants, J.-Ch. Coulon et E.<br \/>\nAbate, Aubervilliers, Campus Condorcet.<br \/>\n&#8211; juin 2021 (dates \u00e0 pr\u00e9ciser), Dijon, Universit\u00e9 de Bourgogne, Congr\u00e8s de la<br \/>\nSEMEN-L \u00ab Latin et grec au Moyen \u00c2ge et \u00e0 la Renaissance \u00bb, org. S. LaigneauFontaine (sylvie.laigneau-fontaine@sfr.fr) et E. Oudot.<br \/>\n&#8211; 4 juin 2021, Universit\u00e9 de Picardie Jules Verne &#8211; Amiens, Journ\u00e9e scientifique<br \/>\ndu Congr\u00e8s de l&rsquo;APLAES, \u00ab Imitation des mod\u00e8les et intertextualit\u00e9(s) de la Gr\u00e8ce<br \/>\nancienne \u00e0 la Renaissance humaniste \u00bb, org. L. Boul\u00e8gue, M. Brouillet, N. Catellani,<br \/>\nL. Claire, contact laurence.boulegue@u-picardie.fr .<br \/>\n&#8211; 15-16 juin 2021, \u00ab Remembratio codicum. Manuscrits fragmentaires de chant<br \/>\nreconstruits \u00bb, org. J.-Fr. Goudesenne, G. Kagan(IRHT) et M.-\u00c9. Gautier<br \/>\n(Biblioth\u00e8que municipale, Angers), Archives d\u00e9partementales, Angers et Tours.<br \/>\n&#8211; 21-23 octobre 2021, Colloque P\u00e9dagogies de la Renaissance et supports de l\u2019\u00e9crit, org.<br \/>\nLucie Claire, Martine Furno, Anne-H\u00e9l\u00e8ne Klinger-Doll\u00e9 et Laurent Naas, S\u00e9lestat,<br \/>\nBiblioth\u00e8que humaniste.<br \/>\nProgrammes de recherche<br \/>\n&#8211; ARC Schol\u2019Art : Les th\u00e9ories modernes des lettres et des arts \u00e0 la lumi\u00e8re de<br \/>\nla seconde scolastique (France-Italie, 1500-1700). Universit\u00e9 de Louvain-la-Neuve<br \/>\n\u2013 Gemca. Promoteurs : A. Guiderdoni, R. Dekoninck, A. Smeesters.<br \/>\n&#8211; HumanA (Humanismes Aquitains \/ Humanisme Aujourd&rsquo;hui en Nouvelle<br \/>\nAquitaine &#8211; Centre Montaigne, dir. V. Giacomotto-Charra, Universit\u00e9 Bordeaux<br \/>\nMontaigne) : projet contribuant \u00e0 l\u2019\u00e9tablisSEMENt des sources et \u00e0 une<br \/>\ncartographie de l\u2019humanisme aquitain ; \u00e0 l\u2019\u00e9tude de la vie intellectuelle, des r\u00e9seaux<br \/>\nde sociabilit\u00e9 et de la construction de l\u2019identit\u00e9 aquitaine ; aux pratiques d\u2019\u00e9criture<br \/>\net \u00e0 la vie litt\u00e9raire. Cr\u00e9ation en 2020 d\u2019une collection num\u00e9rique : S@voirs<br \/>\nhumanistes (Un@ \u00e9ditions). Pour une description d\u00e9taill\u00e9e du projet et des actions<br \/>\nde recherche (et, en particulier, la journ\u00e9e d\u2019\u00e9tude qui sera organis\u00e9e en partenariat<br \/>\navec la SEMEN-L en juin 2022 : \u00ab Aquitani\u00e6 latin\u00e6 1400-1700 : la litt\u00e9rature n\u00e9olatine en Aquitaine \u00bb), consulter le site du Centre Montaigne :<br \/>\nhttps:\/\/centre-montaigne.huma-num.fr\/projets-du-crmt\/humana\/humanaactions-pr%C3%A9vues.html<br \/>\n&#8211; Burgundia humanistica : Les \u00e9crivains bourguignons qui \u00e9crivent en latin et\/ou<br \/>\nen grec aux XVIe et XVIIe si\u00e8cles. Promotrice : S. Laigneau-Fontaine (Universit\u00e9<br \/>\nde Dijon). Ce projet a re\u00e7u le soutien du Conseil R\u00e9gional de Bourgogne, qui lui a<br \/>\nattribu\u00e9 un financement et un contrat doctoral : Elena Ghiringhelli travaillera sous<br \/>\nla direction de S. Laigneau-Fontaine et celle de Val\u00e9rie Wampfler sur la<br \/>\nContinuation des Fastes d\u2019Ovide par le Dijonnais Claude-Barth\u00e9lemy Morisot<br \/>\n(1649). Plusieurs travaux actuellement en cours appartiennent par ailleurs \u00e0 ce<br \/>\nprojet, par exemple l\u2019\u00e9dition, traduction, commentaire de la Gigantomachie de<br \/>\nl\u2019Autunois Jacques Guijon (1658). Le corpus est immense et vari\u00e9 (textes de droit,<br \/>\nde m\u00e9decine, tumuli, \u00e9loges, correspondances, po\u00e9sies diverses\u2026) et toutes les<br \/>\nbonnes volont\u00e9s d\u00e9sirant participer au projet sont les bienvenues !<br \/>\n&#8211; projet CREAMYTHALEX : La r\u00e9ception de l\u2019Antiquit\u00e9 grecque en Europe.<br \/>\nPromotrice Catherine Gaullier-Bougassas Le projet a d\u2019abord port\u00e9 sur la figure<br \/>\nd\u2019Alexandre le Grand et les travaux permis par un financement ANR ont \u00e9t\u00e9<br \/>\npubli\u00e9s dans la collection \u00ab Alexander redivivus \u00bb cr\u00e9\u00e9e durant ce projet chez<br \/>\nBrepols (http:\/\/www.brepols.net\/Pages\/BrowseBySeries.aspx?TreeSeries=AR).<br \/>\nIl s\u2019est ensuite \u00e9largi \u00e0 la r\u00e9ception de l\u2019Antiquit\u00e9 grecque d\u2019avant Alexandre. Une<br \/>\nnouvelle collection a ainsi \u00e9t\u00e9 cr\u00e9\u00e9e chez Brepols: \u00ab Recherches sur les R\u00e9ceptions<br \/>\nde l\u2019Antiquit\u00e9 \u00bb, direction Catherine Gaullier-Bougassas :<br \/>\nhttp:\/\/www.brepols.net\/Pages\/BrowseBySeries.aspx?TreeSeries=RRA&#038;fbclid=<br \/>\nIwAR0MNaU1ZLctpVqzbXIpFzeYEz0c_mIwGFpe1WpVLK7vDUMGOZCV<br \/>\nMnYlflQ<br \/>\nDeux journ\u00e9es d\u2019\u00e9tude sont pr\u00e9vues en 2021, l\u2019une sur les repr\u00e9sentations de<br \/>\nl\u2019espace grec antique, l\u2019autre sur les \u00e9critures mythologiques. Les dates ne sont pas<br \/>\nencore fix\u00e9es en raison de la crise. Contact : catherine-bougassas@orange.fr<\/p>\n","protected":false},"excerpt":{"rendered":"<p>COLLOQUES, CONGR\u00c8S &amp; PROGRAMMES DE RECHERCHE (bulletin d&rsquo;octobre 2020) Colloques, congr\u00e8s &#8211; 5-6 octobre 2020, Journ\u00e9e d\u2019\u00e9tudes : \u00ab Remembratio codicum. Manuscrits fragmentaires de chant reconstruits \u00bb, org. J. Delmulle (IRHT) et H. Morvan (Institut Ausonius), Universit\u00e9 Bordeaux Montaigne. &#8211; &hellip; <a href=\"http:\/\/www.semen-l.org\/?p=2095\">Continuer la lecture <span class=\"meta-nav\">&rarr;<\/span><\/a><\/p>\n","protected":false},"author":26,"featured_media":1624,"comment_status":"open","ping_status":"open","sticky":false,"template":"","format":"standard","meta":{"footnotes":""},"categories":[4],"tags":[],"class_list":["post-2095","post","type-post","status-publish","format-standard","has-post-thumbnail","hentry","category-colloques"],"yoast_head":"<!-- This site is optimized with the Yoast SEO plugin v27.5 - https:\/\/yoast.com\/product\/yoast-seo-wordpress\/ -->\n<title>Colloques et programmes de recherche (octobre 2020) - Soci\u00e9t\u00e9 d&#039;\u00c9tudes M\u00e9dio Et N\u00e9o-Latines<\/title>\n<meta name=\"robots\" content=\"index, follow, max-snippet:-1, max-image-preview:large, max-video-preview:-1\" \/>\n<link rel=\"canonical\" href=\"http:\/\/www.semen-l.org\/?p=2095\" \/>\n<meta property=\"og:locale\" content=\"fr_FR\" \/>\n<meta property=\"og:type\" content=\"article\" \/>\n<meta property=\"og:title\" content=\"Colloques et programmes de recherche (octobre 2020) - Soci\u00e9t\u00e9 d&#039;\u00c9tudes M\u00e9dio Et N\u00e9o-Latines\" \/>\n<meta property=\"og:description\" content=\"COLLOQUES, CONGR\u00c8S &amp; PROGRAMMES DE RECHERCHE (bulletin d&rsquo;octobre 2020) Colloques, congr\u00e8s &#8211; 5-6 octobre 2020, Journ\u00e9e d\u2019\u00e9tudes : \u00ab Remembratio codicum. Manuscrits fragmentaires de chant reconstruits \u00bb, org. J. Delmulle (IRHT) et H. Morvan (Institut Ausonius), Universit\u00e9 Bordeaux Montaigne. &#8211; &hellip; Continuer la lecture &rarr;\" \/>\n<meta property=\"og:url\" content=\"http:\/\/www.semen-l.org\/?p=2095\" \/>\n<meta property=\"og:site_name\" content=\"Soci\u00e9t\u00e9 d&#039;\u00c9tudes M\u00e9dio Et N\u00e9o-Latines\" \/>\n<meta property=\"article:publisher\" content=\"https:\/\/www.facebook.com\/SEMENL2018\" \/>\n<meta property=\"article:published_time\" content=\"2020-10-01T22:48:38+00:00\" \/>\n<meta property=\"article:modified_time\" content=\"2023-01-24T11:32:10+00:00\" \/>\n<meta property=\"og:image\" content=\"http:\/\/www.semen-l.org\/wp-content\/uploads\/2020\/12\/Antonellodeantonio-detail.jpg\" \/>\n\t<meta property=\"og:image:width\" content=\"500\" \/>\n\t<meta property=\"og:image:height\" content=\"200\" \/>\n\t<meta property=\"og:image:type\" content=\"image\/jpeg\" \/>\n<meta name=\"author\" content=\"Julien Maudoux\" \/>\n<meta name=\"twitter:card\" content=\"summary_large_image\" \/>\n<meta name=\"twitter:label1\" content=\"\u00c9crit par\" \/>\n\t<meta name=\"twitter:data1\" content=\"Julien Maudoux\" \/>\n\t<meta name=\"twitter:label2\" content=\"Dur\u00e9e de lecture estim\u00e9e\" \/>\n\t<meta name=\"twitter:data2\" content=\"5 minutes\" \/>\n<script type=\"application\/ld+json\" class=\"yoast-schema-graph\">{\"@context\":\"https:\\\/\\\/schema.org\",\"@graph\":[{\"@type\":\"Article\",\"@id\":\"http:\\\/\\\/www.semen-l.org\\\/?p=2095#article\",\"isPartOf\":{\"@id\":\"http:\\\/\\\/www.semen-l.org\\\/?p=2095\"},\"author\":{\"name\":\"Julien Maudoux\",\"@id\":\"http:\\\/\\\/www.semen-l.org\\\/#\\\/schema\\\/person\\\/ef5208815f17666727763c5363a51344\"},\"headline\":\"Colloques et programmes de recherche (octobre 2020)\",\"datePublished\":\"2020-10-01T22:48:38+00:00\",\"dateModified\":\"2023-01-24T11:32:10+00:00\",\"mainEntityOfPage\":{\"@id\":\"http:\\\/\\\/www.semen-l.org\\\/?p=2095\"},\"wordCount\":966,\"commentCount\":0,\"publisher\":{\"@id\":\"http:\\\/\\\/www.semen-l.org\\\/#organization\"},\"image\":{\"@id\":\"http:\\\/\\\/www.semen-l.org\\\/?p=2095#primaryimage\"},\"thumbnailUrl\":\"http:\\\/\\\/www.semen-l.org\\\/wp-content\\\/uploads\\\/2020\\\/12\\\/Antonellodeantonio-detail.jpg\",\"articleSection\":[\"Colloques\"],\"inLanguage\":\"fr-FR\",\"potentialAction\":[{\"@type\":\"CommentAction\",\"name\":\"Comment\",\"target\":[\"http:\\\/\\\/www.semen-l.org\\\/?p=2095#respond\"]}]},{\"@type\":\"WebPage\",\"@id\":\"http:\\\/\\\/www.semen-l.org\\\/?p=2095\",\"url\":\"http:\\\/\\\/www.semen-l.org\\\/?p=2095\",\"name\":\"Colloques et programmes de recherche (octobre 2020) - Soci\u00e9t\u00e9 d&#039;\u00c9tudes M\u00e9dio Et N\u00e9o-Latines\",\"isPartOf\":{\"@id\":\"http:\\\/\\\/www.semen-l.org\\\/#website\"},\"primaryImageOfPage\":{\"@id\":\"http:\\\/\\\/www.semen-l.org\\\/?p=2095#primaryimage\"},\"image\":{\"@id\":\"http:\\\/\\\/www.semen-l.org\\\/?p=2095#primaryimage\"},\"thumbnailUrl\":\"http:\\\/\\\/www.semen-l.org\\\/wp-content\\\/uploads\\\/2020\\\/12\\\/Antonellodeantonio-detail.jpg\",\"datePublished\":\"2020-10-01T22:48:38+00:00\",\"dateModified\":\"2023-01-24T11:32:10+00:00\",\"breadcrumb\":{\"@id\":\"http:\\\/\\\/www.semen-l.org\\\/?p=2095#breadcrumb\"},\"inLanguage\":\"fr-FR\",\"potentialAction\":[{\"@type\":\"ReadAction\",\"target\":[\"http:\\\/\\\/www.semen-l.org\\\/?p=2095\"]}]},{\"@type\":\"ImageObject\",\"inLanguage\":\"fr-FR\",\"@id\":\"http:\\\/\\\/www.semen-l.org\\\/?p=2095#primaryimage\",\"url\":\"http:\\\/\\\/www.semen-l.org\\\/wp-content\\\/uploads\\\/2020\\\/12\\\/Antonellodeantonio-detail.jpg\",\"contentUrl\":\"http:\\\/\\\/www.semen-l.org\\\/wp-content\\\/uploads\\\/2020\\\/12\\\/Antonellodeantonio-detail.jpg\",\"width\":500,\"height\":200},{\"@type\":\"BreadcrumbList\",\"@id\":\"http:\\\/\\\/www.semen-l.org\\\/?p=2095#breadcrumb\",\"itemListElement\":[{\"@type\":\"ListItem\",\"position\":1,\"name\":\"Accueil\",\"item\":\"http:\\\/\\\/www.semen-l.org\\\/\"},{\"@type\":\"ListItem\",\"position\":2,\"name\":\"Colloques et programmes de recherche (octobre 2020)\"}]},{\"@type\":\"WebSite\",\"@id\":\"http:\\\/\\\/www.semen-l.org\\\/#website\",\"url\":\"http:\\\/\\\/www.semen-l.org\\\/\",\"name\":\"Soci\u00e9t\u00e9 d'\u00c9tudes M\u00e9dio Et N\u00e9o-Latines\",\"description\":\"\",\"publisher\":{\"@id\":\"http:\\\/\\\/www.semen-l.org\\\/#organization\"},\"potentialAction\":[{\"@type\":\"SearchAction\",\"target\":{\"@type\":\"EntryPoint\",\"urlTemplate\":\"http:\\\/\\\/www.semen-l.org\\\/?s={search_term_string}\"},\"query-input\":{\"@type\":\"PropertyValueSpecification\",\"valueRequired\":true,\"valueName\":\"search_term_string\"}}],\"inLanguage\":\"fr-FR\"},{\"@type\":\"Organization\",\"@id\":\"http:\\\/\\\/www.semen-l.org\\\/#organization\",\"name\":\"Soci\u00e9t\u00e9 d'\u00e9tudes m\u00e9dio et n\u00e9o-latines\",\"url\":\"http:\\\/\\\/www.semen-l.org\\\/\",\"logo\":{\"@type\":\"ImageObject\",\"inLanguage\":\"fr-FR\",\"@id\":\"http:\\\/\\\/www.semen-l.org\\\/#\\\/schema\\\/logo\\\/image\\\/\",\"url\":\"http:\\\/\\\/www.semen-l.org\\\/wp-content\\\/uploads\\\/2020\\\/11\\\/logo-semenl.jpg\",\"contentUrl\":\"http:\\\/\\\/www.semen-l.org\\\/wp-content\\\/uploads\\\/2020\\\/11\\\/logo-semenl.jpg\",\"width\":408,\"height\":403,\"caption\":\"Soci\u00e9t\u00e9 d'\u00e9tudes m\u00e9dio et n\u00e9o-latines\"},\"image\":{\"@id\":\"http:\\\/\\\/www.semen-l.org\\\/#\\\/schema\\\/logo\\\/image\\\/\"},\"sameAs\":[\"https:\\\/\\\/www.facebook.com\\\/SEMENL2018\",\"https:\\\/\\\/independent.academia.edu\\\/SocitsdtudesmdioetnolatinesSEMENL\"]},{\"@type\":\"Person\",\"@id\":\"http:\\\/\\\/www.semen-l.org\\\/#\\\/schema\\\/person\\\/ef5208815f17666727763c5363a51344\",\"name\":\"Julien Maudoux\",\"image\":{\"@type\":\"ImageObject\",\"inLanguage\":\"fr-FR\",\"@id\":\"https:\\\/\\\/secure.gravatar.com\\\/avatar\\\/caabf4fb6242e2277733cd35a5c2aa083761ea25dae1d1ff3298b54292225292?s=96&d=mm&r=g\",\"url\":\"https:\\\/\\\/secure.gravatar.com\\\/avatar\\\/caabf4fb6242e2277733cd35a5c2aa083761ea25dae1d1ff3298b54292225292?s=96&d=mm&r=g\",\"contentUrl\":\"https:\\\/\\\/secure.gravatar.com\\\/avatar\\\/caabf4fb6242e2277733cd35a5c2aa083761ea25dae1d1ff3298b54292225292?s=96&d=mm&r=g\",\"caption\":\"Julien Maudoux\"},\"description\":\"Webmestre du site de la SEMEN-L\",\"url\":\"http:\\\/\\\/www.semen-l.org\\\/?author=26\"}]}<\/script>\n<!-- \/ Yoast SEO plugin. -->","yoast_head_json":{"title":"Colloques et programmes de recherche (octobre 2020) - Soci\u00e9t\u00e9 d&#039;\u00c9tudes M\u00e9dio Et N\u00e9o-Latines","robots":{"index":"index","follow":"follow","max-snippet":"max-snippet:-1","max-image-preview":"max-image-preview:large","max-video-preview":"max-video-preview:-1"},"canonical":"http:\/\/www.semen-l.org\/?p=2095","og_locale":"fr_FR","og_type":"article","og_title":"Colloques et programmes de recherche (octobre 2020) - Soci\u00e9t\u00e9 d&#039;\u00c9tudes M\u00e9dio Et N\u00e9o-Latines","og_description":"COLLOQUES, CONGR\u00c8S &amp; PROGRAMMES DE RECHERCHE (bulletin d&rsquo;octobre 2020) Colloques, congr\u00e8s &#8211; 5-6 octobre 2020, Journ\u00e9e d\u2019\u00e9tudes : \u00ab Remembratio codicum. Manuscrits fragmentaires de chant reconstruits \u00bb, org. J. Delmulle (IRHT) et H. Morvan (Institut Ausonius), Universit\u00e9 Bordeaux Montaigne. &#8211; &hellip; Continuer la lecture &rarr;","og_url":"http:\/\/www.semen-l.org\/?p=2095","og_site_name":"Soci\u00e9t\u00e9 d&#039;\u00c9tudes M\u00e9dio Et N\u00e9o-Latines","article_publisher":"https:\/\/www.facebook.com\/SEMENL2018","article_published_time":"2020-10-01T22:48:38+00:00","article_modified_time":"2023-01-24T11:32:10+00:00","og_image":[{"width":500,"height":200,"url":"http:\/\/www.semen-l.org\/wp-content\/uploads\/2020\/12\/Antonellodeantonio-detail.jpg","type":"image\/jpeg"}],"author":"Julien Maudoux","twitter_card":"summary_large_image","twitter_misc":{"\u00c9crit par":"Julien Maudoux","Dur\u00e9e de lecture estim\u00e9e":"5 minutes"},"schema":{"@context":"https:\/\/schema.org","@graph":[{"@type":"Article","@id":"http:\/\/www.semen-l.org\/?p=2095#article","isPartOf":{"@id":"http:\/\/www.semen-l.org\/?p=2095"},"author":{"name":"Julien Maudoux","@id":"http:\/\/www.semen-l.org\/#\/schema\/person\/ef5208815f17666727763c5363a51344"},"headline":"Colloques et programmes de recherche (octobre 2020)","datePublished":"2020-10-01T22:48:38+00:00","dateModified":"2023-01-24T11:32:10+00:00","mainEntityOfPage":{"@id":"http:\/\/www.semen-l.org\/?p=2095"},"wordCount":966,"commentCount":0,"publisher":{"@id":"http:\/\/www.semen-l.org\/#organization"},"image":{"@id":"http:\/\/www.semen-l.org\/?p=2095#primaryimage"},"thumbnailUrl":"http:\/\/www.semen-l.org\/wp-content\/uploads\/2020\/12\/Antonellodeantonio-detail.jpg","articleSection":["Colloques"],"inLanguage":"fr-FR","potentialAction":[{"@type":"CommentAction","name":"Comment","target":["http:\/\/www.semen-l.org\/?p=2095#respond"]}]},{"@type":"WebPage","@id":"http:\/\/www.semen-l.org\/?p=2095","url":"http:\/\/www.semen-l.org\/?p=2095","name":"Colloques et programmes de recherche (octobre 2020) - Soci\u00e9t\u00e9 d&#039;\u00c9tudes M\u00e9dio Et N\u00e9o-Latines","isPartOf":{"@id":"http:\/\/www.semen-l.org\/#website"},"primaryImageOfPage":{"@id":"http:\/\/www.semen-l.org\/?p=2095#primaryimage"},"image":{"@id":"http:\/\/www.semen-l.org\/?p=2095#primaryimage"},"thumbnailUrl":"http:\/\/www.semen-l.org\/wp-content\/uploads\/2020\/12\/Antonellodeantonio-detail.jpg","datePublished":"2020-10-01T22:48:38+00:00","dateModified":"2023-01-24T11:32:10+00:00","breadcrumb":{"@id":"http:\/\/www.semen-l.org\/?p=2095#breadcrumb"},"inLanguage":"fr-FR","potentialAction":[{"@type":"ReadAction","target":["http:\/\/www.semen-l.org\/?p=2095"]}]},{"@type":"ImageObject","inLanguage":"fr-FR","@id":"http:\/\/www.semen-l.org\/?p=2095#primaryimage","url":"http:\/\/www.semen-l.org\/wp-content\/uploads\/2020\/12\/Antonellodeantonio-detail.jpg","contentUrl":"http:\/\/www.semen-l.org\/wp-content\/uploads\/2020\/12\/Antonellodeantonio-detail.jpg","width":500,"height":200},{"@type":"BreadcrumbList","@id":"http:\/\/www.semen-l.org\/?p=2095#breadcrumb","itemListElement":[{"@type":"ListItem","position":1,"name":"Accueil","item":"http:\/\/www.semen-l.org\/"},{"@type":"ListItem","position":2,"name":"Colloques et programmes de recherche (octobre 2020)"}]},{"@type":"WebSite","@id":"http:\/\/www.semen-l.org\/#website","url":"http:\/\/www.semen-l.org\/","name":"Soci\u00e9t\u00e9 d'\u00c9tudes M\u00e9dio Et N\u00e9o-Latines","description":"","publisher":{"@id":"http:\/\/www.semen-l.org\/#organization"},"potentialAction":[{"@type":"SearchAction","target":{"@type":"EntryPoint","urlTemplate":"http:\/\/www.semen-l.org\/?s={search_term_string}"},"query-input":{"@type":"PropertyValueSpecification","valueRequired":true,"valueName":"search_term_string"}}],"inLanguage":"fr-FR"},{"@type":"Organization","@id":"http:\/\/www.semen-l.org\/#organization","name":"Soci\u00e9t\u00e9 d'\u00e9tudes m\u00e9dio et n\u00e9o-latines","url":"http:\/\/www.semen-l.org\/","logo":{"@type":"ImageObject","inLanguage":"fr-FR","@id":"http:\/\/www.semen-l.org\/#\/schema\/logo\/image\/","url":"http:\/\/www.semen-l.org\/wp-content\/uploads\/2020\/11\/logo-semenl.jpg","contentUrl":"http:\/\/www.semen-l.org\/wp-content\/uploads\/2020\/11\/logo-semenl.jpg","width":408,"height":403,"caption":"Soci\u00e9t\u00e9 d'\u00e9tudes m\u00e9dio et n\u00e9o-latines"},"image":{"@id":"http:\/\/www.semen-l.org\/#\/schema\/logo\/image\/"},"sameAs":["https:\/\/www.facebook.com\/SEMENL2018","https:\/\/independent.academia.edu\/SocitsdtudesmdioetnolatinesSEMENL"]},{"@type":"Person","@id":"http:\/\/www.semen-l.org\/#\/schema\/person\/ef5208815f17666727763c5363a51344","name":"Julien Maudoux","image":{"@type":"ImageObject","inLanguage":"fr-FR","@id":"https:\/\/secure.gravatar.com\/avatar\/caabf4fb6242e2277733cd35a5c2aa083761ea25dae1d1ff3298b54292225292?s=96&d=mm&r=g","url":"https:\/\/secure.gravatar.com\/avatar\/caabf4fb6242e2277733cd35a5c2aa083761ea25dae1d1ff3298b54292225292?s=96&d=mm&r=g","contentUrl":"https:\/\/secure.gravatar.com\/avatar\/caabf4fb6242e2277733cd35a5c2aa083761ea25dae1d1ff3298b54292225292?s=96&d=mm&r=g","caption":"Julien Maudoux"},"description":"Webmestre du site de la SEMEN-L","url":"http:\/\/www.semen-l.org\/?author=26"}]}},"jetpack_featured_media_url":"http:\/\/www.semen-l.org\/wp-content\/uploads\/2020\/12\/Antonellodeantonio-detail.jpg","_links":{"self":[{"href":"http:\/\/www.semen-l.org\/index.php?rest_route=\/wp\/v2\/posts\/2095","targetHints":{"allow":["GET"]}}],"collection":[{"href":"http:\/\/www.semen-l.org\/index.php?rest_route=\/wp\/v2\/posts"}],"about":[{"href":"http:\/\/www.semen-l.org\/index.php?rest_route=\/wp\/v2\/types\/post"}],"author":[{"embeddable":true,"href":"http:\/\/www.semen-l.org\/index.php?rest_route=\/wp\/v2\/users\/26"}],"replies":[{"embeddable":true,"href":"http:\/\/www.semen-l.org\/index.php?rest_route=%2Fwp%2Fv2%2Fcomments&post=2095"}],"version-history":[{"count":0,"href":"http:\/\/www.semen-l.org\/index.php?rest_route=\/wp\/v2\/posts\/2095\/revisions"}],"wp:featuredmedia":[{"embeddable":true,"href":"http:\/\/www.semen-l.org\/index.php?rest_route=\/wp\/v2\/media\/1624"}],"wp:attachment":[{"href":"http:\/\/www.semen-l.org\/index.php?rest_route=%2Fwp%2Fv2%2Fmedia&parent=2095"}],"wp:term":[{"taxonomy":"category","embeddable":true,"href":"http:\/\/www.semen-l.org\/index.php?rest_route=%2Fwp%2Fv2%2Fcategories&post=2095"},{"taxonomy":"post_tag","embeddable":true,"href":"http:\/\/www.semen-l.org\/index.php?rest_route=%2Fwp%2Fv2%2Ftags&post=2095"}],"curies":[{"name":"wp","href":"https:\/\/api.w.org\/{rel}","templated":true}]}}