{"id":203,"date":"2013-12-06T06:36:05","date_gmt":"2013-12-06T06:36:05","guid":{"rendered":"http:\/\/www.semen-l.org\/?p=203"},"modified":"2020-11-22T14:27:06","modified_gmt":"2020-11-22T14:27:06","slug":"appel-a-communications-les-architectures-fictives-ecriture-et-architecture-de-lantiquite-a-nos-jours","status":"publish","type":"post","link":"http:\/\/www.semen-l.org\/?p=203","title":{"rendered":"Appel \u00e0 communications \u00ab\u00a0Les architectures fictives : \u00e9criture et architecture de l\u2019Antiquit\u00e9 \u00e0 nos jours\u00a0\u00bb"},"content":{"rendered":"<p>\u00ab\u00a0Les architectures fictives : \u00e9criture et architecture de l\u2019Antiquit\u00e9 \u00e0 nos jours\u00a0\u00bb<br \/>\nLe colloque se d\u00e9roulera \u00e0 Bordeaux du 23 au 25 octobre 2014. Les propositions de communications sont \u00e0 adresser jusqu\u2019au 31 d\u00e9cembre 2013 \u00e0 Renaud Robert : renaud.robert@u-bordeaux3.fr<\/p>\n<p>Le but de ces journ\u00e9es d\u2019\u00e9tude est de se demander pourquoi et selon quelles modalit\u00e9s l\u2019architecture peut se constituer en objet litt\u00e9raire.<\/p>\n<p>Si une architecture est un ensemble d\u2019\u00e9l\u00e9ments (plan, \u00e9l\u00e9vation, structures architecturales, couverture, d\u00e9cor li\u00e9 \u00e0 l\u2019architecture) qui se d\u00e9ploient dans l\u2019espace r\u00e9el tridimensionnel, une architecture fictive est un ensemble d\u2019\u00e9l\u00e9ments qui renvoient \u00e0 un r\u00e9f\u00e9rent architectural plus ou moins pr\u00e9cis et qui se d\u00e9ploient dans l\u2019espace fictif du texte. Dans les textes, les architectures fictives viennent s\u2019ins\u00e9rer dans un espace fictif \u00e0 plusieurs titres\u00a0: d\u2019abord parce qu\u2019une r\u00e9alit\u00e9 mat\u00e9rielle extrins\u00e8que doit trouver un \u00e9quivalent transposable en mots\u00a0; ensuite parce que cet espace est li\u00e9 \u00e0 la perception subjective du r\u00e9cit et \u00e0 l\u2019imaginaire mis en jeu par l\u2019acte de lire, et enfin parce qu\u2019il vient s\u2019inscrire dans une fiction po\u00e9tique ou romanesque.<\/p>\n<p>Cet espace fictif est un espace pour ainsi dire \u00ab\u00a0d\u00e9mat\u00e9rialis\u00e9\u00a0\u00bb, ce qui constitue une diff\u00e9rence essentielle avec la perception visuelle de l\u2019architecture qui peut varier suivant le regard, mais se fonde sur un r\u00e9f\u00e9rent mat\u00e9riel dont l\u2019existence est tangible.<\/p>\n<p>Divers processus peuvent \u00eatre \u00e0 l\u2019\u0153uvre dans le texte, selon que la r\u00e9f\u00e9rence \u00e0 une architecture r\u00e9elle est affirm\u00e9e ou au contraire volontairement effac\u00e9e. On pourra s\u2019interroger sur les modalit\u00e9s de ce lien \u00e0 l\u2019existant, entre effet de r\u00e9el (par exemple dans une litt\u00e9rature \u00e0 vocation didactique, dans les r\u00e9cits de voyage etc.) et imaginaire, lorsque pr\u00e9vaut la volont\u00e9 de brouillage, de travestissement ou de d\u00e9tournement des vecteurs de reconnaissance (par exemple dans les contes, la litt\u00e9rature de science-fiction).<br \/>\nTexte int\u00e9gral de l&rsquo;appel \u00e0 communication :<\/p>\n<p>http:\/\/www.cpaf.cnrs.fr\/IMG\/pdf\/appel-com-architectures-fictives.pdf<\/p>\n","protected":false},"excerpt":{"rendered":"<p>\u00ab\u00a0Les architectures fictives : \u00e9criture et architecture de l\u2019Antiquit\u00e9 \u00e0 nos jours\u00a0\u00bb Le colloque se d\u00e9roulera \u00e0 Bordeaux du 23 au 25 octobre 2014. Les propositions de communications sont \u00e0 adresser jusqu\u2019au 31 d\u00e9cembre 2013 \u00e0 Renaud Robert : renaud.robert@u-bordeaux3.fr &hellip; <a href=\"http:\/\/www.semen-l.org\/?p=203\">Continuer la lecture <span class=\"meta-nav\">&rarr;<\/span><\/a><\/p>\n","protected":false},"author":8,"featured_media":0,"comment_status":"open","ping_status":"open","sticky":false,"template":"","format":"standard","meta":{"footnotes":""},"categories":[4],"tags":[165,1303],"class_list":["post-203","post","type-post","status-publish","format-standard","hentry","category-colloques","tag-architecture","tag-fiction"],"yoast_head":"<!-- This site is optimized with the Yoast SEO plugin v27.5 - https:\/\/yoast.com\/product\/yoast-seo-wordpress\/ -->\n<title>\u00c9criture et architecture de l\u2019Antiquit\u00e9 \u00e0 nos jours - SEMEN-L<\/title>\n<meta name=\"robots\" content=\"index, follow, max-snippet:-1, max-image-preview:large, max-video-preview:-1\" \/>\n<link rel=\"canonical\" href=\"http:\/\/www.semen-l.org\/?p=203\" \/>\n<meta property=\"og:locale\" content=\"fr_FR\" \/>\n<meta property=\"og:type\" content=\"article\" \/>\n<meta property=\"og:title\" content=\"\u00c9criture et architecture de l\u2019Antiquit\u00e9 \u00e0 nos jours - SEMEN-L\" \/>\n<meta property=\"og:description\" content=\"\u00ab\u00a0Les architectures fictives : \u00e9criture et architecture de l\u2019Antiquit\u00e9 \u00e0 nos jours\u00a0\u00bb Le colloque se d\u00e9roulera \u00e0 Bordeaux du 23 au 25 octobre 2014. Les propositions de communications sont \u00e0 adresser jusqu\u2019au 31 d\u00e9cembre 2013 \u00e0 Renaud Robert : renaud.robert@u-bordeaux3.fr &hellip; Continuer la lecture &rarr;\" \/>\n<meta property=\"og:url\" content=\"http:\/\/www.semen-l.org\/?p=203\" \/>\n<meta property=\"og:site_name\" content=\"Soci\u00e9t\u00e9 d&#039;\u00c9tudes M\u00e9dio Et N\u00e9o-Latines\" \/>\n<meta property=\"article:publisher\" content=\"https:\/\/www.facebook.com\/SEMENL2018\" \/>\n<meta property=\"article:published_time\" content=\"2013-12-06T06:36:05+00:00\" \/>\n<meta property=\"article:modified_time\" content=\"2020-11-22T14:27:06+00:00\" \/>\n<meta name=\"author\" content=\"Bouscharain\" \/>\n<meta name=\"twitter:card\" content=\"summary_large_image\" \/>\n<meta name=\"twitter:label1\" content=\"\u00c9crit par\" \/>\n\t<meta name=\"twitter:data1\" content=\"Bouscharain\" \/>\n\t<meta name=\"twitter:label2\" content=\"Dur\u00e9e de lecture estim\u00e9e\" \/>\n\t<meta name=\"twitter:data2\" content=\"2 minutes\" \/>\n<script type=\"application\/ld+json\" class=\"yoast-schema-graph\">{\"@context\":\"https:\\\/\\\/schema.org\",\"@graph\":[{\"@type\":\"Article\",\"@id\":\"http:\\\/\\\/www.semen-l.org\\\/?p=203#article\",\"isPartOf\":{\"@id\":\"http:\\\/\\\/www.semen-l.org\\\/?p=203\"},\"author\":{\"name\":\"Bouscharain\",\"@id\":\"http:\\\/\\\/www.semen-l.org\\\/#\\\/schema\\\/person\\\/773d8aed3467aa8e7dc3f80cf7bf4aa7\"},\"headline\":\"Appel \u00e0 communications \u00ab\u00a0Les architectures fictives : \u00e9criture et architecture de l\u2019Antiquit\u00e9 \u00e0 nos jours\u00a0\u00bb\",\"datePublished\":\"2013-12-06T06:36:05+00:00\",\"dateModified\":\"2020-11-22T14:27:06+00:00\",\"mainEntityOfPage\":{\"@id\":\"http:\\\/\\\/www.semen-l.org\\\/?p=203\"},\"wordCount\":364,\"commentCount\":0,\"publisher\":{\"@id\":\"http:\\\/\\\/www.semen-l.org\\\/#organization\"},\"keywords\":[\"architecture\",\"fiction\"],\"articleSection\":[\"Colloques\"],\"inLanguage\":\"fr-FR\",\"potentialAction\":[{\"@type\":\"CommentAction\",\"name\":\"Comment\",\"target\":[\"http:\\\/\\\/www.semen-l.org\\\/?p=203#respond\"]}]},{\"@type\":\"WebPage\",\"@id\":\"http:\\\/\\\/www.semen-l.org\\\/?p=203\",\"url\":\"http:\\\/\\\/www.semen-l.org\\\/?p=203\",\"name\":\"\u00c9criture et architecture de l\u2019Antiquit\u00e9 \u00e0 nos jours - SEMEN-L\",\"isPartOf\":{\"@id\":\"http:\\\/\\\/www.semen-l.org\\\/#website\"},\"datePublished\":\"2013-12-06T06:36:05+00:00\",\"dateModified\":\"2020-11-22T14:27:06+00:00\",\"breadcrumb\":{\"@id\":\"http:\\\/\\\/www.semen-l.org\\\/?p=203#breadcrumb\"},\"inLanguage\":\"fr-FR\",\"potentialAction\":[{\"@type\":\"ReadAction\",\"target\":[\"http:\\\/\\\/www.semen-l.org\\\/?p=203\"]}]},{\"@type\":\"BreadcrumbList\",\"@id\":\"http:\\\/\\\/www.semen-l.org\\\/?p=203#breadcrumb\",\"itemListElement\":[{\"@type\":\"ListItem\",\"position\":1,\"name\":\"Accueil\",\"item\":\"http:\\\/\\\/www.semen-l.org\\\/\"},{\"@type\":\"ListItem\",\"position\":2,\"name\":\"Appel \u00e0 communications \u00ab\u00a0Les architectures fictives : \u00e9criture et architecture de l\u2019Antiquit\u00e9 \u00e0 nos jours\u00a0\u00bb\"}]},{\"@type\":\"WebSite\",\"@id\":\"http:\\\/\\\/www.semen-l.org\\\/#website\",\"url\":\"http:\\\/\\\/www.semen-l.org\\\/\",\"name\":\"Soci\u00e9t\u00e9 d'\u00c9tudes M\u00e9dio Et N\u00e9o-Latines\",\"description\":\"\",\"publisher\":{\"@id\":\"http:\\\/\\\/www.semen-l.org\\\/#organization\"},\"potentialAction\":[{\"@type\":\"SearchAction\",\"target\":{\"@type\":\"EntryPoint\",\"urlTemplate\":\"http:\\\/\\\/www.semen-l.org\\\/?s={search_term_string}\"},\"query-input\":{\"@type\":\"PropertyValueSpecification\",\"valueRequired\":true,\"valueName\":\"search_term_string\"}}],\"inLanguage\":\"fr-FR\"},{\"@type\":\"Organization\",\"@id\":\"http:\\\/\\\/www.semen-l.org\\\/#organization\",\"name\":\"Soci\u00e9t\u00e9 d'\u00e9tudes m\u00e9dio et n\u00e9o-latines\",\"url\":\"http:\\\/\\\/www.semen-l.org\\\/\",\"logo\":{\"@type\":\"ImageObject\",\"inLanguage\":\"fr-FR\",\"@id\":\"http:\\\/\\\/www.semen-l.org\\\/#\\\/schema\\\/logo\\\/image\\\/\",\"url\":\"http:\\\/\\\/www.semen-l.org\\\/wp-content\\\/uploads\\\/2020\\\/11\\\/logo-semenl.jpg\",\"contentUrl\":\"http:\\\/\\\/www.semen-l.org\\\/wp-content\\\/uploads\\\/2020\\\/11\\\/logo-semenl.jpg\",\"width\":408,\"height\":403,\"caption\":\"Soci\u00e9t\u00e9 d'\u00e9tudes m\u00e9dio et n\u00e9o-latines\"},\"image\":{\"@id\":\"http:\\\/\\\/www.semen-l.org\\\/#\\\/schema\\\/logo\\\/image\\\/\"},\"sameAs\":[\"https:\\\/\\\/www.facebook.com\\\/SEMENL2018\",\"https:\\\/\\\/independent.academia.edu\\\/SocitsdtudesmdioetnolatinesSEMENL\"]},{\"@type\":\"Person\",\"@id\":\"http:\\\/\\\/www.semen-l.org\\\/#\\\/schema\\\/person\\\/773d8aed3467aa8e7dc3f80cf7bf4aa7\",\"name\":\"Bouscharain\",\"image\":{\"@type\":\"ImageObject\",\"inLanguage\":\"fr-FR\",\"@id\":\"https:\\\/\\\/secure.gravatar.com\\\/avatar\\\/42cf449c03e9c23ff1fd9f5ec2adf4715b4c020b67a8bc21ce2c4a040e67eae3?s=96&d=mm&r=g\",\"url\":\"https:\\\/\\\/secure.gravatar.com\\\/avatar\\\/42cf449c03e9c23ff1fd9f5ec2adf4715b4c020b67a8bc21ce2c4a040e67eae3?s=96&d=mm&r=g\",\"contentUrl\":\"https:\\\/\\\/secure.gravatar.com\\\/avatar\\\/42cf449c03e9c23ff1fd9f5ec2adf4715b4c020b67a8bc21ce2c4a040e67eae3?s=96&d=mm&r=g\",\"caption\":\"Bouscharain\"},\"url\":\"http:\\\/\\\/www.semen-l.org\\\/?author=8\"}]}<\/script>\n<!-- \/ Yoast SEO plugin. -->","yoast_head_json":{"title":"\u00c9criture et architecture de l\u2019Antiquit\u00e9 \u00e0 nos jours - SEMEN-L","robots":{"index":"index","follow":"follow","max-snippet":"max-snippet:-1","max-image-preview":"max-image-preview:large","max-video-preview":"max-video-preview:-1"},"canonical":"http:\/\/www.semen-l.org\/?p=203","og_locale":"fr_FR","og_type":"article","og_title":"\u00c9criture et architecture de l\u2019Antiquit\u00e9 \u00e0 nos jours - SEMEN-L","og_description":"\u00ab\u00a0Les architectures fictives : \u00e9criture et architecture de l\u2019Antiquit\u00e9 \u00e0 nos jours\u00a0\u00bb Le colloque se d\u00e9roulera \u00e0 Bordeaux du 23 au 25 octobre 2014. Les propositions de communications sont \u00e0 adresser jusqu\u2019au 31 d\u00e9cembre 2013 \u00e0 Renaud Robert : renaud.robert@u-bordeaux3.fr &hellip; Continuer la lecture &rarr;","og_url":"http:\/\/www.semen-l.org\/?p=203","og_site_name":"Soci\u00e9t\u00e9 d&#039;\u00c9tudes M\u00e9dio Et N\u00e9o-Latines","article_publisher":"https:\/\/www.facebook.com\/SEMENL2018","article_published_time":"2013-12-06T06:36:05+00:00","article_modified_time":"2020-11-22T14:27:06+00:00","author":"Bouscharain","twitter_card":"summary_large_image","twitter_misc":{"\u00c9crit par":"Bouscharain","Dur\u00e9e de lecture estim\u00e9e":"2 minutes"},"schema":{"@context":"https:\/\/schema.org","@graph":[{"@type":"Article","@id":"http:\/\/www.semen-l.org\/?p=203#article","isPartOf":{"@id":"http:\/\/www.semen-l.org\/?p=203"},"author":{"name":"Bouscharain","@id":"http:\/\/www.semen-l.org\/#\/schema\/person\/773d8aed3467aa8e7dc3f80cf7bf4aa7"},"headline":"Appel \u00e0 communications \u00ab\u00a0Les architectures fictives : \u00e9criture et architecture de l\u2019Antiquit\u00e9 \u00e0 nos jours\u00a0\u00bb","datePublished":"2013-12-06T06:36:05+00:00","dateModified":"2020-11-22T14:27:06+00:00","mainEntityOfPage":{"@id":"http:\/\/www.semen-l.org\/?p=203"},"wordCount":364,"commentCount":0,"publisher":{"@id":"http:\/\/www.semen-l.org\/#organization"},"keywords":["architecture","fiction"],"articleSection":["Colloques"],"inLanguage":"fr-FR","potentialAction":[{"@type":"CommentAction","name":"Comment","target":["http:\/\/www.semen-l.org\/?p=203#respond"]}]},{"@type":"WebPage","@id":"http:\/\/www.semen-l.org\/?p=203","url":"http:\/\/www.semen-l.org\/?p=203","name":"\u00c9criture et architecture de l\u2019Antiquit\u00e9 \u00e0 nos jours - SEMEN-L","isPartOf":{"@id":"http:\/\/www.semen-l.org\/#website"},"datePublished":"2013-12-06T06:36:05+00:00","dateModified":"2020-11-22T14:27:06+00:00","breadcrumb":{"@id":"http:\/\/www.semen-l.org\/?p=203#breadcrumb"},"inLanguage":"fr-FR","potentialAction":[{"@type":"ReadAction","target":["http:\/\/www.semen-l.org\/?p=203"]}]},{"@type":"BreadcrumbList","@id":"http:\/\/www.semen-l.org\/?p=203#breadcrumb","itemListElement":[{"@type":"ListItem","position":1,"name":"Accueil","item":"http:\/\/www.semen-l.org\/"},{"@type":"ListItem","position":2,"name":"Appel \u00e0 communications \u00ab\u00a0Les architectures fictives : \u00e9criture et architecture de l\u2019Antiquit\u00e9 \u00e0 nos jours\u00a0\u00bb"}]},{"@type":"WebSite","@id":"http:\/\/www.semen-l.org\/#website","url":"http:\/\/www.semen-l.org\/","name":"Soci\u00e9t\u00e9 d'\u00c9tudes M\u00e9dio Et N\u00e9o-Latines","description":"","publisher":{"@id":"http:\/\/www.semen-l.org\/#organization"},"potentialAction":[{"@type":"SearchAction","target":{"@type":"EntryPoint","urlTemplate":"http:\/\/www.semen-l.org\/?s={search_term_string}"},"query-input":{"@type":"PropertyValueSpecification","valueRequired":true,"valueName":"search_term_string"}}],"inLanguage":"fr-FR"},{"@type":"Organization","@id":"http:\/\/www.semen-l.org\/#organization","name":"Soci\u00e9t\u00e9 d'\u00e9tudes m\u00e9dio et n\u00e9o-latines","url":"http:\/\/www.semen-l.org\/","logo":{"@type":"ImageObject","inLanguage":"fr-FR","@id":"http:\/\/www.semen-l.org\/#\/schema\/logo\/image\/","url":"http:\/\/www.semen-l.org\/wp-content\/uploads\/2020\/11\/logo-semenl.jpg","contentUrl":"http:\/\/www.semen-l.org\/wp-content\/uploads\/2020\/11\/logo-semenl.jpg","width":408,"height":403,"caption":"Soci\u00e9t\u00e9 d'\u00e9tudes m\u00e9dio et n\u00e9o-latines"},"image":{"@id":"http:\/\/www.semen-l.org\/#\/schema\/logo\/image\/"},"sameAs":["https:\/\/www.facebook.com\/SEMENL2018","https:\/\/independent.academia.edu\/SocitsdtudesmdioetnolatinesSEMENL"]},{"@type":"Person","@id":"http:\/\/www.semen-l.org\/#\/schema\/person\/773d8aed3467aa8e7dc3f80cf7bf4aa7","name":"Bouscharain","image":{"@type":"ImageObject","inLanguage":"fr-FR","@id":"https:\/\/secure.gravatar.com\/avatar\/42cf449c03e9c23ff1fd9f5ec2adf4715b4c020b67a8bc21ce2c4a040e67eae3?s=96&d=mm&r=g","url":"https:\/\/secure.gravatar.com\/avatar\/42cf449c03e9c23ff1fd9f5ec2adf4715b4c020b67a8bc21ce2c4a040e67eae3?s=96&d=mm&r=g","contentUrl":"https:\/\/secure.gravatar.com\/avatar\/42cf449c03e9c23ff1fd9f5ec2adf4715b4c020b67a8bc21ce2c4a040e67eae3?s=96&d=mm&r=g","caption":"Bouscharain"},"url":"http:\/\/www.semen-l.org\/?author=8"}]}},"jetpack_featured_media_url":"","_links":{"self":[{"href":"http:\/\/www.semen-l.org\/index.php?rest_route=\/wp\/v2\/posts\/203","targetHints":{"allow":["GET"]}}],"collection":[{"href":"http:\/\/www.semen-l.org\/index.php?rest_route=\/wp\/v2\/posts"}],"about":[{"href":"http:\/\/www.semen-l.org\/index.php?rest_route=\/wp\/v2\/types\/post"}],"author":[{"embeddable":true,"href":"http:\/\/www.semen-l.org\/index.php?rest_route=\/wp\/v2\/users\/8"}],"replies":[{"embeddable":true,"href":"http:\/\/www.semen-l.org\/index.php?rest_route=%2Fwp%2Fv2%2Fcomments&post=203"}],"version-history":[{"count":0,"href":"http:\/\/www.semen-l.org\/index.php?rest_route=\/wp\/v2\/posts\/203\/revisions"}],"wp:attachment":[{"href":"http:\/\/www.semen-l.org\/index.php?rest_route=%2Fwp%2Fv2%2Fmedia&parent=203"}],"wp:term":[{"taxonomy":"category","embeddable":true,"href":"http:\/\/www.semen-l.org\/index.php?rest_route=%2Fwp%2Fv2%2Fcategories&post=203"},{"taxonomy":"post_tag","embeddable":true,"href":"http:\/\/www.semen-l.org\/index.php?rest_route=%2Fwp%2Fv2%2Ftags&post=203"}],"curies":[{"name":"wp","href":"https:\/\/api.w.org\/{rel}","templated":true}]}}