{"id":200,"date":"2013-10-08T09:55:37","date_gmt":"2013-10-08T09:55:37","guid":{"rendered":"http:\/\/www.semen-l.org\/?p=200"},"modified":"2020-11-22T14:24:43","modified_gmt":"2020-11-22T14:24:43","slug":"colloques-2013-2014","status":"publish","type":"post","link":"http:\/\/www.semen-l.org\/?p=200","title":{"rendered":"Colloques 2013-2014"},"content":{"rendered":"<p>-12-14 septembre 2013, Oxford, Magdalen College, \u00ab Theatrum Mundi: Latin Drama in Renaissance Europe \u00bb, Sarah Knight (University of Leicester, sk218@le.ac.uk)<br \/>\n-27 septembre 2013, Paris, Biblioth\u00e8que de l\u2019Arsenal, \u00ab Peindre le r\u00eave \u00e0 la Renaissance \u00bb, table ronde organis\u00e9e par S. Bokdam, L. Capodieci (Universit\u00e9 Paris I) et V. Leroux (Universit\u00e9 de Reims-IUF) \u00e0 l\u2019occasion de l\u2019exposition \u00ab R\u00eaver la Renaissance \u00bb (Paris, Mus\u00e9e du Luxembourg).<br \/>\n&#8211; 7-8 octobre 2013, Bordeaux, Universit\u00e9 Michel de Montaigne -Bordeaux 3 (MSHA), \u00ab La lettre au carrefour des genres et des traditions \u00bb, Colloque international et interdisciplinaire, organis\u00e9 par Elvezio Canonica (Bordeaux 3, AMERIBER, Elvezio.Canonica-De-Rochemonteix@u-bordeaux3.fr) et Cristina Panzera (Bordeaux 3, CLARE, Cristina.Panzera@u-bordeaux3.fr)<br \/>\n&#8211; 10-11 octobre 2013, Louvain-la-Neuve, \u00ab Epigrammes et tableaux : un dialogue entre po\u00e9sie et peinture (15e \u2013 17e si\u00e8cles) \u00bb, colloque organis\u00e9 sous l\u2019\u00e9gide du GEMCA\/Group for Early Modern Cultural Analysis (http:\/\/gemca.fltr.ucl.ac.be) dans le cadre du projet \u00ab Po\u00e9sie et po\u00e9tique n\u00e9o-latines \u00bb. Contact : Aline Smeesters (Louvain, aline.smeesters@uclouvain.be)<br \/>\n&#8211; 14-15 octobre 2013, Paris, Universit\u00e9 Paris IV-Sorbonne, \u00ab Boccace humaniste latin \u00bb, colloque international organis\u00e9 par H\u00e9l\u00e8ne Casanova-Robin (Paris IV, casanova-robin@club-internet.fr) et Franck Labrasca (Tours, labrasca@yahoo.fr)<br \/>\n&#8211; 8-10 novembre 2013, M\u00fcnster, Universit\u00e9 de M\u00fcnster, \u00ab Boccaccio Latinus \u00bb, colloque international organis\u00e9 par Karl Enenkel (M\u00fcnster, kenen 01@uni-muenster.de), Tobias Leuker (M\u00fcnster, tleuk 01@ uni-muenster.de) et Christoph Pieper (Leiden, c.pieper@hum.leidenuniv.nl)<br \/>\n&#8211; 20-21 mars 2014, Reims, Universit\u00e9 de Reims Champagne-Ardenne, \u00ab Tacite et le tacitisme en Europe \u00e0 l\u2019\u00e9poque moderne (XVIe- XVIIIe si\u00e8cle). Ecriture de l\u2019histoire et conception du pouvoir \u00bb, premi\u00e8re partie, Colloque International organis\u00e9 par A. O\u00efffer-Bomsel (Universit\u00e9 de Reims, alicia.oiffer-bomsel@univ-reims.fr) et A. Merle, (Universit\u00e9 de Caen-Basse Normandie, Alexandra.merle@unicaen.fr)<br \/>\n&#8211; 27-29 mars, New York, New York Hilton Midtown, The 60 th Annual Meeting of the Renaissance Society of America<br \/>\n-5-10 mai 2014, N\u00eemes, Coll\u00e8ge R\u00e9volution, \u00ab Langage et communication \u00bb, 139e congr\u00e8s des Soci\u00e9t\u00e9s historiques et scientifiques organis\u00e9 par M. Corbier et J.L. Meunier (congr\u00e8s@cths.fr)<br \/>\n &#8211; 3-6 juin, Villa Vigoni, Atelier n\u00e9o-latin III. Horatius Ethicus. Responsable : Nathalie Dauvois<br \/>\n&#8211; 5-7 juin 2014, Paris, Institut Universitaire de France, Universit\u00e9 Stendhal-Grenoble 3 (RARE), Universit\u00e9 de Valenciennes (Calhiste), Universit\u00e9 Paris-Sorbonne (CELLF 17-18), \u00ab La faute de go\u00fbt dans l\u2019esth\u00e9tique renaissante et classique: \u2018vices de style \u2019, \u2018mauvaise gr\u00e2ce\u2019 et \u2018sentiment du laid\u2019(XVIe-XVIIIe si\u00e8cle) \u00bb, colloque international organis\u00e9 par Carine Barbafieri (Universit\u00e9 de Valenciennes-Institut Universitaire de France, carine.barbafieri@gmail.com) et Jean-Yves Vialleton (Universit\u00e9 Stendhal-Grenoble 3, jean-yves.vialleton@wanadoo.fr)<br \/>\n&#8211; 10-13 septembre 2014, Lyon, Ecole normale Sup\u00e9rieure, \u00ab Le sens du temps \u00bb, 7\u00e8me Congr\u00e8s International de Latin M\u00e9di\u00e9val \u2028organis\u00e9 par Pascale Bourgain, (Ecole des chartes, pascal.bourgain@enc.sorbonne.fr ) et Jean-Yves Tilliette (Universit\u00e9 de Gen\u00e8ve, jean-yves.tilliette@unige.ch)<br \/>\n&#8211; 2-3 octobre 2014, Caen, Universit\u00e9 de Caen, \u00ab Tacite et le tacitisme en Europe \u00e0 l\u2019\u00e9poque moderne (XVIe- XVIIIe si\u00e8cle). Ecriture de l\u2019histoire et conception du pouvoir \u00bb, premi\u00e8re partie, Colloque International organis\u00e9 par A. O\u00efffer-Bomsel (Universit\u00e9 de Reims, alicia.oiffer-bomsel@univ-reims.fr) et A. Merle, (Universit\u00e9 de Caen-Basse Normandie, Alexandra.merle@unicaen.fr)<\/p>\n","protected":false},"excerpt":{"rendered":"<p>-12-14 septembre 2013, Oxford, Magdalen College, \u00ab Theatrum Mundi: Latin Drama in Renaissance Europe \u00bb, Sarah Knight (University of Leicester, sk218@le.ac.uk) -27 septembre 2013, Paris, Biblioth\u00e8que de l\u2019Arsenal, \u00ab Peindre le r\u00eave \u00e0 la Renaissance \u00bb, table ronde organis\u00e9e par &hellip; <a href=\"http:\/\/www.semen-l.org\/?p=200\">Continuer la lecture <span class=\"meta-nav\">&rarr;<\/span><\/a><\/p>\n","protected":false},"author":5,"featured_media":0,"comment_status":"open","ping_status":"open","sticky":false,"template":"","format":"standard","meta":{"footnotes":""},"categories":[4],"tags":[86,1301,18,1298,1299,144,1300,1302,1297,1296],"class_list":["post-200","post","type-post","status-publish","format-standard","hentry","category-colloques","tag-boccace","tag-communication","tag-epistolaire","tag-esthetique","tag-faute-de-gout","tag-humanisme","tag-laid","tag-langage","tag-tacite","tag-theatre"],"yoast_head":"<!-- This site is optimized with the Yoast SEO plugin v27.5 - https:\/\/yoast.com\/product\/yoast-seo-wordpress\/ -->\n<title>Colloques 2013-2014 - Soci\u00e9t\u00e9 d&#039;\u00c9tudes M\u00e9dio Et N\u00e9o-Latines<\/title>\n<meta name=\"robots\" content=\"index, follow, max-snippet:-1, max-image-preview:large, max-video-preview:-1\" \/>\n<link rel=\"canonical\" href=\"https:\/\/www.semen-l.org\/?p=200\" \/>\n<meta property=\"og:locale\" content=\"fr_FR\" \/>\n<meta property=\"og:type\" content=\"article\" \/>\n<meta property=\"og:title\" content=\"Colloques 2013-2014 - Soci\u00e9t\u00e9 d&#039;\u00c9tudes M\u00e9dio Et N\u00e9o-Latines\" \/>\n<meta property=\"og:description\" content=\"-12-14 septembre 2013, Oxford, Magdalen College, \u00ab Theatrum Mundi: Latin Drama in Renaissance Europe \u00bb, Sarah Knight (University of Leicester, sk218@le.ac.uk) -27 septembre 2013, Paris, Biblioth\u00e8que de l\u2019Arsenal, \u00ab Peindre le r\u00eave \u00e0 la Renaissance \u00bb, table ronde organis\u00e9e par &hellip; Continuer la lecture &rarr;\" \/>\n<meta property=\"og:url\" content=\"https:\/\/www.semen-l.org\/?p=200\" \/>\n<meta property=\"og:site_name\" content=\"Soci\u00e9t\u00e9 d&#039;\u00c9tudes M\u00e9dio Et N\u00e9o-Latines\" \/>\n<meta property=\"article:publisher\" content=\"https:\/\/www.facebook.com\/SEMENL2018\" \/>\n<meta property=\"article:published_time\" content=\"2013-10-08T09:55:37+00:00\" \/>\n<meta property=\"article:modified_time\" content=\"2020-11-22T14:24:43+00:00\" \/>\n<meta name=\"author\" content=\"Seris\" \/>\n<meta name=\"twitter:card\" content=\"summary_large_image\" \/>\n<meta name=\"twitter:label1\" content=\"\u00c9crit par\" \/>\n\t<meta name=\"twitter:data1\" content=\"Seris\" \/>\n\t<meta name=\"twitter:label2\" content=\"Dur\u00e9e de lecture estim\u00e9e\" \/>\n\t<meta name=\"twitter:data2\" content=\"3 minutes\" \/>\n<script type=\"application\/ld+json\" class=\"yoast-schema-graph\">{\"@context\":\"https:\\\/\\\/schema.org\",\"@graph\":[{\"@type\":\"Article\",\"@id\":\"https:\\\/\\\/www.semen-l.org\\\/?p=200#article\",\"isPartOf\":{\"@id\":\"https:\\\/\\\/www.semen-l.org\\\/?p=200\"},\"author\":{\"name\":\"Seris\",\"@id\":\"http:\\\/\\\/www.semen-l.org\\\/#\\\/schema\\\/person\\\/6e8c8c75b499690cc37dd369354a7c47\"},\"headline\":\"Colloques 2013-2014\",\"datePublished\":\"2013-10-08T09:55:37+00:00\",\"dateModified\":\"2020-11-22T14:24:43+00:00\",\"mainEntityOfPage\":{\"@id\":\"https:\\\/\\\/www.semen-l.org\\\/?p=200\"},\"wordCount\":530,\"commentCount\":0,\"publisher\":{\"@id\":\"http:\\\/\\\/www.semen-l.org\\\/#organization\"},\"keywords\":[\"Boccace\",\"communication\",\"\u00e9pistolaire\",\"esth\u00e9tique\",\"faute de go\u00fbt\",\"humanisme\",\"laid\",\"langage\",\"Tacite\",\"th\u00e9\u00e2tre\"],\"articleSection\":[\"Colloques\"],\"inLanguage\":\"fr-FR\",\"potentialAction\":[{\"@type\":\"CommentAction\",\"name\":\"Comment\",\"target\":[\"https:\\\/\\\/www.semen-l.org\\\/?p=200#respond\"]}]},{\"@type\":\"WebPage\",\"@id\":\"https:\\\/\\\/www.semen-l.org\\\/?p=200\",\"url\":\"https:\\\/\\\/www.semen-l.org\\\/?p=200\",\"name\":\"Colloques 2013-2014 - Soci\u00e9t\u00e9 d&#039;\u00c9tudes M\u00e9dio Et N\u00e9o-Latines\",\"isPartOf\":{\"@id\":\"http:\\\/\\\/www.semen-l.org\\\/#website\"},\"datePublished\":\"2013-10-08T09:55:37+00:00\",\"dateModified\":\"2020-11-22T14:24:43+00:00\",\"breadcrumb\":{\"@id\":\"https:\\\/\\\/www.semen-l.org\\\/?p=200#breadcrumb\"},\"inLanguage\":\"fr-FR\",\"potentialAction\":[{\"@type\":\"ReadAction\",\"target\":[\"https:\\\/\\\/www.semen-l.org\\\/?p=200\"]}]},{\"@type\":\"BreadcrumbList\",\"@id\":\"https:\\\/\\\/www.semen-l.org\\\/?p=200#breadcrumb\",\"itemListElement\":[{\"@type\":\"ListItem\",\"position\":1,\"name\":\"Accueil\",\"item\":\"http:\\\/\\\/www.semen-l.org\\\/\"},{\"@type\":\"ListItem\",\"position\":2,\"name\":\"Colloques 2013-2014\"}]},{\"@type\":\"WebSite\",\"@id\":\"http:\\\/\\\/www.semen-l.org\\\/#website\",\"url\":\"http:\\\/\\\/www.semen-l.org\\\/\",\"name\":\"Soci\u00e9t\u00e9 d'\u00c9tudes M\u00e9dio Et N\u00e9o-Latines\",\"description\":\"\",\"publisher\":{\"@id\":\"http:\\\/\\\/www.semen-l.org\\\/#organization\"},\"potentialAction\":[{\"@type\":\"SearchAction\",\"target\":{\"@type\":\"EntryPoint\",\"urlTemplate\":\"http:\\\/\\\/www.semen-l.org\\\/?s={search_term_string}\"},\"query-input\":{\"@type\":\"PropertyValueSpecification\",\"valueRequired\":true,\"valueName\":\"search_term_string\"}}],\"inLanguage\":\"fr-FR\"},{\"@type\":\"Organization\",\"@id\":\"http:\\\/\\\/www.semen-l.org\\\/#organization\",\"name\":\"Soci\u00e9t\u00e9 d'\u00e9tudes m\u00e9dio et n\u00e9o-latines\",\"url\":\"http:\\\/\\\/www.semen-l.org\\\/\",\"logo\":{\"@type\":\"ImageObject\",\"inLanguage\":\"fr-FR\",\"@id\":\"http:\\\/\\\/www.semen-l.org\\\/#\\\/schema\\\/logo\\\/image\\\/\",\"url\":\"http:\\\/\\\/www.semen-l.org\\\/wp-content\\\/uploads\\\/2020\\\/11\\\/logo-semenl.jpg\",\"contentUrl\":\"http:\\\/\\\/www.semen-l.org\\\/wp-content\\\/uploads\\\/2020\\\/11\\\/logo-semenl.jpg\",\"width\":408,\"height\":403,\"caption\":\"Soci\u00e9t\u00e9 d'\u00e9tudes m\u00e9dio et n\u00e9o-latines\"},\"image\":{\"@id\":\"http:\\\/\\\/www.semen-l.org\\\/#\\\/schema\\\/logo\\\/image\\\/\"},\"sameAs\":[\"https:\\\/\\\/www.facebook.com\\\/SEMENL2018\",\"https:\\\/\\\/independent.academia.edu\\\/SocitsdtudesmdioetnolatinesSEMENL\"]},{\"@type\":\"Person\",\"@id\":\"http:\\\/\\\/www.semen-l.org\\\/#\\\/schema\\\/person\\\/6e8c8c75b499690cc37dd369354a7c47\",\"name\":\"Seris\",\"image\":{\"@type\":\"ImageObject\",\"inLanguage\":\"fr-FR\",\"@id\":\"https:\\\/\\\/secure.gravatar.com\\\/avatar\\\/8aec6178114279c28f7f0f4ccbb54eefdf0db708e95973d3513a9c5387b223b9?s=96&d=mm&r=g\",\"url\":\"https:\\\/\\\/secure.gravatar.com\\\/avatar\\\/8aec6178114279c28f7f0f4ccbb54eefdf0db708e95973d3513a9c5387b223b9?s=96&d=mm&r=g\",\"contentUrl\":\"https:\\\/\\\/secure.gravatar.com\\\/avatar\\\/8aec6178114279c28f7f0f4ccbb54eefdf0db708e95973d3513a9c5387b223b9?s=96&d=mm&r=g\",\"caption\":\"Seris\"},\"url\":\"http:\\\/\\\/www.semen-l.org\\\/?author=5\"}]}<\/script>\n<!-- \/ Yoast SEO plugin. -->","yoast_head_json":{"title":"Colloques 2013-2014 - Soci\u00e9t\u00e9 d&#039;\u00c9tudes M\u00e9dio Et N\u00e9o-Latines","robots":{"index":"index","follow":"follow","max-snippet":"max-snippet:-1","max-image-preview":"max-image-preview:large","max-video-preview":"max-video-preview:-1"},"canonical":"https:\/\/www.semen-l.org\/?p=200","og_locale":"fr_FR","og_type":"article","og_title":"Colloques 2013-2014 - Soci\u00e9t\u00e9 d&#039;\u00c9tudes M\u00e9dio Et N\u00e9o-Latines","og_description":"-12-14 septembre 2013, Oxford, Magdalen College, \u00ab Theatrum Mundi: Latin Drama in Renaissance Europe \u00bb, Sarah Knight (University of Leicester, sk218@le.ac.uk) -27 septembre 2013, Paris, Biblioth\u00e8que de l\u2019Arsenal, \u00ab Peindre le r\u00eave \u00e0 la Renaissance \u00bb, table ronde organis\u00e9e par &hellip; Continuer la lecture &rarr;","og_url":"https:\/\/www.semen-l.org\/?p=200","og_site_name":"Soci\u00e9t\u00e9 d&#039;\u00c9tudes M\u00e9dio Et N\u00e9o-Latines","article_publisher":"https:\/\/www.facebook.com\/SEMENL2018","article_published_time":"2013-10-08T09:55:37+00:00","article_modified_time":"2020-11-22T14:24:43+00:00","author":"Seris","twitter_card":"summary_large_image","twitter_misc":{"\u00c9crit par":"Seris","Dur\u00e9e de lecture estim\u00e9e":"3 minutes"},"schema":{"@context":"https:\/\/schema.org","@graph":[{"@type":"Article","@id":"https:\/\/www.semen-l.org\/?p=200#article","isPartOf":{"@id":"https:\/\/www.semen-l.org\/?p=200"},"author":{"name":"Seris","@id":"http:\/\/www.semen-l.org\/#\/schema\/person\/6e8c8c75b499690cc37dd369354a7c47"},"headline":"Colloques 2013-2014","datePublished":"2013-10-08T09:55:37+00:00","dateModified":"2020-11-22T14:24:43+00:00","mainEntityOfPage":{"@id":"https:\/\/www.semen-l.org\/?p=200"},"wordCount":530,"commentCount":0,"publisher":{"@id":"http:\/\/www.semen-l.org\/#organization"},"keywords":["Boccace","communication","\u00e9pistolaire","esth\u00e9tique","faute de go\u00fbt","humanisme","laid","langage","Tacite","th\u00e9\u00e2tre"],"articleSection":["Colloques"],"inLanguage":"fr-FR","potentialAction":[{"@type":"CommentAction","name":"Comment","target":["https:\/\/www.semen-l.org\/?p=200#respond"]}]},{"@type":"WebPage","@id":"https:\/\/www.semen-l.org\/?p=200","url":"https:\/\/www.semen-l.org\/?p=200","name":"Colloques 2013-2014 - Soci\u00e9t\u00e9 d&#039;\u00c9tudes M\u00e9dio Et N\u00e9o-Latines","isPartOf":{"@id":"http:\/\/www.semen-l.org\/#website"},"datePublished":"2013-10-08T09:55:37+00:00","dateModified":"2020-11-22T14:24:43+00:00","breadcrumb":{"@id":"https:\/\/www.semen-l.org\/?p=200#breadcrumb"},"inLanguage":"fr-FR","potentialAction":[{"@type":"ReadAction","target":["https:\/\/www.semen-l.org\/?p=200"]}]},{"@type":"BreadcrumbList","@id":"https:\/\/www.semen-l.org\/?p=200#breadcrumb","itemListElement":[{"@type":"ListItem","position":1,"name":"Accueil","item":"http:\/\/www.semen-l.org\/"},{"@type":"ListItem","position":2,"name":"Colloques 2013-2014"}]},{"@type":"WebSite","@id":"http:\/\/www.semen-l.org\/#website","url":"http:\/\/www.semen-l.org\/","name":"Soci\u00e9t\u00e9 d'\u00c9tudes M\u00e9dio Et N\u00e9o-Latines","description":"","publisher":{"@id":"http:\/\/www.semen-l.org\/#organization"},"potentialAction":[{"@type":"SearchAction","target":{"@type":"EntryPoint","urlTemplate":"http:\/\/www.semen-l.org\/?s={search_term_string}"},"query-input":{"@type":"PropertyValueSpecification","valueRequired":true,"valueName":"search_term_string"}}],"inLanguage":"fr-FR"},{"@type":"Organization","@id":"http:\/\/www.semen-l.org\/#organization","name":"Soci\u00e9t\u00e9 d'\u00e9tudes m\u00e9dio et n\u00e9o-latines","url":"http:\/\/www.semen-l.org\/","logo":{"@type":"ImageObject","inLanguage":"fr-FR","@id":"http:\/\/www.semen-l.org\/#\/schema\/logo\/image\/","url":"http:\/\/www.semen-l.org\/wp-content\/uploads\/2020\/11\/logo-semenl.jpg","contentUrl":"http:\/\/www.semen-l.org\/wp-content\/uploads\/2020\/11\/logo-semenl.jpg","width":408,"height":403,"caption":"Soci\u00e9t\u00e9 d'\u00e9tudes m\u00e9dio et n\u00e9o-latines"},"image":{"@id":"http:\/\/www.semen-l.org\/#\/schema\/logo\/image\/"},"sameAs":["https:\/\/www.facebook.com\/SEMENL2018","https:\/\/independent.academia.edu\/SocitsdtudesmdioetnolatinesSEMENL"]},{"@type":"Person","@id":"http:\/\/www.semen-l.org\/#\/schema\/person\/6e8c8c75b499690cc37dd369354a7c47","name":"Seris","image":{"@type":"ImageObject","inLanguage":"fr-FR","@id":"https:\/\/secure.gravatar.com\/avatar\/8aec6178114279c28f7f0f4ccbb54eefdf0db708e95973d3513a9c5387b223b9?s=96&d=mm&r=g","url":"https:\/\/secure.gravatar.com\/avatar\/8aec6178114279c28f7f0f4ccbb54eefdf0db708e95973d3513a9c5387b223b9?s=96&d=mm&r=g","contentUrl":"https:\/\/secure.gravatar.com\/avatar\/8aec6178114279c28f7f0f4ccbb54eefdf0db708e95973d3513a9c5387b223b9?s=96&d=mm&r=g","caption":"Seris"},"url":"http:\/\/www.semen-l.org\/?author=5"}]}},"jetpack_featured_media_url":"","_links":{"self":[{"href":"http:\/\/www.semen-l.org\/index.php?rest_route=\/wp\/v2\/posts\/200","targetHints":{"allow":["GET"]}}],"collection":[{"href":"http:\/\/www.semen-l.org\/index.php?rest_route=\/wp\/v2\/posts"}],"about":[{"href":"http:\/\/www.semen-l.org\/index.php?rest_route=\/wp\/v2\/types\/post"}],"author":[{"embeddable":true,"href":"http:\/\/www.semen-l.org\/index.php?rest_route=\/wp\/v2\/users\/5"}],"replies":[{"embeddable":true,"href":"http:\/\/www.semen-l.org\/index.php?rest_route=%2Fwp%2Fv2%2Fcomments&post=200"}],"version-history":[{"count":0,"href":"http:\/\/www.semen-l.org\/index.php?rest_route=\/wp\/v2\/posts\/200\/revisions"}],"wp:attachment":[{"href":"http:\/\/www.semen-l.org\/index.php?rest_route=%2Fwp%2Fv2%2Fmedia&parent=200"}],"wp:term":[{"taxonomy":"category","embeddable":true,"href":"http:\/\/www.semen-l.org\/index.php?rest_route=%2Fwp%2Fv2%2Fcategories&post=200"},{"taxonomy":"post_tag","embeddable":true,"href":"http:\/\/www.semen-l.org\/index.php?rest_route=%2Fwp%2Fv2%2Ftags&post=200"}],"curies":[{"name":"wp","href":"https:\/\/api.w.org\/{rel}","templated":true}]}}