{"id":198,"date":"2013-09-13T16:24:00","date_gmt":"2013-09-13T16:24:00","guid":{"rendered":"http:\/\/www.semen-l.org\/?p=198"},"modified":"2020-11-18T21:58:18","modified_gmt":"2020-11-18T21:58:18","slug":"7e-congres-international-de-latin-medieval-le-sens-du-temps","status":"publish","type":"post","link":"http:\/\/www.semen-l.org\/?p=198","title":{"rendered":"7e CONGR\u00c8S INTERNATIONAL DE LATIN M\u00c9DI\u00c9VAL: \u2018LE SENS DU TEMPS\u2019"},"content":{"rendered":"<p>Vous \u00eates invit\u00e9s \u00e0 soumettre des propositions de communications portant \u2028sur le th\u00e8me du Congr\u00e8s, \u00abLe sens du temps\u00bb.<\/p>\n<p>Le Moyen Age (de 500 \u00e0 1500 environ) a vu se transformer la perception du temps, passant d\u2019un temps rythm\u00e9 par la longueur des jours selon les saisons aux d\u00e9comptes plus pr\u00e9cis des premi\u00e8res horloges. Mais l\u2019\u00e9volution de la perception du temps influe sur de nombreux aspects de la vie intellectuelle et culturelle, pour lesquels diverses pistes, non exclusives, sont envisageables\u00a0: aspects philosophiques (\u00e9ternit\u00e9 ou finitude du monde, futurs contingents, m\u00e9moire) \u00a0; aspects th\u00e9ologiques (temporalit\u00e9 du monde et de l\u2019homme, extratemporalit\u00e9 divine)\u00a0; aspects calendaires (liturgie et comput)\u00a0; aspects historiques (chronologie, sens de l\u2019\u00e9volution et anachronisme)\u00a0; aspects grammaticaux qui t\u00e9moignent de l\u2019\u00e9volution des approches du temps\u00a0; aspects litt\u00e9raires (modes narratifs, temps romanesque, rejet ou assimilation de la tradition, querelle des anciens et des modernes).<\/p>\n<p>Les organisateurs d\u00e9sign\u00e9s par l\u2019International Medieval Latin Committee sont Jean-Yves Tilliette (Universit\u00e9 de Gen\u00e8ve) et Pascale Bourgain (Ecole nationale des Chartes), \u2028pour le Comit\u00e9 International du Latin M\u00e9di\u00e9val, \u2028ainsi que Anne-Marie-Turcan (Ecole Pratique des Hautes Etudes, IVe section, Paris).\u00a0 Les congr\u00e8s ont lieu tous les quatre ou cinq ans. Les congr\u00e8s pr\u00e9c\u00e9dents ont eu lieu \u00e0 Heidelberg (1988), Florence (1993), Cambridge (1998), Santiago de Compostela (2002), Toronto (2006), Napoli\/Benevento (2010).<\/p>\n<p>Les \u00e9tudiants gradu\u00e9s travaillant dans ce domaine ou dans des domaines \u2028connexes sont particuli\u00e8rement encourag\u00e9s \u00e0 soumettre des propositions.<\/p>\n<p>Les communications (en anglais, fran\u00e7ais, allemand, italien, espagnol, \u2028ou latin) ne devront pas exc\u00e9der 20-25 minutes. Des versions plus longues \u2028pourront \u00eatre soumises en vue de publication.<\/p>\n<p>Veuillez faire parvenir d\u00e8s \u00e0 pr\u00e9sent et avant le\u00a0<strong>15 septembre 2013<\/strong>\u00a0(de pr\u00e9f\u00e9rence \u2028par courriel) le titre de votre communication, et au plus tard le\u00a0<strong>15 f\u00e9vrier 2014<\/strong>\u00a0un r\u00e9sum\u00e9 de 250 \u2028mots environ, dans la langue o\u00f9 sera prononc\u00e9e la communication, \u00e0\u00a0<a href=\"mailto:medialatinitas2014@gmail.com\">MediaLatinitas2014<\/a>,\u00a0<a href=\"mailto:pascal.bourgain@enc.sorbonne.fr\">Pascale Bourgain<\/a>\u00a0ou\u00a0<a href=\"mailto:jean-yves.tilliette@unige.ch\">Jean-Yves Tilliette.<\/a><\/p>\n","protected":false},"excerpt":{"rendered":"<p>Vous \u00eates invit\u00e9s \u00e0 soumettre des propositions de communications portant \u2028sur le th\u00e8me du Congr\u00e8s, \u00abLe sens du temps\u00bb. Le Moyen Age (de 500 \u00e0 1500 environ) a vu se transformer la perception du temps, passant d\u2019un temps rythm\u00e9 par &hellip; <a href=\"http:\/\/www.semen-l.org\/?p=198\">Continuer la lecture <span class=\"meta-nav\">&rarr;<\/span><\/a><\/p>\n","protected":false},"author":8,"featured_media":0,"comment_status":"open","ping_status":"open","sticky":false,"template":"","format":"standard","meta":{"footnotes":""},"categories":[4],"tags":[288,289,285,287,286],"class_list":["post-198","post","type-post","status-publish","format-standard","hentry","category-colloques","tag-calendrier","tag-liturgie","tag-temps","tag-temps-grammatical","tag-theologie"],"yoast_head":"<!-- This site is optimized with the Yoast SEO plugin v27.5 - https:\/\/yoast.com\/product\/yoast-seo-wordpress\/ -->\n<title>7e CONGR\u00c8S INTERNATIONAL DE LATIN M\u00c9DI\u00c9VAL: \u2018LE SENS DU TEMPS\u2019 - Soci\u00e9t\u00e9 d&#039;\u00c9tudes M\u00e9dio Et N\u00e9o-Latines<\/title>\n<meta name=\"robots\" content=\"index, follow, max-snippet:-1, max-image-preview:large, max-video-preview:-1\" \/>\n<link rel=\"canonical\" href=\"http:\/\/www.semen-l.org\/?p=198\" \/>\n<meta property=\"og:locale\" content=\"fr_FR\" \/>\n<meta property=\"og:type\" content=\"article\" \/>\n<meta property=\"og:title\" content=\"7e CONGR\u00c8S INTERNATIONAL DE LATIN M\u00c9DI\u00c9VAL: \u2018LE SENS DU TEMPS\u2019 - Soci\u00e9t\u00e9 d&#039;\u00c9tudes M\u00e9dio Et N\u00e9o-Latines\" \/>\n<meta property=\"og:description\" content=\"Vous \u00eates invit\u00e9s \u00e0 soumettre des propositions de communications portant \u2028sur le th\u00e8me du Congr\u00e8s, \u00abLe sens du temps\u00bb. Le Moyen Age (de 500 \u00e0 1500 environ) a vu se transformer la perception du temps, passant d\u2019un temps rythm\u00e9 par &hellip; Continuer la lecture &rarr;\" \/>\n<meta property=\"og:url\" content=\"http:\/\/www.semen-l.org\/?p=198\" \/>\n<meta property=\"og:site_name\" content=\"Soci\u00e9t\u00e9 d&#039;\u00c9tudes M\u00e9dio Et N\u00e9o-Latines\" \/>\n<meta property=\"article:publisher\" content=\"https:\/\/www.facebook.com\/SEMENL2018\" \/>\n<meta property=\"article:published_time\" content=\"2013-09-13T16:24:00+00:00\" \/>\n<meta property=\"article:modified_time\" content=\"2020-11-18T21:58:18+00:00\" \/>\n<meta name=\"author\" content=\"Bouscharain\" \/>\n<meta name=\"twitter:card\" content=\"summary_large_image\" \/>\n<meta name=\"twitter:label1\" content=\"\u00c9crit par\" \/>\n\t<meta name=\"twitter:data1\" content=\"Bouscharain\" \/>\n\t<meta name=\"twitter:label2\" content=\"Dur\u00e9e de lecture estim\u00e9e\" \/>\n\t<meta name=\"twitter:data2\" content=\"2 minutes\" \/>\n<script type=\"application\/ld+json\" class=\"yoast-schema-graph\">{\"@context\":\"https:\\\/\\\/schema.org\",\"@graph\":[{\"@type\":\"Article\",\"@id\":\"http:\\\/\\\/www.semen-l.org\\\/?p=198#article\",\"isPartOf\":{\"@id\":\"http:\\\/\\\/www.semen-l.org\\\/?p=198\"},\"author\":{\"name\":\"Bouscharain\",\"@id\":\"http:\\\/\\\/www.semen-l.org\\\/#\\\/schema\\\/person\\\/773d8aed3467aa8e7dc3f80cf7bf4aa7\"},\"headline\":\"7e CONGR\u00c8S INTERNATIONAL DE LATIN M\u00c9DI\u00c9VAL: \u2018LE SENS DU TEMPS\u2019\",\"datePublished\":\"2013-09-13T16:24:00+00:00\",\"dateModified\":\"2020-11-18T21:58:18+00:00\",\"mainEntityOfPage\":{\"@id\":\"http:\\\/\\\/www.semen-l.org\\\/?p=198\"},\"wordCount\":339,\"commentCount\":0,\"publisher\":{\"@id\":\"http:\\\/\\\/www.semen-l.org\\\/#organization\"},\"keywords\":[\"calendrier\",\"liturgie\",\"temps\",\"temps grammatical\",\"th\u00e9ologie\"],\"articleSection\":[\"Colloques\"],\"inLanguage\":\"fr-FR\",\"potentialAction\":[{\"@type\":\"CommentAction\",\"name\":\"Comment\",\"target\":[\"http:\\\/\\\/www.semen-l.org\\\/?p=198#respond\"]}]},{\"@type\":\"WebPage\",\"@id\":\"http:\\\/\\\/www.semen-l.org\\\/?p=198\",\"url\":\"http:\\\/\\\/www.semen-l.org\\\/?p=198\",\"name\":\"7e CONGR\u00c8S INTERNATIONAL DE LATIN M\u00c9DI\u00c9VAL: \u2018LE SENS DU TEMPS\u2019 - Soci\u00e9t\u00e9 d&#039;\u00c9tudes M\u00e9dio Et N\u00e9o-Latines\",\"isPartOf\":{\"@id\":\"http:\\\/\\\/www.semen-l.org\\\/#website\"},\"datePublished\":\"2013-09-13T16:24:00+00:00\",\"dateModified\":\"2020-11-18T21:58:18+00:00\",\"breadcrumb\":{\"@id\":\"http:\\\/\\\/www.semen-l.org\\\/?p=198#breadcrumb\"},\"inLanguage\":\"fr-FR\",\"potentialAction\":[{\"@type\":\"ReadAction\",\"target\":[\"http:\\\/\\\/www.semen-l.org\\\/?p=198\"]}]},{\"@type\":\"BreadcrumbList\",\"@id\":\"http:\\\/\\\/www.semen-l.org\\\/?p=198#breadcrumb\",\"itemListElement\":[{\"@type\":\"ListItem\",\"position\":1,\"name\":\"Accueil\",\"item\":\"http:\\\/\\\/www.semen-l.org\\\/\"},{\"@type\":\"ListItem\",\"position\":2,\"name\":\"7e CONGR\u00c8S INTERNATIONAL DE LATIN M\u00c9DI\u00c9VAL: \u2018LE SENS DU TEMPS\u2019\"}]},{\"@type\":\"WebSite\",\"@id\":\"http:\\\/\\\/www.semen-l.org\\\/#website\",\"url\":\"http:\\\/\\\/www.semen-l.org\\\/\",\"name\":\"Soci\u00e9t\u00e9 d'\u00c9tudes M\u00e9dio Et N\u00e9o-Latines\",\"description\":\"\",\"publisher\":{\"@id\":\"http:\\\/\\\/www.semen-l.org\\\/#organization\"},\"potentialAction\":[{\"@type\":\"SearchAction\",\"target\":{\"@type\":\"EntryPoint\",\"urlTemplate\":\"http:\\\/\\\/www.semen-l.org\\\/?s={search_term_string}\"},\"query-input\":{\"@type\":\"PropertyValueSpecification\",\"valueRequired\":true,\"valueName\":\"search_term_string\"}}],\"inLanguage\":\"fr-FR\"},{\"@type\":\"Organization\",\"@id\":\"http:\\\/\\\/www.semen-l.org\\\/#organization\",\"name\":\"Soci\u00e9t\u00e9 d'\u00e9tudes m\u00e9dio et n\u00e9o-latines\",\"url\":\"http:\\\/\\\/www.semen-l.org\\\/\",\"logo\":{\"@type\":\"ImageObject\",\"inLanguage\":\"fr-FR\",\"@id\":\"http:\\\/\\\/www.semen-l.org\\\/#\\\/schema\\\/logo\\\/image\\\/\",\"url\":\"http:\\\/\\\/www.semen-l.org\\\/wp-content\\\/uploads\\\/2020\\\/11\\\/logo-semenl.jpg\",\"contentUrl\":\"http:\\\/\\\/www.semen-l.org\\\/wp-content\\\/uploads\\\/2020\\\/11\\\/logo-semenl.jpg\",\"width\":408,\"height\":403,\"caption\":\"Soci\u00e9t\u00e9 d'\u00e9tudes m\u00e9dio et n\u00e9o-latines\"},\"image\":{\"@id\":\"http:\\\/\\\/www.semen-l.org\\\/#\\\/schema\\\/logo\\\/image\\\/\"},\"sameAs\":[\"https:\\\/\\\/www.facebook.com\\\/SEMENL2018\",\"https:\\\/\\\/independent.academia.edu\\\/SocitsdtudesmdioetnolatinesSEMENL\"]},{\"@type\":\"Person\",\"@id\":\"http:\\\/\\\/www.semen-l.org\\\/#\\\/schema\\\/person\\\/773d8aed3467aa8e7dc3f80cf7bf4aa7\",\"name\":\"Bouscharain\",\"image\":{\"@type\":\"ImageObject\",\"inLanguage\":\"fr-FR\",\"@id\":\"https:\\\/\\\/secure.gravatar.com\\\/avatar\\\/42cf449c03e9c23ff1fd9f5ec2adf4715b4c020b67a8bc21ce2c4a040e67eae3?s=96&d=mm&r=g\",\"url\":\"https:\\\/\\\/secure.gravatar.com\\\/avatar\\\/42cf449c03e9c23ff1fd9f5ec2adf4715b4c020b67a8bc21ce2c4a040e67eae3?s=96&d=mm&r=g\",\"contentUrl\":\"https:\\\/\\\/secure.gravatar.com\\\/avatar\\\/42cf449c03e9c23ff1fd9f5ec2adf4715b4c020b67a8bc21ce2c4a040e67eae3?s=96&d=mm&r=g\",\"caption\":\"Bouscharain\"},\"url\":\"http:\\\/\\\/www.semen-l.org\\\/?author=8\"}]}<\/script>\n<!-- \/ Yoast SEO plugin. -->","yoast_head_json":{"title":"7e CONGR\u00c8S INTERNATIONAL DE LATIN M\u00c9DI\u00c9VAL: \u2018LE SENS DU TEMPS\u2019 - Soci\u00e9t\u00e9 d&#039;\u00c9tudes M\u00e9dio Et N\u00e9o-Latines","robots":{"index":"index","follow":"follow","max-snippet":"max-snippet:-1","max-image-preview":"max-image-preview:large","max-video-preview":"max-video-preview:-1"},"canonical":"http:\/\/www.semen-l.org\/?p=198","og_locale":"fr_FR","og_type":"article","og_title":"7e CONGR\u00c8S INTERNATIONAL DE LATIN M\u00c9DI\u00c9VAL: \u2018LE SENS DU TEMPS\u2019 - Soci\u00e9t\u00e9 d&#039;\u00c9tudes M\u00e9dio Et N\u00e9o-Latines","og_description":"Vous \u00eates invit\u00e9s \u00e0 soumettre des propositions de communications portant \u2028sur le th\u00e8me du Congr\u00e8s, \u00abLe sens du temps\u00bb. Le Moyen Age (de 500 \u00e0 1500 environ) a vu se transformer la perception du temps, passant d\u2019un temps rythm\u00e9 par &hellip; Continuer la lecture &rarr;","og_url":"http:\/\/www.semen-l.org\/?p=198","og_site_name":"Soci\u00e9t\u00e9 d&#039;\u00c9tudes M\u00e9dio Et N\u00e9o-Latines","article_publisher":"https:\/\/www.facebook.com\/SEMENL2018","article_published_time":"2013-09-13T16:24:00+00:00","article_modified_time":"2020-11-18T21:58:18+00:00","author":"Bouscharain","twitter_card":"summary_large_image","twitter_misc":{"\u00c9crit par":"Bouscharain","Dur\u00e9e de lecture estim\u00e9e":"2 minutes"},"schema":{"@context":"https:\/\/schema.org","@graph":[{"@type":"Article","@id":"http:\/\/www.semen-l.org\/?p=198#article","isPartOf":{"@id":"http:\/\/www.semen-l.org\/?p=198"},"author":{"name":"Bouscharain","@id":"http:\/\/www.semen-l.org\/#\/schema\/person\/773d8aed3467aa8e7dc3f80cf7bf4aa7"},"headline":"7e CONGR\u00c8S INTERNATIONAL DE LATIN M\u00c9DI\u00c9VAL: \u2018LE SENS DU TEMPS\u2019","datePublished":"2013-09-13T16:24:00+00:00","dateModified":"2020-11-18T21:58:18+00:00","mainEntityOfPage":{"@id":"http:\/\/www.semen-l.org\/?p=198"},"wordCount":339,"commentCount":0,"publisher":{"@id":"http:\/\/www.semen-l.org\/#organization"},"keywords":["calendrier","liturgie","temps","temps grammatical","th\u00e9ologie"],"articleSection":["Colloques"],"inLanguage":"fr-FR","potentialAction":[{"@type":"CommentAction","name":"Comment","target":["http:\/\/www.semen-l.org\/?p=198#respond"]}]},{"@type":"WebPage","@id":"http:\/\/www.semen-l.org\/?p=198","url":"http:\/\/www.semen-l.org\/?p=198","name":"7e CONGR\u00c8S INTERNATIONAL DE LATIN M\u00c9DI\u00c9VAL: \u2018LE SENS DU TEMPS\u2019 - Soci\u00e9t\u00e9 d&#039;\u00c9tudes M\u00e9dio Et N\u00e9o-Latines","isPartOf":{"@id":"http:\/\/www.semen-l.org\/#website"},"datePublished":"2013-09-13T16:24:00+00:00","dateModified":"2020-11-18T21:58:18+00:00","breadcrumb":{"@id":"http:\/\/www.semen-l.org\/?p=198#breadcrumb"},"inLanguage":"fr-FR","potentialAction":[{"@type":"ReadAction","target":["http:\/\/www.semen-l.org\/?p=198"]}]},{"@type":"BreadcrumbList","@id":"http:\/\/www.semen-l.org\/?p=198#breadcrumb","itemListElement":[{"@type":"ListItem","position":1,"name":"Accueil","item":"http:\/\/www.semen-l.org\/"},{"@type":"ListItem","position":2,"name":"7e CONGR\u00c8S INTERNATIONAL DE LATIN M\u00c9DI\u00c9VAL: \u2018LE SENS DU TEMPS\u2019"}]},{"@type":"WebSite","@id":"http:\/\/www.semen-l.org\/#website","url":"http:\/\/www.semen-l.org\/","name":"Soci\u00e9t\u00e9 d'\u00c9tudes M\u00e9dio Et N\u00e9o-Latines","description":"","publisher":{"@id":"http:\/\/www.semen-l.org\/#organization"},"potentialAction":[{"@type":"SearchAction","target":{"@type":"EntryPoint","urlTemplate":"http:\/\/www.semen-l.org\/?s={search_term_string}"},"query-input":{"@type":"PropertyValueSpecification","valueRequired":true,"valueName":"search_term_string"}}],"inLanguage":"fr-FR"},{"@type":"Organization","@id":"http:\/\/www.semen-l.org\/#organization","name":"Soci\u00e9t\u00e9 d'\u00e9tudes m\u00e9dio et n\u00e9o-latines","url":"http:\/\/www.semen-l.org\/","logo":{"@type":"ImageObject","inLanguage":"fr-FR","@id":"http:\/\/www.semen-l.org\/#\/schema\/logo\/image\/","url":"http:\/\/www.semen-l.org\/wp-content\/uploads\/2020\/11\/logo-semenl.jpg","contentUrl":"http:\/\/www.semen-l.org\/wp-content\/uploads\/2020\/11\/logo-semenl.jpg","width":408,"height":403,"caption":"Soci\u00e9t\u00e9 d'\u00e9tudes m\u00e9dio et n\u00e9o-latines"},"image":{"@id":"http:\/\/www.semen-l.org\/#\/schema\/logo\/image\/"},"sameAs":["https:\/\/www.facebook.com\/SEMENL2018","https:\/\/independent.academia.edu\/SocitsdtudesmdioetnolatinesSEMENL"]},{"@type":"Person","@id":"http:\/\/www.semen-l.org\/#\/schema\/person\/773d8aed3467aa8e7dc3f80cf7bf4aa7","name":"Bouscharain","image":{"@type":"ImageObject","inLanguage":"fr-FR","@id":"https:\/\/secure.gravatar.com\/avatar\/42cf449c03e9c23ff1fd9f5ec2adf4715b4c020b67a8bc21ce2c4a040e67eae3?s=96&d=mm&r=g","url":"https:\/\/secure.gravatar.com\/avatar\/42cf449c03e9c23ff1fd9f5ec2adf4715b4c020b67a8bc21ce2c4a040e67eae3?s=96&d=mm&r=g","contentUrl":"https:\/\/secure.gravatar.com\/avatar\/42cf449c03e9c23ff1fd9f5ec2adf4715b4c020b67a8bc21ce2c4a040e67eae3?s=96&d=mm&r=g","caption":"Bouscharain"},"url":"http:\/\/www.semen-l.org\/?author=8"}]}},"jetpack_featured_media_url":"","_links":{"self":[{"href":"http:\/\/www.semen-l.org\/index.php?rest_route=\/wp\/v2\/posts\/198","targetHints":{"allow":["GET"]}}],"collection":[{"href":"http:\/\/www.semen-l.org\/index.php?rest_route=\/wp\/v2\/posts"}],"about":[{"href":"http:\/\/www.semen-l.org\/index.php?rest_route=\/wp\/v2\/types\/post"}],"author":[{"embeddable":true,"href":"http:\/\/www.semen-l.org\/index.php?rest_route=\/wp\/v2\/users\/8"}],"replies":[{"embeddable":true,"href":"http:\/\/www.semen-l.org\/index.php?rest_route=%2Fwp%2Fv2%2Fcomments&post=198"}],"version-history":[{"count":0,"href":"http:\/\/www.semen-l.org\/index.php?rest_route=\/wp\/v2\/posts\/198\/revisions"}],"wp:attachment":[{"href":"http:\/\/www.semen-l.org\/index.php?rest_route=%2Fwp%2Fv2%2Fmedia&parent=198"}],"wp:term":[{"taxonomy":"category","embeddable":true,"href":"http:\/\/www.semen-l.org\/index.php?rest_route=%2Fwp%2Fv2%2Fcategories&post=198"},{"taxonomy":"post_tag","embeddable":true,"href":"http:\/\/www.semen-l.org\/index.php?rest_route=%2Fwp%2Fv2%2Ftags&post=198"}],"curies":[{"name":"wp","href":"https:\/\/api.w.org\/{rel}","templated":true}]}}