{"id":1891,"date":"2022-01-22T10:25:13","date_gmt":"2022-01-22T10:25:13","guid":{"rendered":"http:\/\/www.semen-l.org\/?p=1891"},"modified":"2022-01-28T18:04:39","modified_gmt":"2022-01-28T18:04:39","slug":"le-nu-dans-la-litterature-de-la-renaissance","status":"publish","type":"post","link":"http:\/\/www.semen-l.org\/?p=1891","title":{"rendered":"Le nu dans la litt\u00e9rature de la Renaissance"},"content":{"rendered":"\t\t<div data-elementor-type=\"wp-post\" data-elementor-id=\"1891\" class=\"elementor elementor-1891\">\n\t\t\t\t\t\t<section class=\"elementor-section elementor-top-section elementor-element elementor-element-79dc84d elementor-section-boxed elementor-section-height-default elementor-section-height-default\" data-id=\"79dc84d\" data-element_type=\"section\" data-e-type=\"section\">\n\t\t\t\t\t\t<div class=\"elementor-container elementor-column-gap-default\">\n\t\t\t\t\t<div class=\"elementor-column elementor-col-50 elementor-top-column elementor-element elementor-element-3be2749\" data-id=\"3be2749\" data-element_type=\"column\" data-e-type=\"column\">\n\t\t\t<div class=\"elementor-widget-wrap elementor-element-populated\">\n\t\t\t\t\t\t<div class=\"elementor-element elementor-element-88c5d55 elementor-widget elementor-widget-text-editor\" data-id=\"88c5d55\" data-element_type=\"widget\" data-e-type=\"widget\" data-widget_type=\"text-editor.default\">\n\t\t\t\t<div class=\"elementor-widget-container\">\n\t\t\t\t\t\t\t\t\t<p>La SEMEN-L a le plaisir de vous faire conna\u00eetre la parution de : <em>Le nu dans la litt\u00e9rature de la Renaissance<\/em>, un ouvrage collectif sous la direction d\u2019\u00c9milie S\u00e9ris, paru aux Presses Universitaires Fran\u00e7ois-Rabelais, dans la collection \u00ab\u00a0Renaissance\u00a0\u00bb. Il est issu d&rsquo;un colloque tenu \u00e0 la Sorbonne du 22 au 24 novembre 2018.<\/p><p><a href=\"https:\/\/pufr-editions.fr\/produit\/le-nu-dans-la-litterature\/\">Lien vers le site des PUFR.<\/a><\/p><p>Le nu a-t-il eu \u00e0 la Renaissance le m\u00eame succ\u00e8s dans la litt\u00e9rature que dans les arts ? Ce livre propose une premi\u00e8re synth\u00e8se sur le sujet en identifiant une vari\u00e9t\u00e9 de nus dans les textes de la Renaissance et en analysant leurs mod\u00e8les, leurs significations et leurs proc\u00e9d\u00e9s d\u2019\u00e9criture.<\/p>\t\t\t\t\t\t\t\t<\/div>\n\t\t\t\t<\/div>\n\t\t\t\t\t<\/div>\n\t\t<\/div>\n\t\t\t\t<div class=\"elementor-column elementor-col-50 elementor-top-column elementor-element elementor-element-9aecb5b\" data-id=\"9aecb5b\" data-element_type=\"column\" data-e-type=\"column\">\n\t\t\t<div class=\"elementor-widget-wrap elementor-element-populated\">\n\t\t\t\t\t\t<div class=\"elementor-element elementor-element-359f7fe elementor-widget elementor-widget-image\" data-id=\"359f7fe\" data-element_type=\"widget\" data-e-type=\"widget\" data-widget_type=\"image.default\">\n\t\t\t\t<div class=\"elementor-widget-container\">\n\t\t\t\t\t\t\t\t\t\t\t\t\t\t\t\t<a href=\"https:\/\/pufr-editions.fr\/produit\/le-nu-dans-la-litterature\/\">\n\t\t\t\t\t\t\t<img fetchpriority=\"high\" decoding=\"async\" width=\"483\" height=\"614\" src=\"http:\/\/www.semen-l.org\/wp-content\/uploads\/2022\/01\/parution-nu-renaissance.jpg\" class=\"attachment-large size-large wp-image-1892\" alt=\"\" srcset=\"http:\/\/www.semen-l.org\/wp-content\/uploads\/2022\/01\/parution-nu-renaissance.jpg 483w, http:\/\/www.semen-l.org\/wp-content\/uploads\/2022\/01\/parution-nu-renaissance-236x300.jpg 236w, http:\/\/www.semen-l.org\/wp-content\/uploads\/2022\/01\/parution-nu-renaissance-157x200.jpg 157w\" sizes=\"(max-width: 483px) 100vw, 483px\" \/>\t\t\t\t\t\t\t\t<\/a>\n\t\t\t\t\t\t\t\t\t\t\t\t\t\t\t<\/div>\n\t\t\t\t<\/div>\n\t\t\t\t\t<\/div>\n\t\t<\/div>\n\t\t\t\t\t<\/div>\n\t\t<\/section>\n\t\t\t\t<section class=\"elementor-section elementor-top-section elementor-element elementor-element-a748682 elementor-section-boxed elementor-section-height-default elementor-section-height-default\" data-id=\"a748682\" data-element_type=\"section\" data-e-type=\"section\">\n\t\t\t\t\t\t<div class=\"elementor-container elementor-column-gap-default\">\n\t\t\t\t\t<div class=\"elementor-column elementor-col-100 elementor-top-column elementor-element elementor-element-8c273c6\" data-id=\"8c273c6\" data-element_type=\"column\" data-e-type=\"column\">\n\t\t\t<div class=\"elementor-widget-wrap elementor-element-populated\">\n\t\t\t\t\t\t<div class=\"elementor-element elementor-element-a6379cf elementor-widget elementor-widget-text-editor\" data-id=\"a6379cf\" data-element_type=\"widget\" data-e-type=\"widget\" data-widget_type=\"text-editor.default\">\n\t\t\t\t<div class=\"elementor-widget-container\">\n\t\t\t\t\t\t\t\t\t<p>Retravaillant les exemples antiques et m\u00e9di\u00e9vaux, la litt\u00e9rature de la Renaissance a d\u00e9velopp\u00e9 les fonctions comique et \u00e9rotique du nu. En effet, dans la suite de la tradition m\u00e9di\u00e9vale, la d\u00e9rision du corps s\u2019exprime dans la nouvelle en langue italienne, dans l\u2019\u00e9pigramme latine, mais aussi parfois dans l\u2019\u00e9l\u00e9gie ou dans les r\u00e9cits des grandes d\u00e9couvertes, mettant \u00e0 nu la condition humaine. Toutefois, si le nu alimente \u00e0 la Renaissance la satire des m\u0153urs, il n\u2019en continue pas moins de c\u00e9l\u00e9brer l\u2019amour et la f\u00e9condit\u00e9 : litt\u00e9rature et arts perp\u00e9tuent la fonction \u00e9rotique du nu archa\u00efque en l\u2019adaptant aux cadres du mariage chr\u00e9tien. Enfin, il appara\u00eet que les nouvelles th\u00e9orisations humanistes du corps, qui ont boulevers\u00e9 sa figuration en art, ont aussi modifi\u00e9 les codes de sa description litt\u00e9raire : les recherches sur la sym\u00e9trie du corps humain, sur l\u2019anatomie ou sur le mouvement n\u2019ont pas manqu\u00e9 non plus d\u2019influencer le nu dans la litt\u00e9rature de la Renaissance.<\/p>\t\t\t\t\t\t\t\t<\/div>\n\t\t\t\t<\/div>\n\t\t\t\t\t<\/div>\n\t\t<\/div>\n\t\t\t\t\t<\/div>\n\t\t<\/section>\n\t\t\t\t<section class=\"elementor-section elementor-top-section elementor-element elementor-element-ffb133e elementor-section-boxed elementor-section-height-default elementor-section-height-default\" data-id=\"ffb133e\" data-element_type=\"section\" data-e-type=\"section\">\n\t\t\t\t\t\t<div class=\"elementor-container elementor-column-gap-default\">\n\t\t\t\t\t<div class=\"elementor-column elementor-col-100 elementor-top-column elementor-element elementor-element-51d57e4\" data-id=\"51d57e4\" data-element_type=\"column\" data-e-type=\"column\">\n\t\t\t<div class=\"elementor-widget-wrap elementor-element-populated\">\n\t\t\t\t\t\t<div class=\"elementor-element elementor-element-d70892b elementor-widget elementor-widget-heading\" data-id=\"d70892b\" data-element_type=\"widget\" data-e-type=\"widget\" data-widget_type=\"heading.default\">\n\t\t\t\t<div class=\"elementor-widget-container\">\n\t\t\t\t\t<h2 class=\"elementor-heading-title elementor-size-default\">Encart de pr\u00e9sentation et bon de commande<\/h2>\t\t\t\t<\/div>\n\t\t\t\t<\/div>\n\t\t\t\t\t<\/div>\n\t\t<\/div>\n\t\t\t\t\t<\/div>\n\t\t<\/section>\n\t\t\t\t<section class=\"elementor-section elementor-top-section elementor-element elementor-element-00c9841 elementor-section-boxed elementor-section-height-default elementor-section-height-default\" data-id=\"00c9841\" data-element_type=\"section\" data-e-type=\"section\">\n\t\t\t\t\t\t<div class=\"elementor-container elementor-column-gap-default\">\n\t\t\t\t\t<div class=\"elementor-column elementor-col-100 elementor-top-column elementor-element elementor-element-952bca1\" data-id=\"952bca1\" data-element_type=\"column\" data-e-type=\"column\">\n\t\t\t<div class=\"elementor-widget-wrap elementor-element-populated\">\n\t\t\t\t\t\t<div class=\"elementor-element elementor-element-ca64877 elementor-widget elementor-widget-text-editor\" data-id=\"ca64877\" data-element_type=\"widget\" data-e-type=\"widget\" data-widget_type=\"text-editor.default\">\n\t\t\t\t<div class=\"elementor-widget-container\">\n\t\t\t\t\t\t\t\t\t<a href=\"http:\/\/www.semen-l.org\/wp-content\/uploads\/2022\/01\/le-nu-a-la-Renaissance.pdf\" class=\"pdfemb-viewer\" style=\"\" data-width=\"max\" data-height=\"max\" data-toolbar=\"both\" data-toolbar-fixed=\"off\">le-nu-a-la-Renaissance<\/a>\t\t\t\t\t\t\t\t<\/div>\n\t\t\t\t<\/div>\n\t\t\t\t\t<\/div>\n\t\t<\/div>\n\t\t\t\t\t<\/div>\n\t\t<\/section>\n\t\t\t\t<section class=\"elementor-section elementor-top-section elementor-element elementor-element-778d56f elementor-section-boxed elementor-section-height-default elementor-section-height-default\" data-id=\"778d56f\" data-element_type=\"section\" data-e-type=\"section\">\n\t\t\t\t\t\t<div class=\"elementor-container elementor-column-gap-default\">\n\t\t\t\t\t<div class=\"elementor-column elementor-col-100 elementor-top-column elementor-element elementor-element-60d3872\" data-id=\"60d3872\" data-element_type=\"column\" data-e-type=\"column\">\n\t\t\t<div class=\"elementor-widget-wrap elementor-element-populated\">\n\t\t\t\t\t\t<div class=\"elementor-element elementor-element-413705a elementor-widget elementor-widget-heading\" data-id=\"413705a\" data-element_type=\"widget\" data-e-type=\"widget\" data-widget_type=\"heading.default\">\n\t\t\t\t<div class=\"elementor-widget-container\">\n\t\t\t\t\t<h2 class=\"elementor-heading-title elementor-size-default\">Sommaire<\/h2>\t\t\t\t<\/div>\n\t\t\t\t<\/div>\n\t\t\t\t\t<\/div>\n\t\t<\/div>\n\t\t\t\t\t<\/div>\n\t\t<\/section>\n\t\t\t\t<section class=\"elementor-section elementor-top-section elementor-element elementor-element-fb7f763 elementor-section-boxed elementor-section-height-default elementor-section-height-default\" data-id=\"fb7f763\" data-element_type=\"section\" data-e-type=\"section\">\n\t\t\t\t\t\t<div class=\"elementor-container elementor-column-gap-default\">\n\t\t\t\t\t<div class=\"elementor-column elementor-col-50 elementor-top-column elementor-element elementor-element-b43a703\" data-id=\"b43a703\" data-element_type=\"column\" data-e-type=\"column\">\n\t\t\t<div class=\"elementor-widget-wrap elementor-element-populated\">\n\t\t\t\t\t\t<div class=\"elementor-element elementor-element-6b63263 elementor-widget elementor-widget-text-editor\" data-id=\"6b63263\" data-element_type=\"widget\" data-e-type=\"widget\" data-widget_type=\"text-editor.default\">\n\t\t\t\t<div class=\"elementor-widget-container\">\n\t\t\t\t\t\t\t\t\t<p><strong>INTRODUCTION<\/strong><\/p><p><strong>PARTIE I &#8211; MODELES FIGUR\u00c9S, MODELES LITT\u00c9RAIRES<\/strong><\/p><p>Chapitre I &#8211; Histoires de nus et de nudit\u00e9. Sur quelques anecdotes antiques. Val\u00e9rie Naas<\/p><p>Chapitre II &#8211; Les nus sur la m\u00e9galographie dionysiaque de la villa des Myst\u00e8res (Pomp\u00e9i). Gilles Sauron<\/p><p>Chapitre III &#8211; Venus pudica. Portrait f\u00e9minin et nudit\u00e9 dans la Rome imp\u00e9riale. Emmanuelle Rosso<\/p><p>Chapitre IV &#8211; Tableaux et statues de nus dans quelques textes grecs de l&rsquo;\u00e9poque imp\u00e9riale. Francesca Mestre.<\/p><p>Chapitre V &#8211; Le corps us\u00e9 des vieilles femmes dans la litt\u00e9rature m\u00e9di\u00e9vale. Julien Maudoux.<\/p><p><strong>PARTIE II &#8211; MISERE ET DIGNIT\u00c9 DE L&rsquo;HOMME<\/strong><\/p><p>Chapitre I &#8211; Les nudit\u00e9s dans le D\u00e9cam\u00e9ron de Boccace. \u00c9vrard Delbey<\/p><p>Chapitre II &#8211; Il nudo epigrammatico nella poesia umanistica. Donatella Coppini<\/p><p>Chapitre III &#8211; La com\u00e9die de la nudit\u00e9 dans les Amours de Conrad Celtis. Nicolas Casellato<\/p><p>Chapitre IV &#8211; La nudit\u00e9 animale. Identit\u00e9s renaissantes. Guillaume Cassegrain<\/p><p>Chapitre V &#8211; Primitivisme et nudit\u00e9. L&rsquo;homme demi-nu aux origines de la civilisation. Susanna Gambino Longo<\/p>\t\t\t\t\t\t\t\t<\/div>\n\t\t\t\t<\/div>\n\t\t\t\t\t<\/div>\n\t\t<\/div>\n\t\t\t\t<div class=\"elementor-column elementor-col-50 elementor-top-column elementor-element elementor-element-dd42332\" data-id=\"dd42332\" data-element_type=\"column\" data-e-type=\"column\">\n\t\t\t<div class=\"elementor-widget-wrap elementor-element-populated\">\n\t\t\t\t\t\t<div class=\"elementor-element elementor-element-a6128cc elementor-widget elementor-widget-text-editor\" data-id=\"a6128cc\" data-element_type=\"widget\" data-e-type=\"widget\" data-widget_type=\"text-editor.default\">\n\t\t\t\t<div class=\"elementor-widget-container\">\n\t\t\t\t\t\t\t\t\t<p><strong>PARTIE III &#8211; \u00c9ROS, PAN OU HYM\u00c9N\u00c9E?<\/strong><\/p><p>Chapitre I &#8211; Il nudo tra ethos familiare ad eros coniugale nella poesia di Giovanni Pontano. Giuseppe Germano<\/p><p>Chapitre II &#8211; Nuda agitans choros&#8230; Valeurs du nu f\u00e9minin chez Garcilaso de la Vega. Roland B\u00e9har<\/p><p>Chapitre III &#8211; La nudit\u00e9 de Suzanne dans une tragicom\u00e9die de Charles Godran. John Nassichuk<\/p><p>Chapitre IV &#8211; Symbolique \u00e9rotique et gestuelle. Le topos de la femme au bras lev\u00e9. Nadeije Laneyrie-Dagen<\/p><p>Chapitre V &#8211; Sommeil et nudit\u00e9. Virginie Leroux<\/p><p><strong>PARTIE IV &#8211; LA FABRIQUE DU NU<\/strong><\/p><p>Chapitre I &#8211; Les th\u00e9ories artistiques de Leon Battista Alberti dans l&rsquo;oeuvre de Cristoforo Landino. Thomas Baier<\/p><p>Chapitre II &#8211; Il corpo di Adone nel De hortis Hesperidum di Giovanni Pontano. Antonietta Iacono<\/p><p>Chapitre III &#8211; Nude e crude. Le nu f\u00e9minin dans le Roland furieux. Gabriele Bucchi<\/p><p>Chapitre IV &#8211; Portraits de nus dans la po\u00e9sie de la Pl\u00e9iade (Ronsard et Ba\u00eff). Anne-Pascale Pouey-Mounou<\/p><p>Chapitre V &#8211; \u00ab Couvrez ce sein&#8230; \u00bb . Cl\u00e9ment Marot et les blasons impudiques. Julien Goeury<\/p>\t\t\t\t\t\t\t\t<\/div>\n\t\t\t\t<\/div>\n\t\t\t\t\t<\/div>\n\t\t<\/div>\n\t\t\t\t\t<\/div>\n\t\t<\/section>\n\t\t\t\t<section class=\"elementor-section elementor-top-section elementor-element elementor-element-3a3b8b1 elementor-section-boxed elementor-section-height-default elementor-section-height-default\" data-id=\"3a3b8b1\" data-element_type=\"section\" data-e-type=\"section\">\n\t\t\t\t\t\t<div class=\"elementor-container elementor-column-gap-default\">\n\t\t\t\t\t<div class=\"elementor-column elementor-col-100 elementor-top-column elementor-element elementor-element-d3b9f9f\" data-id=\"d3b9f9f\" data-element_type=\"column\" data-e-type=\"column\">\n\t\t\t<div class=\"elementor-widget-wrap\">\n\t\t\t\t\t\t\t<\/div>\n\t\t<\/div>\n\t\t\t\t\t<\/div>\n\t\t<\/section>\n\t\t\t\t<\/div>\n\t\t","protected":false},"excerpt":{"rendered":"<p>La SEMEN-L a le plaisir de vous faire conna\u00eetre la parution de : Le nu dans la litt\u00e9rature de la Renaissance, un ouvrage collectif sous la direction d\u2019\u00c9milie S\u00e9ris, paru aux Presses Universitaires Fran\u00e7ois-Rabelais, dans la collection \u00ab\u00a0Renaissance\u00a0\u00bb. Il est &hellip; <a href=\"http:\/\/www.semen-l.org\/?p=1891\">Continuer la lecture <span class=\"meta-nav\">&rarr;<\/span><\/a><\/p>\n","protected":false},"author":26,"featured_media":1892,"comment_status":"open","ping_status":"open","sticky":false,"template":"","format":"standard","meta":{"footnotes":""},"categories":[7],"tags":[38,238,1366,1447,1636,251,86,55,72,246,236,827,1635,144,240,244,1603,223,100,26,36,230,1634,247,1593,231,242,1633],"class_list":["post-1891","post","type-post","status-publish","format-standard","has-post-thumbnail","hentry","category-publications","tag-leon-battista-alberti","tag-amores-conrad-celtis","tag-amour","tag-animal","tag-baif-jean-antoine-de","tag-blason","tag-boccace","tag-conrad-celtis","tag-comedie","tag-de-hortis-hesperidum","tag-decameron-le","tag-erotique","tag-ethos","tag-humanisme","tag-de-la-vega-garcilaso","tag-landino-cristoforo","tag-marot-clement","tag-nu","tag-peinture","tag-poesie","tag-giovanni-pontano","tag-portrait","tag-primitivisme","tag-roland-furieux","tag-ronsard-pierre-de","tag-sculpture","tag-sommeil","tag-venus"],"yoast_head":"<!-- This site is optimized with the Yoast SEO plugin v27.5 - https:\/\/yoast.com\/product\/yoast-seo-wordpress\/ -->\n<title>Le nu dans la litt\u00e9rature de la Renaissance - SEMEN-L<\/title>\n<meta name=\"robots\" content=\"index, follow, max-snippet:-1, max-image-preview:large, max-video-preview:-1\" \/>\n<link rel=\"canonical\" href=\"http:\/\/www.semen-l.org\/?p=1891\" \/>\n<meta property=\"og:locale\" content=\"fr_FR\" \/>\n<meta property=\"og:type\" content=\"article\" \/>\n<meta property=\"og:title\" content=\"Le nu dans la litt\u00e9rature de la Renaissance - SEMEN-L\" \/>\n<meta property=\"og:description\" content=\"La SEMEN-L a le plaisir de vous faire conna\u00eetre la parution de : Le nu dans la litt\u00e9rature de la Renaissance, un ouvrage collectif sous la direction d\u2019\u00c9milie S\u00e9ris, paru aux Presses Universitaires Fran\u00e7ois-Rabelais, dans la collection \u00ab\u00a0Renaissance\u00a0\u00bb. Il est &hellip; Continuer la lecture &rarr;\" \/>\n<meta property=\"og:url\" content=\"http:\/\/www.semen-l.org\/?p=1891\" \/>\n<meta property=\"og:site_name\" content=\"Soci\u00e9t\u00e9 d&#039;\u00c9tudes M\u00e9dio Et N\u00e9o-Latines\" \/>\n<meta property=\"article:publisher\" content=\"https:\/\/www.facebook.com\/SEMENL2018\" \/>\n<meta property=\"article:published_time\" content=\"2022-01-22T10:25:13+00:00\" \/>\n<meta property=\"article:modified_time\" content=\"2022-01-28T18:04:39+00:00\" \/>\n<meta property=\"og:image\" content=\"http:\/\/www.semen-l.org\/wp-content\/uploads\/2022\/01\/parution-nu-renaissance.jpg\" \/>\n\t<meta property=\"og:image:width\" content=\"483\" \/>\n\t<meta property=\"og:image:height\" content=\"614\" \/>\n\t<meta property=\"og:image:type\" content=\"image\/jpeg\" \/>\n<meta name=\"author\" content=\"Julien Maudoux\" \/>\n<meta name=\"twitter:card\" content=\"summary_large_image\" \/>\n<meta name=\"twitter:label1\" content=\"\u00c9crit par\" \/>\n\t<meta name=\"twitter:data1\" content=\"Julien Maudoux\" \/>\n\t<meta name=\"twitter:label2\" content=\"Dur\u00e9e de lecture estim\u00e9e\" \/>\n\t<meta name=\"twitter:data2\" content=\"4 minutes\" \/>\n<script type=\"application\/ld+json\" class=\"yoast-schema-graph\">{\"@context\":\"https:\\\/\\\/schema.org\",\"@graph\":[{\"@type\":\"Article\",\"@id\":\"http:\\\/\\\/www.semen-l.org\\\/?p=1891#article\",\"isPartOf\":{\"@id\":\"http:\\\/\\\/www.semen-l.org\\\/?p=1891\"},\"author\":{\"name\":\"Julien Maudoux\",\"@id\":\"http:\\\/\\\/www.semen-l.org\\\/#\\\/schema\\\/person\\\/ef5208815f17666727763c5363a51344\"},\"headline\":\"Le nu dans la litt\u00e9rature de la Renaissance\",\"datePublished\":\"2022-01-22T10:25:13+00:00\",\"dateModified\":\"2022-01-28T18:04:39+00:00\",\"mainEntityOfPage\":{\"@id\":\"http:\\\/\\\/www.semen-l.org\\\/?p=1891\"},\"wordCount\":691,\"commentCount\":0,\"publisher\":{\"@id\":\"http:\\\/\\\/www.semen-l.org\\\/#organization\"},\"image\":{\"@id\":\"http:\\\/\\\/www.semen-l.org\\\/?p=1891#primaryimage\"},\"thumbnailUrl\":\"http:\\\/\\\/www.semen-l.org\\\/wp-content\\\/uploads\\\/2022\\\/01\\\/parution-nu-renaissance.jpg\",\"keywords\":[\"Alberti (Leon Battista)\",\"Amores (Conrad Celtis)\",\"amour\",\"animal\",\"Ba\u00eff (Jean-Antoine de)\",\"blason\",\"Boccace\",\"Celtis (Conrad)\",\"com\u00e9die\",\"De hortis Hesperidum (Giovanni Pontano)\",\"D\u00e9cam\u00e9ron (Le)\",\"\u00e9rotique\",\"ethos\",\"humanisme\",\"La Vega (Garcilaso de)\",\"Landino (Cristoforo)\",\"Marot (Cl\u00e9ment)\",\"nu\",\"peinture\",\"po\u00e9sie\",\"Pontano (Giovanni)\",\"portrait\",\"primitivisme\",\"Roland Furieux\",\"Ronsard (Pierre de)\",\"sculpture\",\"sommeil\",\"V\u00e9nus\"],\"articleSection\":[\"Publications\"],\"inLanguage\":\"fr-FR\",\"potentialAction\":[{\"@type\":\"CommentAction\",\"name\":\"Comment\",\"target\":[\"http:\\\/\\\/www.semen-l.org\\\/?p=1891#respond\"]}]},{\"@type\":\"WebPage\",\"@id\":\"http:\\\/\\\/www.semen-l.org\\\/?p=1891\",\"url\":\"http:\\\/\\\/www.semen-l.org\\\/?p=1891\",\"name\":\"Le nu dans la litt\u00e9rature de la Renaissance - SEMEN-L\",\"isPartOf\":{\"@id\":\"http:\\\/\\\/www.semen-l.org\\\/#website\"},\"primaryImageOfPage\":{\"@id\":\"http:\\\/\\\/www.semen-l.org\\\/?p=1891#primaryimage\"},\"image\":{\"@id\":\"http:\\\/\\\/www.semen-l.org\\\/?p=1891#primaryimage\"},\"thumbnailUrl\":\"http:\\\/\\\/www.semen-l.org\\\/wp-content\\\/uploads\\\/2022\\\/01\\\/parution-nu-renaissance.jpg\",\"datePublished\":\"2022-01-22T10:25:13+00:00\",\"dateModified\":\"2022-01-28T18:04:39+00:00\",\"breadcrumb\":{\"@id\":\"http:\\\/\\\/www.semen-l.org\\\/?p=1891#breadcrumb\"},\"inLanguage\":\"fr-FR\",\"potentialAction\":[{\"@type\":\"ReadAction\",\"target\":[\"http:\\\/\\\/www.semen-l.org\\\/?p=1891\"]}]},{\"@type\":\"ImageObject\",\"inLanguage\":\"fr-FR\",\"@id\":\"http:\\\/\\\/www.semen-l.org\\\/?p=1891#primaryimage\",\"url\":\"http:\\\/\\\/www.semen-l.org\\\/wp-content\\\/uploads\\\/2022\\\/01\\\/parution-nu-renaissance.jpg\",\"contentUrl\":\"http:\\\/\\\/www.semen-l.org\\\/wp-content\\\/uploads\\\/2022\\\/01\\\/parution-nu-renaissance.jpg\",\"width\":483,\"height\":614},{\"@type\":\"BreadcrumbList\",\"@id\":\"http:\\\/\\\/www.semen-l.org\\\/?p=1891#breadcrumb\",\"itemListElement\":[{\"@type\":\"ListItem\",\"position\":1,\"name\":\"Accueil\",\"item\":\"http:\\\/\\\/www.semen-l.org\\\/\"},{\"@type\":\"ListItem\",\"position\":2,\"name\":\"Le nu dans la litt\u00e9rature de la Renaissance\"}]},{\"@type\":\"WebSite\",\"@id\":\"http:\\\/\\\/www.semen-l.org\\\/#website\",\"url\":\"http:\\\/\\\/www.semen-l.org\\\/\",\"name\":\"Soci\u00e9t\u00e9 d'\u00c9tudes M\u00e9dio Et N\u00e9o-Latines\",\"description\":\"\",\"publisher\":{\"@id\":\"http:\\\/\\\/www.semen-l.org\\\/#organization\"},\"potentialAction\":[{\"@type\":\"SearchAction\",\"target\":{\"@type\":\"EntryPoint\",\"urlTemplate\":\"http:\\\/\\\/www.semen-l.org\\\/?s={search_term_string}\"},\"query-input\":{\"@type\":\"PropertyValueSpecification\",\"valueRequired\":true,\"valueName\":\"search_term_string\"}}],\"inLanguage\":\"fr-FR\"},{\"@type\":\"Organization\",\"@id\":\"http:\\\/\\\/www.semen-l.org\\\/#organization\",\"name\":\"Soci\u00e9t\u00e9 d'\u00e9tudes m\u00e9dio et n\u00e9o-latines\",\"url\":\"http:\\\/\\\/www.semen-l.org\\\/\",\"logo\":{\"@type\":\"ImageObject\",\"inLanguage\":\"fr-FR\",\"@id\":\"http:\\\/\\\/www.semen-l.org\\\/#\\\/schema\\\/logo\\\/image\\\/\",\"url\":\"http:\\\/\\\/www.semen-l.org\\\/wp-content\\\/uploads\\\/2020\\\/11\\\/logo-semenl.jpg\",\"contentUrl\":\"http:\\\/\\\/www.semen-l.org\\\/wp-content\\\/uploads\\\/2020\\\/11\\\/logo-semenl.jpg\",\"width\":408,\"height\":403,\"caption\":\"Soci\u00e9t\u00e9 d'\u00e9tudes m\u00e9dio et n\u00e9o-latines\"},\"image\":{\"@id\":\"http:\\\/\\\/www.semen-l.org\\\/#\\\/schema\\\/logo\\\/image\\\/\"},\"sameAs\":[\"https:\\\/\\\/www.facebook.com\\\/SEMENL2018\",\"https:\\\/\\\/independent.academia.edu\\\/SocitsdtudesmdioetnolatinesSEMENL\"]},{\"@type\":\"Person\",\"@id\":\"http:\\\/\\\/www.semen-l.org\\\/#\\\/schema\\\/person\\\/ef5208815f17666727763c5363a51344\",\"name\":\"Julien Maudoux\",\"image\":{\"@type\":\"ImageObject\",\"inLanguage\":\"fr-FR\",\"@id\":\"https:\\\/\\\/secure.gravatar.com\\\/avatar\\\/caabf4fb6242e2277733cd35a5c2aa083761ea25dae1d1ff3298b54292225292?s=96&d=mm&r=g\",\"url\":\"https:\\\/\\\/secure.gravatar.com\\\/avatar\\\/caabf4fb6242e2277733cd35a5c2aa083761ea25dae1d1ff3298b54292225292?s=96&d=mm&r=g\",\"contentUrl\":\"https:\\\/\\\/secure.gravatar.com\\\/avatar\\\/caabf4fb6242e2277733cd35a5c2aa083761ea25dae1d1ff3298b54292225292?s=96&d=mm&r=g\",\"caption\":\"Julien Maudoux\"},\"description\":\"Webmestre du site de la SEMEN-L\",\"url\":\"http:\\\/\\\/www.semen-l.org\\\/?author=26\"}]}<\/script>\n<!-- \/ Yoast SEO plugin. -->","yoast_head_json":{"title":"Le nu dans la litt\u00e9rature de la Renaissance - SEMEN-L","robots":{"index":"index","follow":"follow","max-snippet":"max-snippet:-1","max-image-preview":"max-image-preview:large","max-video-preview":"max-video-preview:-1"},"canonical":"http:\/\/www.semen-l.org\/?p=1891","og_locale":"fr_FR","og_type":"article","og_title":"Le nu dans la litt\u00e9rature de la Renaissance - SEMEN-L","og_description":"La SEMEN-L a le plaisir de vous faire conna\u00eetre la parution de : Le nu dans la litt\u00e9rature de la Renaissance, un ouvrage collectif sous la direction d\u2019\u00c9milie S\u00e9ris, paru aux Presses Universitaires Fran\u00e7ois-Rabelais, dans la collection \u00ab\u00a0Renaissance\u00a0\u00bb. Il est &hellip; Continuer la lecture &rarr;","og_url":"http:\/\/www.semen-l.org\/?p=1891","og_site_name":"Soci\u00e9t\u00e9 d&#039;\u00c9tudes M\u00e9dio Et N\u00e9o-Latines","article_publisher":"https:\/\/www.facebook.com\/SEMENL2018","article_published_time":"2022-01-22T10:25:13+00:00","article_modified_time":"2022-01-28T18:04:39+00:00","og_image":[{"width":483,"height":614,"url":"http:\/\/www.semen-l.org\/wp-content\/uploads\/2022\/01\/parution-nu-renaissance.jpg","type":"image\/jpeg"}],"author":"Julien Maudoux","twitter_card":"summary_large_image","twitter_misc":{"\u00c9crit par":"Julien Maudoux","Dur\u00e9e de lecture estim\u00e9e":"4 minutes"},"schema":{"@context":"https:\/\/schema.org","@graph":[{"@type":"Article","@id":"http:\/\/www.semen-l.org\/?p=1891#article","isPartOf":{"@id":"http:\/\/www.semen-l.org\/?p=1891"},"author":{"name":"Julien Maudoux","@id":"http:\/\/www.semen-l.org\/#\/schema\/person\/ef5208815f17666727763c5363a51344"},"headline":"Le nu dans la litt\u00e9rature de la Renaissance","datePublished":"2022-01-22T10:25:13+00:00","dateModified":"2022-01-28T18:04:39+00:00","mainEntityOfPage":{"@id":"http:\/\/www.semen-l.org\/?p=1891"},"wordCount":691,"commentCount":0,"publisher":{"@id":"http:\/\/www.semen-l.org\/#organization"},"image":{"@id":"http:\/\/www.semen-l.org\/?p=1891#primaryimage"},"thumbnailUrl":"http:\/\/www.semen-l.org\/wp-content\/uploads\/2022\/01\/parution-nu-renaissance.jpg","keywords":["Alberti (Leon Battista)","Amores (Conrad Celtis)","amour","animal","Ba\u00eff (Jean-Antoine de)","blason","Boccace","Celtis (Conrad)","com\u00e9die","De hortis Hesperidum (Giovanni Pontano)","D\u00e9cam\u00e9ron (Le)","\u00e9rotique","ethos","humanisme","La Vega (Garcilaso de)","Landino (Cristoforo)","Marot (Cl\u00e9ment)","nu","peinture","po\u00e9sie","Pontano (Giovanni)","portrait","primitivisme","Roland Furieux","Ronsard (Pierre de)","sculpture","sommeil","V\u00e9nus"],"articleSection":["Publications"],"inLanguage":"fr-FR","potentialAction":[{"@type":"CommentAction","name":"Comment","target":["http:\/\/www.semen-l.org\/?p=1891#respond"]}]},{"@type":"WebPage","@id":"http:\/\/www.semen-l.org\/?p=1891","url":"http:\/\/www.semen-l.org\/?p=1891","name":"Le nu dans la litt\u00e9rature de la Renaissance - SEMEN-L","isPartOf":{"@id":"http:\/\/www.semen-l.org\/#website"},"primaryImageOfPage":{"@id":"http:\/\/www.semen-l.org\/?p=1891#primaryimage"},"image":{"@id":"http:\/\/www.semen-l.org\/?p=1891#primaryimage"},"thumbnailUrl":"http:\/\/www.semen-l.org\/wp-content\/uploads\/2022\/01\/parution-nu-renaissance.jpg","datePublished":"2022-01-22T10:25:13+00:00","dateModified":"2022-01-28T18:04:39+00:00","breadcrumb":{"@id":"http:\/\/www.semen-l.org\/?p=1891#breadcrumb"},"inLanguage":"fr-FR","potentialAction":[{"@type":"ReadAction","target":["http:\/\/www.semen-l.org\/?p=1891"]}]},{"@type":"ImageObject","inLanguage":"fr-FR","@id":"http:\/\/www.semen-l.org\/?p=1891#primaryimage","url":"http:\/\/www.semen-l.org\/wp-content\/uploads\/2022\/01\/parution-nu-renaissance.jpg","contentUrl":"http:\/\/www.semen-l.org\/wp-content\/uploads\/2022\/01\/parution-nu-renaissance.jpg","width":483,"height":614},{"@type":"BreadcrumbList","@id":"http:\/\/www.semen-l.org\/?p=1891#breadcrumb","itemListElement":[{"@type":"ListItem","position":1,"name":"Accueil","item":"http:\/\/www.semen-l.org\/"},{"@type":"ListItem","position":2,"name":"Le nu dans la litt\u00e9rature de la Renaissance"}]},{"@type":"WebSite","@id":"http:\/\/www.semen-l.org\/#website","url":"http:\/\/www.semen-l.org\/","name":"Soci\u00e9t\u00e9 d'\u00c9tudes M\u00e9dio Et N\u00e9o-Latines","description":"","publisher":{"@id":"http:\/\/www.semen-l.org\/#organization"},"potentialAction":[{"@type":"SearchAction","target":{"@type":"EntryPoint","urlTemplate":"http:\/\/www.semen-l.org\/?s={search_term_string}"},"query-input":{"@type":"PropertyValueSpecification","valueRequired":true,"valueName":"search_term_string"}}],"inLanguage":"fr-FR"},{"@type":"Organization","@id":"http:\/\/www.semen-l.org\/#organization","name":"Soci\u00e9t\u00e9 d'\u00e9tudes m\u00e9dio et n\u00e9o-latines","url":"http:\/\/www.semen-l.org\/","logo":{"@type":"ImageObject","inLanguage":"fr-FR","@id":"http:\/\/www.semen-l.org\/#\/schema\/logo\/image\/","url":"http:\/\/www.semen-l.org\/wp-content\/uploads\/2020\/11\/logo-semenl.jpg","contentUrl":"http:\/\/www.semen-l.org\/wp-content\/uploads\/2020\/11\/logo-semenl.jpg","width":408,"height":403,"caption":"Soci\u00e9t\u00e9 d'\u00e9tudes m\u00e9dio et n\u00e9o-latines"},"image":{"@id":"http:\/\/www.semen-l.org\/#\/schema\/logo\/image\/"},"sameAs":["https:\/\/www.facebook.com\/SEMENL2018","https:\/\/independent.academia.edu\/SocitsdtudesmdioetnolatinesSEMENL"]},{"@type":"Person","@id":"http:\/\/www.semen-l.org\/#\/schema\/person\/ef5208815f17666727763c5363a51344","name":"Julien Maudoux","image":{"@type":"ImageObject","inLanguage":"fr-FR","@id":"https:\/\/secure.gravatar.com\/avatar\/caabf4fb6242e2277733cd35a5c2aa083761ea25dae1d1ff3298b54292225292?s=96&d=mm&r=g","url":"https:\/\/secure.gravatar.com\/avatar\/caabf4fb6242e2277733cd35a5c2aa083761ea25dae1d1ff3298b54292225292?s=96&d=mm&r=g","contentUrl":"https:\/\/secure.gravatar.com\/avatar\/caabf4fb6242e2277733cd35a5c2aa083761ea25dae1d1ff3298b54292225292?s=96&d=mm&r=g","caption":"Julien Maudoux"},"description":"Webmestre du site de la SEMEN-L","url":"http:\/\/www.semen-l.org\/?author=26"}]}},"jetpack_featured_media_url":"http:\/\/www.semen-l.org\/wp-content\/uploads\/2022\/01\/parution-nu-renaissance.jpg","_links":{"self":[{"href":"http:\/\/www.semen-l.org\/index.php?rest_route=\/wp\/v2\/posts\/1891","targetHints":{"allow":["GET"]}}],"collection":[{"href":"http:\/\/www.semen-l.org\/index.php?rest_route=\/wp\/v2\/posts"}],"about":[{"href":"http:\/\/www.semen-l.org\/index.php?rest_route=\/wp\/v2\/types\/post"}],"author":[{"embeddable":true,"href":"http:\/\/www.semen-l.org\/index.php?rest_route=\/wp\/v2\/users\/26"}],"replies":[{"embeddable":true,"href":"http:\/\/www.semen-l.org\/index.php?rest_route=%2Fwp%2Fv2%2Fcomments&post=1891"}],"version-history":[{"count":0,"href":"http:\/\/www.semen-l.org\/index.php?rest_route=\/wp\/v2\/posts\/1891\/revisions"}],"wp:featuredmedia":[{"embeddable":true,"href":"http:\/\/www.semen-l.org\/index.php?rest_route=\/wp\/v2\/media\/1892"}],"wp:attachment":[{"href":"http:\/\/www.semen-l.org\/index.php?rest_route=%2Fwp%2Fv2%2Fmedia&parent=1891"}],"wp:term":[{"taxonomy":"category","embeddable":true,"href":"http:\/\/www.semen-l.org\/index.php?rest_route=%2Fwp%2Fv2%2Fcategories&post=1891"},{"taxonomy":"post_tag","embeddable":true,"href":"http:\/\/www.semen-l.org\/index.php?rest_route=%2Fwp%2Fv2%2Ftags&post=1891"}],"curies":[{"name":"wp","href":"https:\/\/api.w.org\/{rel}","templated":true}]}}