{"id":161,"date":"2013-01-30T17:04:23","date_gmt":"2013-01-30T17:04:23","guid":{"rendered":"http:\/\/www.semen-l.org\/?p=161"},"modified":"2020-11-24T09:24:03","modified_gmt":"2020-11-24T09:24:03","slug":"colloques-2013","status":"publish","type":"post","link":"http:\/\/www.semen-l.org\/?p=161","title":{"rendered":"Colloques 2013"},"content":{"rendered":"<p>Colloques 2013<\/p>\n<p>&#8211; 13-14 mars, Toulouse, Universit\u00e9 de Toulouse II-Le Mirail, \u00ab \u2018Micro r\u00e9cits\u2019 de l\u2019Antiquit\u00e9 et \u00e9criture de l\u2019histoire \u00e0 la Renaissance \u00bb, colloque international du Laboratoire PLH-Erasme organis\u00e9 par B\u00e9rang\u00e8re Basset, Olivier Guerrier, Pascal Payen. Contact : Philippe Marengo (marengo@univ-tlse2.fr)<\/p>\n<p>&#8211; 15 mars 2013, Universit\u00e9 de Lille III, \u00ab La Muse s\u2019amuse : figures insolites de la Muse \u00e0 la Renaissance \u00bb, seconde des deux journ\u00e9es d\u2019\u00e9tudes organis\u00e9es par Perrine Galand et Anne-Pascale Pouey-Mounou.<\/p>\n<p>&#8211; 22-23 mars 2013, BnF-Universit\u00e9 de Paris 7- SFDES, L\u2019ann\u00e9e 1570, Colloque organis\u00e9 par Jean Vignes, Isabelle His et Hugues Daussy<\/p>\n<p>&#8211; 4-6 avril 2013, San Diego, California, Renaissance Society of America, annual meeting<\/p>\n<p>&#8211; 7-8 avril 2013, Bordeaux, Universit\u00e9 Michel de Montaigne, \u00ab La lettre au carrefour des genres et des traditions\u00bb, colloque international co-organis\u00e9 par les \u00e9quipes AMERIBER EA 3656 et CLARE EA 4593, Elvezio Canonica (AMERIBER, Elvezio.Canonica-De-Rochemonteix@u-bordeaux3.fr et Cristina Panzera (CLARE, Cristina.Panzera@u-bordeaux3.fr<\/p>\n<p>&#8211; 12 avril, Lyon, et 17 mai 2013, Valenciennes, \u00ab \u00c9rasme et la France \u00bb, colloque co-organis\u00e9 par, l\u2019Universit\u00e9 de Lyon II (UMR 5037) et l\u2019Universit\u00e9 de Valenciennes, Blandine Perona (Calhiste, blandine.perona@univ-tln.fr) et Tristan Vigliano (GRAC, tristan.vigliano@univ-lyon2.fr)<\/p>\n<p>&#8211; 18-20 mai 2013, Lexington, University of Kentucky, 66th Annual Languages, Literatures, and Cultures Conference (web.as.uky.edu\/kflc\/)<\/p>\n<p>&#8211; 22-25 mai 2013, Rome, \u00c9cole fran\u00e7aise de Rome et Biblioteca Nazionale Centrale di Roma, Colloque international \u00ab Marc Antoine Muret. Un humaniste fran\u00e7ais en Italie \u00bb, organis\u00e9 par Christine de Buzon, Philip Ford, Jean-Eudes Girot, Rapha\u00eble Mouren, Laurence Pradelle et Marina Venier<\/p>\n<p>&#8211; 3-5 juin 2013, Rouen, Maison de l\u2019Universit\u00e9, \u00ab Le mod\u00e8le et les originaux. Imitations de Virgile \u00e0 Naples entre Regno aragonais et vice-royaume espagnol \u00bb, colloque international organis\u00e9 par Marc Deramaix (Rouen, marc.deramaix@univ-rouen.fr), Giuseppe Germano (Federico II, Naples, germano@unina.it)<\/p>\n<p>&#8211; 3-6 juin 2013, Villa Vigoni, Atelier n\u00e9o-latin II. Horatius lyricus. Responsable : Nathalie Dauvois<\/p>\n<p>-12-13 juillet 2013, W\u00fcrzburg, 15. Neulateinisches Symposium NeoLatina \u00ab W\u00fcrzburger Humanismus \u00bb, organis\u00e9 par Thomas Baier (thomas.baier@uni-wuerzburg.de)<\/p>\n<p>-26-30 ao\u00fbt 2013, Lyon, Universit\u00e9 Louis Lumi\u00e8re-Lyon II, Universit\u00e9 Jean Moulin-Lyon III et Ecole Normale Sup\u00e9rieure, \u00ab L\u2019homme et ses passions \u00bb, XVIIe Congr\u00e8s international de l\u2019Association Guillaume Bud\u00e9, session de litt\u00e9rature fran\u00e7aise et n\u00e9o-latine organis\u00e9e par Laurence Boul\u00e8gue (Amiens, laurence.boulegue@free.fr) et Emmanuel Naya (Lyon II, emmanuel.naya@univ-lyon2.fr)<\/p>\n<p>-12-14 septembre 2013, Oxford, Magdalen College, \u00ab Theatrum Mundi: Latin Drama in Renaissance Europe \u00bb, Sarah Knight (University of Leicester, sk218@le.ac.uk)<br \/>\n&#8211; 10-11 octobre 2013, Louvain-la-Neuve, \u00ab Epigrammes et tableaux : un dialogue entre po\u00e9sie et peinture (15e \u2013 17e si\u00e8cles) \u00bb, colloque organis\u00e9 sous l\u2019\u00e9gide du GEMCA\/Group for Early Modern Cultural Analysis (http:\/\/gemca.fltr.ucl.ac.be) dans le cadre du projet \u00ab Po\u00e9sie et po\u00e9tique n\u00e9o-latines \u00bb. Contact : Aline Smeesters (Louvain, aline.smeesters@uclouvain.be)<br \/>\n&#8211; 14-15 octobre 2013, Paris, Universit\u00e9 Paris IV-Sorbonne, \u00ab Boccace humaniste latin \u00bb, colloque international organis\u00e9 par H\u00e9l\u00e8ne Casanova-Robin (Paris IV, casanova-robin@club-internet.fr) et Franck Labrasca (Tours, labrasca@yahoo.fr)<br \/>\n&#8211; 8-10 novembre 2013, M\u00fcnster, Universit\u00e9 de M\u00fcnster, \u00ab Boccaccio Latinus \u00bb, colloque international organis\u00e9 par Karl Enenkel (M\u00fcnster, kenen 01@uni-muenster.de), Tobias Leuker (M\u00fcnster, tleuk 01@ uni-muenster.de) et Christoph Pieper (Leiden, c.pieper@hum.leidenuniv.nl)<\/p>\n","protected":false},"excerpt":{"rendered":"<p>Colloques 2013 &#8211; 13-14 mars, Toulouse, Universit\u00e9 de Toulouse II-Le Mirail, \u00ab \u2018Micro r\u00e9cits\u2019 de l\u2019Antiquit\u00e9 et \u00e9criture de l\u2019histoire \u00e0 la Renaissance \u00bb, colloque international du Laboratoire PLH-Erasme organis\u00e9 par B\u00e9rang\u00e8re Basset, Olivier Guerrier, Pascal Payen. Contact : Philippe &hellip; <a href=\"http:\/\/www.semen-l.org\/?p=161\">Continuer la lecture <span class=\"meta-nav\">&rarr;<\/span><\/a><\/p>\n","protected":false},"author":5,"featured_media":1136,"comment_status":"open","ping_status":"open","sticky":false,"template":"","format":"standard","meta":{"footnotes":""},"categories":[4],"tags":[86,68,18,31,1294,145,1187,52,144,348,1293,1281,1048,820,1295,290,100,26,264,82,169,1296,54],"class_list":["post-161","post","type-post","status-publish","format-standard","has-post-thumbnail","hentry","category-colloques","tag-boccace","tag-epigramme","tag-epistolaire","tag-erasme","tag-france","tag-genre-arts-et-lettres","tag-histoire","tag-horace","tag-humanisme","tag-imitation","tag-micro-recit","tag-modele","tag-muret-marc-antoine","tag-muse","tag-naples","tag-passion","tag-peinture","tag-poesie","tag-poesie-lyrique","tag-poetique","tag-tableau","tag-theatre","tag-virgile"],"yoast_head":"<!-- This site is optimized with the Yoast SEO plugin v27.5 - https:\/\/yoast.com\/product\/yoast-seo-wordpress\/ -->\n<title>Colloques 2013 - Soci\u00e9t\u00e9 d&#039;\u00c9tudes M\u00e9dio Et N\u00e9o-Latines<\/title>\n<meta name=\"robots\" content=\"index, follow, max-snippet:-1, max-image-preview:large, max-video-preview:-1\" \/>\n<link rel=\"canonical\" href=\"http:\/\/www.semen-l.org\/?p=161\" \/>\n<meta property=\"og:locale\" content=\"fr_FR\" \/>\n<meta property=\"og:type\" content=\"article\" \/>\n<meta property=\"og:title\" content=\"Colloques 2013 - Soci\u00e9t\u00e9 d&#039;\u00c9tudes M\u00e9dio Et N\u00e9o-Latines\" \/>\n<meta property=\"og:description\" content=\"Colloques 2013 &#8211; 13-14 mars, Toulouse, Universit\u00e9 de Toulouse II-Le Mirail, \u00ab \u2018Micro r\u00e9cits\u2019 de l\u2019Antiquit\u00e9 et \u00e9criture de l\u2019histoire \u00e0 la Renaissance \u00bb, colloque international du Laboratoire PLH-Erasme organis\u00e9 par B\u00e9rang\u00e8re Basset, Olivier Guerrier, Pascal Payen. Contact : Philippe &hellip; Continuer la lecture &rarr;\" \/>\n<meta property=\"og:url\" content=\"http:\/\/www.semen-l.org\/?p=161\" \/>\n<meta property=\"og:site_name\" content=\"Soci\u00e9t\u00e9 d&#039;\u00c9tudes M\u00e9dio Et N\u00e9o-Latines\" \/>\n<meta property=\"article:publisher\" content=\"https:\/\/www.facebook.com\/SEMENL2018\" \/>\n<meta property=\"article:published_time\" content=\"2013-01-30T17:04:23+00:00\" \/>\n<meta property=\"article:modified_time\" content=\"2020-11-24T09:24:03+00:00\" \/>\n<meta property=\"og:image\" content=\"http:\/\/www.semen-l.org\/wp-content\/uploads\/2020\/11\/Marco-Polo-livre-des-merveilles-btv1b5.jpg\" \/>\n\t<meta property=\"og:image:width\" content=\"1565\" \/>\n\t<meta property=\"og:image:height\" content=\"813\" \/>\n\t<meta property=\"og:image:type\" content=\"image\/jpeg\" \/>\n<meta name=\"author\" content=\"Seris\" \/>\n<meta name=\"twitter:card\" content=\"summary_large_image\" \/>\n<meta name=\"twitter:label1\" content=\"\u00c9crit par\" \/>\n\t<meta name=\"twitter:data1\" content=\"Seris\" \/>\n\t<meta name=\"twitter:label2\" content=\"Dur\u00e9e de lecture estim\u00e9e\" \/>\n\t<meta name=\"twitter:data2\" content=\"3 minutes\" \/>\n<script type=\"application\/ld+json\" class=\"yoast-schema-graph\">{\"@context\":\"https:\\\/\\\/schema.org\",\"@graph\":[{\"@type\":\"Article\",\"@id\":\"http:\\\/\\\/www.semen-l.org\\\/?p=161#article\",\"isPartOf\":{\"@id\":\"http:\\\/\\\/www.semen-l.org\\\/?p=161\"},\"author\":{\"name\":\"Seris\",\"@id\":\"http:\\\/\\\/www.semen-l.org\\\/#\\\/schema\\\/person\\\/6e8c8c75b499690cc37dd369354a7c47\"},\"headline\":\"Colloques 2013\",\"datePublished\":\"2013-01-30T17:04:23+00:00\",\"dateModified\":\"2020-11-24T09:24:03+00:00\",\"mainEntityOfPage\":{\"@id\":\"http:\\\/\\\/www.semen-l.org\\\/?p=161\"},\"wordCount\":539,\"commentCount\":0,\"publisher\":{\"@id\":\"http:\\\/\\\/www.semen-l.org\\\/#organization\"},\"image\":{\"@id\":\"http:\\\/\\\/www.semen-l.org\\\/?p=161#primaryimage\"},\"thumbnailUrl\":\"http:\\\/\\\/www.semen-l.org\\\/wp-content\\\/uploads\\\/2020\\\/11\\\/Marco-Polo-livre-des-merveilles-btv1b5.jpg\",\"keywords\":[\"Boccace\",\"\u00e9pigramme\",\"\u00e9pistolaire\",\"\u00c9rasme\",\"France\",\"genre (arts et lettres)\",\"histoire\",\"Horace\",\"humanisme\",\"imitation\",\"micro-r\u00e9cit\",\"mod\u00e8le\",\"Muret (Marc Antoine)\",\"muse\",\"Naples\",\"passion\",\"peinture\",\"po\u00e9sie\",\"po\u00e9sie lyrique\",\"po\u00e9tique\",\"tableau\",\"th\u00e9\u00e2tre\",\"Virgile\"],\"articleSection\":[\"Colloques\"],\"inLanguage\":\"fr-FR\",\"potentialAction\":[{\"@type\":\"CommentAction\",\"name\":\"Comment\",\"target\":[\"http:\\\/\\\/www.semen-l.org\\\/?p=161#respond\"]}]},{\"@type\":\"WebPage\",\"@id\":\"http:\\\/\\\/www.semen-l.org\\\/?p=161\",\"url\":\"http:\\\/\\\/www.semen-l.org\\\/?p=161\",\"name\":\"Colloques 2013 - Soci\u00e9t\u00e9 d&#039;\u00c9tudes M\u00e9dio Et N\u00e9o-Latines\",\"isPartOf\":{\"@id\":\"http:\\\/\\\/www.semen-l.org\\\/#website\"},\"primaryImageOfPage\":{\"@id\":\"http:\\\/\\\/www.semen-l.org\\\/?p=161#primaryimage\"},\"image\":{\"@id\":\"http:\\\/\\\/www.semen-l.org\\\/?p=161#primaryimage\"},\"thumbnailUrl\":\"http:\\\/\\\/www.semen-l.org\\\/wp-content\\\/uploads\\\/2020\\\/11\\\/Marco-Polo-livre-des-merveilles-btv1b5.jpg\",\"datePublished\":\"2013-01-30T17:04:23+00:00\",\"dateModified\":\"2020-11-24T09:24:03+00:00\",\"breadcrumb\":{\"@id\":\"http:\\\/\\\/www.semen-l.org\\\/?p=161#breadcrumb\"},\"inLanguage\":\"fr-FR\",\"potentialAction\":[{\"@type\":\"ReadAction\",\"target\":[\"http:\\\/\\\/www.semen-l.org\\\/?p=161\"]}]},{\"@type\":\"ImageObject\",\"inLanguage\":\"fr-FR\",\"@id\":\"http:\\\/\\\/www.semen-l.org\\\/?p=161#primaryimage\",\"url\":\"http:\\\/\\\/www.semen-l.org\\\/wp-content\\\/uploads\\\/2020\\\/11\\\/Marco-Polo-livre-des-merveilles-btv1b5.jpg\",\"contentUrl\":\"http:\\\/\\\/www.semen-l.org\\\/wp-content\\\/uploads\\\/2020\\\/11\\\/Marco-Polo-livre-des-merveilles-btv1b5.jpg\",\"width\":1565,\"height\":813},{\"@type\":\"BreadcrumbList\",\"@id\":\"http:\\\/\\\/www.semen-l.org\\\/?p=161#breadcrumb\",\"itemListElement\":[{\"@type\":\"ListItem\",\"position\":1,\"name\":\"Accueil\",\"item\":\"http:\\\/\\\/www.semen-l.org\\\/\"},{\"@type\":\"ListItem\",\"position\":2,\"name\":\"Colloques 2013\"}]},{\"@type\":\"WebSite\",\"@id\":\"http:\\\/\\\/www.semen-l.org\\\/#website\",\"url\":\"http:\\\/\\\/www.semen-l.org\\\/\",\"name\":\"Soci\u00e9t\u00e9 d'\u00c9tudes M\u00e9dio Et N\u00e9o-Latines\",\"description\":\"\",\"publisher\":{\"@id\":\"http:\\\/\\\/www.semen-l.org\\\/#organization\"},\"potentialAction\":[{\"@type\":\"SearchAction\",\"target\":{\"@type\":\"EntryPoint\",\"urlTemplate\":\"http:\\\/\\\/www.semen-l.org\\\/?s={search_term_string}\"},\"query-input\":{\"@type\":\"PropertyValueSpecification\",\"valueRequired\":true,\"valueName\":\"search_term_string\"}}],\"inLanguage\":\"fr-FR\"},{\"@type\":\"Organization\",\"@id\":\"http:\\\/\\\/www.semen-l.org\\\/#organization\",\"name\":\"Soci\u00e9t\u00e9 d'\u00e9tudes m\u00e9dio et n\u00e9o-latines\",\"url\":\"http:\\\/\\\/www.semen-l.org\\\/\",\"logo\":{\"@type\":\"ImageObject\",\"inLanguage\":\"fr-FR\",\"@id\":\"http:\\\/\\\/www.semen-l.org\\\/#\\\/schema\\\/logo\\\/image\\\/\",\"url\":\"http:\\\/\\\/www.semen-l.org\\\/wp-content\\\/uploads\\\/2020\\\/11\\\/logo-semenl.jpg\",\"contentUrl\":\"http:\\\/\\\/www.semen-l.org\\\/wp-content\\\/uploads\\\/2020\\\/11\\\/logo-semenl.jpg\",\"width\":408,\"height\":403,\"caption\":\"Soci\u00e9t\u00e9 d'\u00e9tudes m\u00e9dio et n\u00e9o-latines\"},\"image\":{\"@id\":\"http:\\\/\\\/www.semen-l.org\\\/#\\\/schema\\\/logo\\\/image\\\/\"},\"sameAs\":[\"https:\\\/\\\/www.facebook.com\\\/SEMENL2018\",\"https:\\\/\\\/independent.academia.edu\\\/SocitsdtudesmdioetnolatinesSEMENL\"]},{\"@type\":\"Person\",\"@id\":\"http:\\\/\\\/www.semen-l.org\\\/#\\\/schema\\\/person\\\/6e8c8c75b499690cc37dd369354a7c47\",\"name\":\"Seris\",\"image\":{\"@type\":\"ImageObject\",\"inLanguage\":\"fr-FR\",\"@id\":\"https:\\\/\\\/secure.gravatar.com\\\/avatar\\\/8aec6178114279c28f7f0f4ccbb54eefdf0db708e95973d3513a9c5387b223b9?s=96&d=mm&r=g\",\"url\":\"https:\\\/\\\/secure.gravatar.com\\\/avatar\\\/8aec6178114279c28f7f0f4ccbb54eefdf0db708e95973d3513a9c5387b223b9?s=96&d=mm&r=g\",\"contentUrl\":\"https:\\\/\\\/secure.gravatar.com\\\/avatar\\\/8aec6178114279c28f7f0f4ccbb54eefdf0db708e95973d3513a9c5387b223b9?s=96&d=mm&r=g\",\"caption\":\"Seris\"},\"url\":\"http:\\\/\\\/www.semen-l.org\\\/?author=5\"}]}<\/script>\n<!-- \/ Yoast SEO plugin. -->","yoast_head_json":{"title":"Colloques 2013 - Soci\u00e9t\u00e9 d&#039;\u00c9tudes M\u00e9dio Et N\u00e9o-Latines","robots":{"index":"index","follow":"follow","max-snippet":"max-snippet:-1","max-image-preview":"max-image-preview:large","max-video-preview":"max-video-preview:-1"},"canonical":"http:\/\/www.semen-l.org\/?p=161","og_locale":"fr_FR","og_type":"article","og_title":"Colloques 2013 - Soci\u00e9t\u00e9 d&#039;\u00c9tudes M\u00e9dio Et N\u00e9o-Latines","og_description":"Colloques 2013 &#8211; 13-14 mars, Toulouse, Universit\u00e9 de Toulouse II-Le Mirail, \u00ab \u2018Micro r\u00e9cits\u2019 de l\u2019Antiquit\u00e9 et \u00e9criture de l\u2019histoire \u00e0 la Renaissance \u00bb, colloque international du Laboratoire PLH-Erasme organis\u00e9 par B\u00e9rang\u00e8re Basset, Olivier Guerrier, Pascal Payen. Contact : Philippe &hellip; Continuer la lecture &rarr;","og_url":"http:\/\/www.semen-l.org\/?p=161","og_site_name":"Soci\u00e9t\u00e9 d&#039;\u00c9tudes M\u00e9dio Et N\u00e9o-Latines","article_publisher":"https:\/\/www.facebook.com\/SEMENL2018","article_published_time":"2013-01-30T17:04:23+00:00","article_modified_time":"2020-11-24T09:24:03+00:00","og_image":[{"width":1565,"height":813,"url":"http:\/\/www.semen-l.org\/wp-content\/uploads\/2020\/11\/Marco-Polo-livre-des-merveilles-btv1b5.jpg","type":"image\/jpeg"}],"author":"Seris","twitter_card":"summary_large_image","twitter_misc":{"\u00c9crit par":"Seris","Dur\u00e9e de lecture estim\u00e9e":"3 minutes"},"schema":{"@context":"https:\/\/schema.org","@graph":[{"@type":"Article","@id":"http:\/\/www.semen-l.org\/?p=161#article","isPartOf":{"@id":"http:\/\/www.semen-l.org\/?p=161"},"author":{"name":"Seris","@id":"http:\/\/www.semen-l.org\/#\/schema\/person\/6e8c8c75b499690cc37dd369354a7c47"},"headline":"Colloques 2013","datePublished":"2013-01-30T17:04:23+00:00","dateModified":"2020-11-24T09:24:03+00:00","mainEntityOfPage":{"@id":"http:\/\/www.semen-l.org\/?p=161"},"wordCount":539,"commentCount":0,"publisher":{"@id":"http:\/\/www.semen-l.org\/#organization"},"image":{"@id":"http:\/\/www.semen-l.org\/?p=161#primaryimage"},"thumbnailUrl":"http:\/\/www.semen-l.org\/wp-content\/uploads\/2020\/11\/Marco-Polo-livre-des-merveilles-btv1b5.jpg","keywords":["Boccace","\u00e9pigramme","\u00e9pistolaire","\u00c9rasme","France","genre (arts et lettres)","histoire","Horace","humanisme","imitation","micro-r\u00e9cit","mod\u00e8le","Muret (Marc Antoine)","muse","Naples","passion","peinture","po\u00e9sie","po\u00e9sie lyrique","po\u00e9tique","tableau","th\u00e9\u00e2tre","Virgile"],"articleSection":["Colloques"],"inLanguage":"fr-FR","potentialAction":[{"@type":"CommentAction","name":"Comment","target":["http:\/\/www.semen-l.org\/?p=161#respond"]}]},{"@type":"WebPage","@id":"http:\/\/www.semen-l.org\/?p=161","url":"http:\/\/www.semen-l.org\/?p=161","name":"Colloques 2013 - Soci\u00e9t\u00e9 d&#039;\u00c9tudes M\u00e9dio Et N\u00e9o-Latines","isPartOf":{"@id":"http:\/\/www.semen-l.org\/#website"},"primaryImageOfPage":{"@id":"http:\/\/www.semen-l.org\/?p=161#primaryimage"},"image":{"@id":"http:\/\/www.semen-l.org\/?p=161#primaryimage"},"thumbnailUrl":"http:\/\/www.semen-l.org\/wp-content\/uploads\/2020\/11\/Marco-Polo-livre-des-merveilles-btv1b5.jpg","datePublished":"2013-01-30T17:04:23+00:00","dateModified":"2020-11-24T09:24:03+00:00","breadcrumb":{"@id":"http:\/\/www.semen-l.org\/?p=161#breadcrumb"},"inLanguage":"fr-FR","potentialAction":[{"@type":"ReadAction","target":["http:\/\/www.semen-l.org\/?p=161"]}]},{"@type":"ImageObject","inLanguage":"fr-FR","@id":"http:\/\/www.semen-l.org\/?p=161#primaryimage","url":"http:\/\/www.semen-l.org\/wp-content\/uploads\/2020\/11\/Marco-Polo-livre-des-merveilles-btv1b5.jpg","contentUrl":"http:\/\/www.semen-l.org\/wp-content\/uploads\/2020\/11\/Marco-Polo-livre-des-merveilles-btv1b5.jpg","width":1565,"height":813},{"@type":"BreadcrumbList","@id":"http:\/\/www.semen-l.org\/?p=161#breadcrumb","itemListElement":[{"@type":"ListItem","position":1,"name":"Accueil","item":"http:\/\/www.semen-l.org\/"},{"@type":"ListItem","position":2,"name":"Colloques 2013"}]},{"@type":"WebSite","@id":"http:\/\/www.semen-l.org\/#website","url":"http:\/\/www.semen-l.org\/","name":"Soci\u00e9t\u00e9 d'\u00c9tudes M\u00e9dio Et N\u00e9o-Latines","description":"","publisher":{"@id":"http:\/\/www.semen-l.org\/#organization"},"potentialAction":[{"@type":"SearchAction","target":{"@type":"EntryPoint","urlTemplate":"http:\/\/www.semen-l.org\/?s={search_term_string}"},"query-input":{"@type":"PropertyValueSpecification","valueRequired":true,"valueName":"search_term_string"}}],"inLanguage":"fr-FR"},{"@type":"Organization","@id":"http:\/\/www.semen-l.org\/#organization","name":"Soci\u00e9t\u00e9 d'\u00e9tudes m\u00e9dio et n\u00e9o-latines","url":"http:\/\/www.semen-l.org\/","logo":{"@type":"ImageObject","inLanguage":"fr-FR","@id":"http:\/\/www.semen-l.org\/#\/schema\/logo\/image\/","url":"http:\/\/www.semen-l.org\/wp-content\/uploads\/2020\/11\/logo-semenl.jpg","contentUrl":"http:\/\/www.semen-l.org\/wp-content\/uploads\/2020\/11\/logo-semenl.jpg","width":408,"height":403,"caption":"Soci\u00e9t\u00e9 d'\u00e9tudes m\u00e9dio et n\u00e9o-latines"},"image":{"@id":"http:\/\/www.semen-l.org\/#\/schema\/logo\/image\/"},"sameAs":["https:\/\/www.facebook.com\/SEMENL2018","https:\/\/independent.academia.edu\/SocitsdtudesmdioetnolatinesSEMENL"]},{"@type":"Person","@id":"http:\/\/www.semen-l.org\/#\/schema\/person\/6e8c8c75b499690cc37dd369354a7c47","name":"Seris","image":{"@type":"ImageObject","inLanguage":"fr-FR","@id":"https:\/\/secure.gravatar.com\/avatar\/8aec6178114279c28f7f0f4ccbb54eefdf0db708e95973d3513a9c5387b223b9?s=96&d=mm&r=g","url":"https:\/\/secure.gravatar.com\/avatar\/8aec6178114279c28f7f0f4ccbb54eefdf0db708e95973d3513a9c5387b223b9?s=96&d=mm&r=g","contentUrl":"https:\/\/secure.gravatar.com\/avatar\/8aec6178114279c28f7f0f4ccbb54eefdf0db708e95973d3513a9c5387b223b9?s=96&d=mm&r=g","caption":"Seris"},"url":"http:\/\/www.semen-l.org\/?author=5"}]}},"jetpack_featured_media_url":"http:\/\/www.semen-l.org\/wp-content\/uploads\/2020\/11\/Marco-Polo-livre-des-merveilles-btv1b5.jpg","_links":{"self":[{"href":"http:\/\/www.semen-l.org\/index.php?rest_route=\/wp\/v2\/posts\/161","targetHints":{"allow":["GET"]}}],"collection":[{"href":"http:\/\/www.semen-l.org\/index.php?rest_route=\/wp\/v2\/posts"}],"about":[{"href":"http:\/\/www.semen-l.org\/index.php?rest_route=\/wp\/v2\/types\/post"}],"author":[{"embeddable":true,"href":"http:\/\/www.semen-l.org\/index.php?rest_route=\/wp\/v2\/users\/5"}],"replies":[{"embeddable":true,"href":"http:\/\/www.semen-l.org\/index.php?rest_route=%2Fwp%2Fv2%2Fcomments&post=161"}],"version-history":[{"count":0,"href":"http:\/\/www.semen-l.org\/index.php?rest_route=\/wp\/v2\/posts\/161\/revisions"}],"wp:featuredmedia":[{"embeddable":true,"href":"http:\/\/www.semen-l.org\/index.php?rest_route=\/wp\/v2\/media\/1136"}],"wp:attachment":[{"href":"http:\/\/www.semen-l.org\/index.php?rest_route=%2Fwp%2Fv2%2Fmedia&parent=161"}],"wp:term":[{"taxonomy":"category","embeddable":true,"href":"http:\/\/www.semen-l.org\/index.php?rest_route=%2Fwp%2Fv2%2Fcategories&post=161"},{"taxonomy":"post_tag","embeddable":true,"href":"http:\/\/www.semen-l.org\/index.php?rest_route=%2Fwp%2Fv2%2Ftags&post=161"}],"curies":[{"name":"wp","href":"https:\/\/api.w.org\/{rel}","templated":true}]}}