{"id":1274,"date":"2010-11-23T02:04:17","date_gmt":"2010-11-23T02:04:17","guid":{"rendered":"http:\/\/www.semen-l.org\/?p=1274"},"modified":"2020-11-23T02:07:30","modified_gmt":"2020-11-23T02:07:30","slug":"colloques-2010","status":"publish","type":"post","link":"http:\/\/www.semen-l.org\/?p=1274","title":{"rendered":"Colloques 2010"},"content":{"rendered":"<p>Liste des colloques organis\u00e9s \u00e0 propos du latin m\u00e9di\u00e9val et du n\u00e9o-latin en 2010.<\/p>\n<p>P\u00e9trarque et la g\u00e9ographie du p\u00e9trarquisme (trois manifestations, organis\u00e9es \u00e0 Zurich, \u00e0 G\u00eanes et \u00e0 Paris, sous la direction de J. Bartuschat, E. Fenzi, Y. Hersant) :<\/p>\n<p>&#8211; P\u00e9trarque en Europe, Zurich, f\u00e9vrier-mars 2010. Colloque organis\u00e9 par l\u2019Universit\u00e4t Z\u00fcrich (Romanisches Seminar e Centre for Renaissance Studies) et l\u2019Istituto italioano di cultura de Zurich, sous la responsabilit\u00e9 de J. Bartuschat.<\/p>\n<p>&#8211; P\u00e9trarque politique, G\u00eanes, juin-juillet 2010. Colloque organis\u00e9 par l\u2019Universit\u00e0 degli studi de G\u00eanes et l&rsquo;Accademia ligure di Scienze e Lettere sous la responsabilit\u00e9 de A. Beniscelli, E. Fenzi, I. Peloso et S. Pittaluga.<\/p>\n<p>&#8211; P\u00e9trarque entre la France et l\u2019Italie, Paris, octobre-novembre 2010. Colloque organis\u00e9 par l\u2019\u00c9cole des Hautes Etudes en Sciences sociales et le C.N.R.S. (Centre de Recherche sur les Arts et le Langage) sous la responsabilit\u00e9 d\u2019Y. Hersant et F. Furlan<\/p>\n<p>\u00ab La variatio : l\u2019aventure d\u2019un principe d\u2019\u00e9criture, de l\u2019Antiquit\u00e9 au XXIe si\u00e8cle \u00bb, Clermont-Ferrand, 25-27 mars 2010. Colloque international organis\u00e9 par H\u00e9l\u00e8ne Vial.<\/p>\n<p>Venise : Congr\u00e8s Renaissance Society, 8-10 avril 2010. Session Rapha\u00eble Mouren (ENSSIB) sur la R\u00e9f\u00e9rence. Session sur Interf\u00e9rences des \u00e9coles de pens\u00e9es antiques sur les textes de la Renaissance, Edward Tilson et Bruce Hayes (Univ of Kansas), Alexander Roose (Gand) et Perrine Galand (EPHE).<br \/>\nSession Philip Ford pour l\u2019IANLS.<br \/>\nAndr\u00e9 Alciat (1492-1550), un humaniste europ\u00e9en au confluent des savoirs. Colloque international, CESR de Tours, 30 novembre-02 d\u00e9cembre 2010, organisation Anne Rolet (U. de Nantes\/ IUF) et St\u00e9phane Rolet (U. de Paris 8), avec la collaboration de Perrine Galand (EPHE).<\/p>\n<p>IIe Congr\u00e8s de la SEMEN-L. Po\u00e9sie, histoire, politique, Amiens, 15-16-17 octobre 2010. Organisateurs Michel Perrin et H\u00e9l\u00e8ne Casanova-Robin.<\/p>\n<p>Les Apollons de Coll\u00e8ge, Paris IV, automne 2010. Organisateurs : N. Istasse (Bruxelles), Mathieu Ferrand (EPHE) et Perrine Galand (EPHE).<\/p>\n","protected":false},"excerpt":{"rendered":"<p>Liste des colloques organis\u00e9s \u00e0 propos du latin m\u00e9di\u00e9val et du n\u00e9o-latin en 2010. P\u00e9trarque et la g\u00e9ographie du p\u00e9trarquisme (trois manifestations, organis\u00e9es \u00e0 Zurich, \u00e0 G\u00eanes et \u00e0 Paris, sous la direction de J. Bartuschat, E. Fenzi, Y. Hersant) &hellip; <a href=\"http:\/\/www.semen-l.org\/?p=1274\">Continuer la lecture <span class=\"meta-nav\">&rarr;<\/span><\/a><\/p>\n","protected":false},"author":26,"featured_media":837,"comment_status":"open","ping_status":"open","sticky":false,"template":"","format":"standard","meta":{"footnotes":""},"categories":[4],"tags":[73,1524,1510,1294,1187,1349,16,26,418,1525],"class_list":["post-1274","post","type-post","status-publish","format-standard","has-post-thumbnail","hentry","category-colloques","tag-andre-alciat","tag-apollon","tag-ecole","tag-france","tag-histoire","tag-italie","tag-petrarque","tag-poesie","tag-politique","tag-variatio"],"yoast_head":"<!-- This site is optimized with the Yoast SEO plugin v27.5 - https:\/\/yoast.com\/product\/yoast-seo-wordpress\/ -->\n<title>Colloques 2010 - Soci\u00e9t\u00e9 d&#039;\u00c9tudes M\u00e9dio Et N\u00e9o-Latines<\/title>\n<meta name=\"description\" content=\"Liste des colloques organis\u00e9s en 2010 dans les universit\u00e9s et \u00e9coles \u00e0 propos du latin m\u00e9di\u00e9val et du n\u00e9o-latin.\" \/>\n<meta name=\"robots\" content=\"index, follow, max-snippet:-1, max-image-preview:large, max-video-preview:-1\" \/>\n<link rel=\"canonical\" href=\"http:\/\/www.semen-l.org\/?p=1274\" \/>\n<meta property=\"og:locale\" content=\"fr_FR\" \/>\n<meta property=\"og:type\" content=\"article\" \/>\n<meta property=\"og:title\" content=\"Colloques 2010 - Soci\u00e9t\u00e9 d&#039;\u00c9tudes M\u00e9dio Et N\u00e9o-Latines\" \/>\n<meta property=\"og:description\" content=\"Liste des colloques organis\u00e9s en 2010 dans les universit\u00e9s et \u00e9coles \u00e0 propos du latin m\u00e9di\u00e9val et du n\u00e9o-latin.\" \/>\n<meta property=\"og:url\" content=\"http:\/\/www.semen-l.org\/?p=1274\" \/>\n<meta property=\"og:site_name\" content=\"Soci\u00e9t\u00e9 d&#039;\u00c9tudes M\u00e9dio Et N\u00e9o-Latines\" \/>\n<meta property=\"article:publisher\" content=\"https:\/\/www.facebook.com\/SEMENL2018\" \/>\n<meta property=\"article:published_time\" content=\"2010-11-23T02:04:17+00:00\" \/>\n<meta property=\"article:modified_time\" content=\"2020-11-23T02:07:30+00:00\" \/>\n<meta property=\"og:image\" content=\"http:\/\/www.semen-l.org\/wp-content\/uploads\/2020\/11\/ciceron-livre.jpg\" \/>\n\t<meta property=\"og:image:width\" content=\"200\" \/>\n\t<meta property=\"og:image:height\" content=\"200\" \/>\n\t<meta property=\"og:image:type\" content=\"image\/jpeg\" \/>\n<meta name=\"author\" content=\"Julien Maudoux\" \/>\n<meta name=\"twitter:card\" content=\"summary_large_image\" \/>\n<meta name=\"twitter:label1\" content=\"\u00c9crit par\" \/>\n\t<meta name=\"twitter:data1\" content=\"Julien Maudoux\" \/>\n\t<meta name=\"twitter:label2\" content=\"Dur\u00e9e de lecture estim\u00e9e\" \/>\n\t<meta name=\"twitter:data2\" content=\"2 minutes\" \/>\n<script type=\"application\/ld+json\" class=\"yoast-schema-graph\">{\"@context\":\"https:\\\/\\\/schema.org\",\"@graph\":[{\"@type\":\"Article\",\"@id\":\"http:\\\/\\\/www.semen-l.org\\\/?p=1274#article\",\"isPartOf\":{\"@id\":\"http:\\\/\\\/www.semen-l.org\\\/?p=1274\"},\"author\":{\"name\":\"Julien Maudoux\",\"@id\":\"http:\\\/\\\/www.semen-l.org\\\/#\\\/schema\\\/person\\\/ef5208815f17666727763c5363a51344\"},\"headline\":\"Colloques 2010\",\"datePublished\":\"2010-11-23T02:04:17+00:00\",\"dateModified\":\"2020-11-23T02:07:30+00:00\",\"mainEntityOfPage\":{\"@id\":\"http:\\\/\\\/www.semen-l.org\\\/?p=1274\"},\"wordCount\":328,\"commentCount\":0,\"publisher\":{\"@id\":\"http:\\\/\\\/www.semen-l.org\\\/#organization\"},\"image\":{\"@id\":\"http:\\\/\\\/www.semen-l.org\\\/?p=1274#primaryimage\"},\"thumbnailUrl\":\"http:\\\/\\\/www.semen-l.org\\\/wp-content\\\/uploads\\\/2020\\\/11\\\/ciceron-livre.jpg\",\"keywords\":[\"Alciat (Andr\u00e9)\",\"Apollon\",\"\u00e9cole\",\"France\",\"histoire\",\"Italie\",\"P\u00e9trarque\",\"po\u00e9sie\",\"politique\",\"variatio\"],\"articleSection\":[\"Colloques\"],\"inLanguage\":\"fr-FR\",\"potentialAction\":[{\"@type\":\"CommentAction\",\"name\":\"Comment\",\"target\":[\"http:\\\/\\\/www.semen-l.org\\\/?p=1274#respond\"]}]},{\"@type\":\"WebPage\",\"@id\":\"http:\\\/\\\/www.semen-l.org\\\/?p=1274\",\"url\":\"http:\\\/\\\/www.semen-l.org\\\/?p=1274\",\"name\":\"Colloques 2010 - Soci\u00e9t\u00e9 d&#039;\u00c9tudes M\u00e9dio Et N\u00e9o-Latines\",\"isPartOf\":{\"@id\":\"http:\\\/\\\/www.semen-l.org\\\/#website\"},\"primaryImageOfPage\":{\"@id\":\"http:\\\/\\\/www.semen-l.org\\\/?p=1274#primaryimage\"},\"image\":{\"@id\":\"http:\\\/\\\/www.semen-l.org\\\/?p=1274#primaryimage\"},\"thumbnailUrl\":\"http:\\\/\\\/www.semen-l.org\\\/wp-content\\\/uploads\\\/2020\\\/11\\\/ciceron-livre.jpg\",\"datePublished\":\"2010-11-23T02:04:17+00:00\",\"dateModified\":\"2020-11-23T02:07:30+00:00\",\"description\":\"Liste des colloques organis\u00e9s en 2010 dans les universit\u00e9s et \u00e9coles \u00e0 propos du latin m\u00e9di\u00e9val et du n\u00e9o-latin.\",\"breadcrumb\":{\"@id\":\"http:\\\/\\\/www.semen-l.org\\\/?p=1274#breadcrumb\"},\"inLanguage\":\"fr-FR\",\"potentialAction\":[{\"@type\":\"ReadAction\",\"target\":[\"http:\\\/\\\/www.semen-l.org\\\/?p=1274\"]}]},{\"@type\":\"ImageObject\",\"inLanguage\":\"fr-FR\",\"@id\":\"http:\\\/\\\/www.semen-l.org\\\/?p=1274#primaryimage\",\"url\":\"http:\\\/\\\/www.semen-l.org\\\/wp-content\\\/uploads\\\/2020\\\/11\\\/ciceron-livre.jpg\",\"contentUrl\":\"http:\\\/\\\/www.semen-l.org\\\/wp-content\\\/uploads\\\/2020\\\/11\\\/ciceron-livre.jpg\",\"width\":200,\"height\":200,\"caption\":\"Le jeune Cic\u00e9ron lit un livre\"},{\"@type\":\"BreadcrumbList\",\"@id\":\"http:\\\/\\\/www.semen-l.org\\\/?p=1274#breadcrumb\",\"itemListElement\":[{\"@type\":\"ListItem\",\"position\":1,\"name\":\"Accueil\",\"item\":\"http:\\\/\\\/www.semen-l.org\\\/\"},{\"@type\":\"ListItem\",\"position\":2,\"name\":\"Colloques 2010\"}]},{\"@type\":\"WebSite\",\"@id\":\"http:\\\/\\\/www.semen-l.org\\\/#website\",\"url\":\"http:\\\/\\\/www.semen-l.org\\\/\",\"name\":\"Soci\u00e9t\u00e9 d'\u00c9tudes M\u00e9dio Et N\u00e9o-Latines\",\"description\":\"\",\"publisher\":{\"@id\":\"http:\\\/\\\/www.semen-l.org\\\/#organization\"},\"potentialAction\":[{\"@type\":\"SearchAction\",\"target\":{\"@type\":\"EntryPoint\",\"urlTemplate\":\"http:\\\/\\\/www.semen-l.org\\\/?s={search_term_string}\"},\"query-input\":{\"@type\":\"PropertyValueSpecification\",\"valueRequired\":true,\"valueName\":\"search_term_string\"}}],\"inLanguage\":\"fr-FR\"},{\"@type\":\"Organization\",\"@id\":\"http:\\\/\\\/www.semen-l.org\\\/#organization\",\"name\":\"Soci\u00e9t\u00e9 d'\u00e9tudes m\u00e9dio et n\u00e9o-latines\",\"url\":\"http:\\\/\\\/www.semen-l.org\\\/\",\"logo\":{\"@type\":\"ImageObject\",\"inLanguage\":\"fr-FR\",\"@id\":\"http:\\\/\\\/www.semen-l.org\\\/#\\\/schema\\\/logo\\\/image\\\/\",\"url\":\"http:\\\/\\\/www.semen-l.org\\\/wp-content\\\/uploads\\\/2020\\\/11\\\/logo-semenl.jpg\",\"contentUrl\":\"http:\\\/\\\/www.semen-l.org\\\/wp-content\\\/uploads\\\/2020\\\/11\\\/logo-semenl.jpg\",\"width\":408,\"height\":403,\"caption\":\"Soci\u00e9t\u00e9 d'\u00e9tudes m\u00e9dio et n\u00e9o-latines\"},\"image\":{\"@id\":\"http:\\\/\\\/www.semen-l.org\\\/#\\\/schema\\\/logo\\\/image\\\/\"},\"sameAs\":[\"https:\\\/\\\/www.facebook.com\\\/SEMENL2018\",\"https:\\\/\\\/independent.academia.edu\\\/SocitsdtudesmdioetnolatinesSEMENL\"]},{\"@type\":\"Person\",\"@id\":\"http:\\\/\\\/www.semen-l.org\\\/#\\\/schema\\\/person\\\/ef5208815f17666727763c5363a51344\",\"name\":\"Julien Maudoux\",\"image\":{\"@type\":\"ImageObject\",\"inLanguage\":\"fr-FR\",\"@id\":\"https:\\\/\\\/secure.gravatar.com\\\/avatar\\\/caabf4fb6242e2277733cd35a5c2aa083761ea25dae1d1ff3298b54292225292?s=96&d=mm&r=g\",\"url\":\"https:\\\/\\\/secure.gravatar.com\\\/avatar\\\/caabf4fb6242e2277733cd35a5c2aa083761ea25dae1d1ff3298b54292225292?s=96&d=mm&r=g\",\"contentUrl\":\"https:\\\/\\\/secure.gravatar.com\\\/avatar\\\/caabf4fb6242e2277733cd35a5c2aa083761ea25dae1d1ff3298b54292225292?s=96&d=mm&r=g\",\"caption\":\"Julien Maudoux\"},\"description\":\"Webmestre du site de la SEMEN-L\",\"url\":\"http:\\\/\\\/www.semen-l.org\\\/?author=26\"}]}<\/script>\n<!-- \/ Yoast SEO plugin. -->","yoast_head_json":{"title":"Colloques 2010 - Soci\u00e9t\u00e9 d&#039;\u00c9tudes M\u00e9dio Et N\u00e9o-Latines","description":"Liste des colloques organis\u00e9s en 2010 dans les universit\u00e9s et \u00e9coles \u00e0 propos du latin m\u00e9di\u00e9val et du n\u00e9o-latin.","robots":{"index":"index","follow":"follow","max-snippet":"max-snippet:-1","max-image-preview":"max-image-preview:large","max-video-preview":"max-video-preview:-1"},"canonical":"http:\/\/www.semen-l.org\/?p=1274","og_locale":"fr_FR","og_type":"article","og_title":"Colloques 2010 - Soci\u00e9t\u00e9 d&#039;\u00c9tudes M\u00e9dio Et N\u00e9o-Latines","og_description":"Liste des colloques organis\u00e9s en 2010 dans les universit\u00e9s et \u00e9coles \u00e0 propos du latin m\u00e9di\u00e9val et du n\u00e9o-latin.","og_url":"http:\/\/www.semen-l.org\/?p=1274","og_site_name":"Soci\u00e9t\u00e9 d&#039;\u00c9tudes M\u00e9dio Et N\u00e9o-Latines","article_publisher":"https:\/\/www.facebook.com\/SEMENL2018","article_published_time":"2010-11-23T02:04:17+00:00","article_modified_time":"2020-11-23T02:07:30+00:00","og_image":[{"width":200,"height":200,"url":"http:\/\/www.semen-l.org\/wp-content\/uploads\/2020\/11\/ciceron-livre.jpg","type":"image\/jpeg"}],"author":"Julien Maudoux","twitter_card":"summary_large_image","twitter_misc":{"\u00c9crit par":"Julien Maudoux","Dur\u00e9e de lecture estim\u00e9e":"2 minutes"},"schema":{"@context":"https:\/\/schema.org","@graph":[{"@type":"Article","@id":"http:\/\/www.semen-l.org\/?p=1274#article","isPartOf":{"@id":"http:\/\/www.semen-l.org\/?p=1274"},"author":{"name":"Julien Maudoux","@id":"http:\/\/www.semen-l.org\/#\/schema\/person\/ef5208815f17666727763c5363a51344"},"headline":"Colloques 2010","datePublished":"2010-11-23T02:04:17+00:00","dateModified":"2020-11-23T02:07:30+00:00","mainEntityOfPage":{"@id":"http:\/\/www.semen-l.org\/?p=1274"},"wordCount":328,"commentCount":0,"publisher":{"@id":"http:\/\/www.semen-l.org\/#organization"},"image":{"@id":"http:\/\/www.semen-l.org\/?p=1274#primaryimage"},"thumbnailUrl":"http:\/\/www.semen-l.org\/wp-content\/uploads\/2020\/11\/ciceron-livre.jpg","keywords":["Alciat (Andr\u00e9)","Apollon","\u00e9cole","France","histoire","Italie","P\u00e9trarque","po\u00e9sie","politique","variatio"],"articleSection":["Colloques"],"inLanguage":"fr-FR","potentialAction":[{"@type":"CommentAction","name":"Comment","target":["http:\/\/www.semen-l.org\/?p=1274#respond"]}]},{"@type":"WebPage","@id":"http:\/\/www.semen-l.org\/?p=1274","url":"http:\/\/www.semen-l.org\/?p=1274","name":"Colloques 2010 - Soci\u00e9t\u00e9 d&#039;\u00c9tudes M\u00e9dio Et N\u00e9o-Latines","isPartOf":{"@id":"http:\/\/www.semen-l.org\/#website"},"primaryImageOfPage":{"@id":"http:\/\/www.semen-l.org\/?p=1274#primaryimage"},"image":{"@id":"http:\/\/www.semen-l.org\/?p=1274#primaryimage"},"thumbnailUrl":"http:\/\/www.semen-l.org\/wp-content\/uploads\/2020\/11\/ciceron-livre.jpg","datePublished":"2010-11-23T02:04:17+00:00","dateModified":"2020-11-23T02:07:30+00:00","description":"Liste des colloques organis\u00e9s en 2010 dans les universit\u00e9s et \u00e9coles \u00e0 propos du latin m\u00e9di\u00e9val et du n\u00e9o-latin.","breadcrumb":{"@id":"http:\/\/www.semen-l.org\/?p=1274#breadcrumb"},"inLanguage":"fr-FR","potentialAction":[{"@type":"ReadAction","target":["http:\/\/www.semen-l.org\/?p=1274"]}]},{"@type":"ImageObject","inLanguage":"fr-FR","@id":"http:\/\/www.semen-l.org\/?p=1274#primaryimage","url":"http:\/\/www.semen-l.org\/wp-content\/uploads\/2020\/11\/ciceron-livre.jpg","contentUrl":"http:\/\/www.semen-l.org\/wp-content\/uploads\/2020\/11\/ciceron-livre.jpg","width":200,"height":200,"caption":"Le jeune Cic\u00e9ron lit un livre"},{"@type":"BreadcrumbList","@id":"http:\/\/www.semen-l.org\/?p=1274#breadcrumb","itemListElement":[{"@type":"ListItem","position":1,"name":"Accueil","item":"http:\/\/www.semen-l.org\/"},{"@type":"ListItem","position":2,"name":"Colloques 2010"}]},{"@type":"WebSite","@id":"http:\/\/www.semen-l.org\/#website","url":"http:\/\/www.semen-l.org\/","name":"Soci\u00e9t\u00e9 d'\u00c9tudes M\u00e9dio Et N\u00e9o-Latines","description":"","publisher":{"@id":"http:\/\/www.semen-l.org\/#organization"},"potentialAction":[{"@type":"SearchAction","target":{"@type":"EntryPoint","urlTemplate":"http:\/\/www.semen-l.org\/?s={search_term_string}"},"query-input":{"@type":"PropertyValueSpecification","valueRequired":true,"valueName":"search_term_string"}}],"inLanguage":"fr-FR"},{"@type":"Organization","@id":"http:\/\/www.semen-l.org\/#organization","name":"Soci\u00e9t\u00e9 d'\u00e9tudes m\u00e9dio et n\u00e9o-latines","url":"http:\/\/www.semen-l.org\/","logo":{"@type":"ImageObject","inLanguage":"fr-FR","@id":"http:\/\/www.semen-l.org\/#\/schema\/logo\/image\/","url":"http:\/\/www.semen-l.org\/wp-content\/uploads\/2020\/11\/logo-semenl.jpg","contentUrl":"http:\/\/www.semen-l.org\/wp-content\/uploads\/2020\/11\/logo-semenl.jpg","width":408,"height":403,"caption":"Soci\u00e9t\u00e9 d'\u00e9tudes m\u00e9dio et n\u00e9o-latines"},"image":{"@id":"http:\/\/www.semen-l.org\/#\/schema\/logo\/image\/"},"sameAs":["https:\/\/www.facebook.com\/SEMENL2018","https:\/\/independent.academia.edu\/SocitsdtudesmdioetnolatinesSEMENL"]},{"@type":"Person","@id":"http:\/\/www.semen-l.org\/#\/schema\/person\/ef5208815f17666727763c5363a51344","name":"Julien Maudoux","image":{"@type":"ImageObject","inLanguage":"fr-FR","@id":"https:\/\/secure.gravatar.com\/avatar\/caabf4fb6242e2277733cd35a5c2aa083761ea25dae1d1ff3298b54292225292?s=96&d=mm&r=g","url":"https:\/\/secure.gravatar.com\/avatar\/caabf4fb6242e2277733cd35a5c2aa083761ea25dae1d1ff3298b54292225292?s=96&d=mm&r=g","contentUrl":"https:\/\/secure.gravatar.com\/avatar\/caabf4fb6242e2277733cd35a5c2aa083761ea25dae1d1ff3298b54292225292?s=96&d=mm&r=g","caption":"Julien Maudoux"},"description":"Webmestre du site de la SEMEN-L","url":"http:\/\/www.semen-l.org\/?author=26"}]}},"jetpack_featured_media_url":"http:\/\/www.semen-l.org\/wp-content\/uploads\/2020\/11\/ciceron-livre.jpg","_links":{"self":[{"href":"http:\/\/www.semen-l.org\/index.php?rest_route=\/wp\/v2\/posts\/1274","targetHints":{"allow":["GET"]}}],"collection":[{"href":"http:\/\/www.semen-l.org\/index.php?rest_route=\/wp\/v2\/posts"}],"about":[{"href":"http:\/\/www.semen-l.org\/index.php?rest_route=\/wp\/v2\/types\/post"}],"author":[{"embeddable":true,"href":"http:\/\/www.semen-l.org\/index.php?rest_route=\/wp\/v2\/users\/26"}],"replies":[{"embeddable":true,"href":"http:\/\/www.semen-l.org\/index.php?rest_route=%2Fwp%2Fv2%2Fcomments&post=1274"}],"version-history":[{"count":0,"href":"http:\/\/www.semen-l.org\/index.php?rest_route=\/wp\/v2\/posts\/1274\/revisions"}],"wp:featuredmedia":[{"embeddable":true,"href":"http:\/\/www.semen-l.org\/index.php?rest_route=\/wp\/v2\/media\/837"}],"wp:attachment":[{"href":"http:\/\/www.semen-l.org\/index.php?rest_route=%2Fwp%2Fv2%2Fmedia&parent=1274"}],"wp:term":[{"taxonomy":"category","embeddable":true,"href":"http:\/\/www.semen-l.org\/index.php?rest_route=%2Fwp%2Fv2%2Fcategories&post=1274"},{"taxonomy":"post_tag","embeddable":true,"href":"http:\/\/www.semen-l.org\/index.php?rest_route=%2Fwp%2Fv2%2Ftags&post=1274"}],"curies":[{"name":"wp","href":"https:\/\/api.w.org\/{rel}","templated":true}]}}