{"id":120,"date":"2012-07-02T09:22:46","date_gmt":"2012-07-02T09:22:46","guid":{"rendered":"http:\/\/www.semen-l.org\/?p=120"},"modified":"2025-01-02T23:39:33","modified_gmt":"2025-01-02T23:39:33","slug":"colloques-2012-2013","status":"publish","type":"post","link":"http:\/\/www.semen-l.org\/?p=120","title":{"rendered":"Colloques 2012-2013"},"content":{"rendered":"<p>&#8211; 15-17 mars 2012, Dijon, Colloque international \u00abL\u2019image de la \u2018petite patrie\u00a0\u00bb provinciale chez les \u00e9crivains de la Renaissance\u00a0\u00bb, organis\u00e9e par Sylvie Laigneau-Fontaine. Contact\u00a0:\u00a0 HYPERLINK \u00ab\u00a0mailto:sylvie.laigneau-fontaine@sfr.fr\u00a0\u00bb sylvie.laigneau-fontaine@sfr.fr<\/p>\n<p>&#8211; 22-24 mars 2012, Washington D.C., Meeting annuel de la Renaissance society of America<\/p>\n<p>-4-5 mai 2012, Universit\u00e9 de Neuch\u00e2tel, colloque international \u00ab\u00a0Jean Du Bellay, cardinal diplomate, \u00e9crivain et m\u00e9c\u00e8ne\u00a0\u00bb, organis\u00e9 par L. Petris avec la collaboration de O. Christin, P. Galand et C. Michon<\/p>\n<p>&#8211; 10-12 mai 2012, Colloque international\u00a0: Tours 1500. Art et soci\u00e9t\u00e9 \u00e0 Tours au d\u00e9but de la Renaissance. Comit\u00e9 d\u2019organisation\u00a0: Florence Alazard, Pascal Brioist, Marion Boudon-Machuel, Pascale Charron, David Fiala, David Rivaud, Alain Salamagne. Contact\u00a0: HYPERLINK \u00ab\u00a0mailto:marion.boudon-machuel@inha.fr\u00a0\u00bb marion.boudon-machuel@inha.fr et\/ou HYPERLINK \u00ab\u00a0mailto:pascale.charron@univ-tours.fr\u00a0\u00bb pascale.charron@univ-tours.fr<\/p>\n<p>&#8211; 12-13 mai 2012 \u2013 Craiova, Roumanie. La r\u00e9ception de l\u2019Antiquit\u00e9 gr\u00e9co-latine dans les cultures europ\u00e9ennes. Sous le signe d\u2019Herm\u00e8s. Renseignements\u00a0: HYPERLINK \u00ab\u00a0mailto:studiiclasice.craiova@yahoo.com\u00a0\u00bb studiiclasice.craiova@yahoo.com<\/p>\n<p>-7-9 juin, Universit\u00e9 de Rouen-EPHE-Paris-Sorbonne, colloque international \u00ab\u00a0L\u2019Antiquit\u00e9 gr\u00e9co-latine aux sources de l\u2019imaginaire contemporain\u00a0: fantasy, fantastique, science-fiction\u00a0\u00bb, organis\u00e9 par M. Bost-Fievet, D.\u00a0Nouvel, S. Provini avec la coll. de P. Galand<\/p>\n<p>&#8211; 7-9 juin 2012, Universit\u00e9 de Stockholm et The Royal Swedish Academy of Letters, History and Antiquities, \u00ab\u00a0Allusions and Reflections. Greek and Roman Mythology in Renaissance Europe\u00a0\u00bb<\/p>\n<p>&#8211; 5-7 juillet 2012, Paris, IRHT, \u00ab\u00a0Le dictamen dans tous ses \u00e9tats. Perspectives de recherche sur la th\u00e9orie et la pratique de l\u2019ars dictaminis (XIe-XVe si\u00e8cles)\u00a0\u00bb. Colloque organis\u00e9 par Anne-Marie Turcan-Verkerk et Beno\u00eet Gr\u00e9vin.<\/p>\n<p>&#8211; 5-10 ao\u00fbt 2012, M\u00fcnster, 15e Congr\u00e8s de l\u2019IANLS. Contact\u00a0: HYPERLINK \u00ab\u00a0mailto:pade@hum.ku.dk\u00a0\u00bb pade@hum.ku.dk<\/p>\n<p>&#8211; 5-6 octobre 2012, Universit\u00e9 de Montpellier 3, \u00ab\u00a0L\u2019\u00e9criture \u00e9pique et ses mod\u00e8les\u00a0\u00bb [de l\u2019\u00e9pop\u00e9e classique \u00e0 la Renaissance]. Colloque organis\u00e9 par Jean Meyers et Aline Est\u00e8ves<\/p>\n<p>&#8211; 11-13 octobre 2012, Bordeaux, Universit\u00e9 Michel de Montaigne, Amphith\u00e9\u00e2tre Od\u00e9on, Maison de l\u2019Arch\u00e9ologie, \u00ab\u00a0Rh\u00e9torique, stylistique et po\u00e9tique\u00a0: entre th\u00e9orie et pratique\u00a0\u00bb. Responsables\u00a0: Anne Bouscharain et Dani\u00e8le James-Raoul<\/p>\n<p>&#8211; 23-25 octobre 2012. Villa Vigoni. Atelier n\u00e9o-latin I, Horatius criticus. Responsable\u00a0: Nathalie Dauvois<\/p>\n<p>&#8211; 22 novembre 2012, Paris, EPHE, \u00ab\u00a0La Muse s\u2019amuse\u00a0: figures insolites de la Muse \u00e0 la Renaissance\u00a0\u00bb, Premi\u00e8re des deux journ\u00e9es d\u2019\u00e9tudes organis\u00e9es par Perrine Galand et Anne-Pascale Pouey-Mounou. La seconde journ\u00e9e aura lieu \u00e0 l\u2019Universit\u00e9 de Lille III, le 15 mars 2013<\/p>\n<p>&#8211; 29 novembre-1er d\u00e9cembre 2012, Universit\u00e9 de Paris IV, Doctrines et th\u00e9ories de l\u2019art. Responsables\u00a0: Laurence Boul\u00e8gue, Pierre Caye, Francesco Furlan et Florence Malhomme<\/p>\n<p>7-9 d\u00e9cembre, EPHE, colloque \u00ab\u00a0Ecriture et h\u00e9r\u00e9sie \u00e0 travers l\u2019histoire\u00a0\u00bb, organis\u00e9 par F. Rouill\u00e9 avec la coll. de P. Galand<\/p>\n<p>15 mars 2013, Universit\u00e9 de Lille III, \u00ab\u00a0La Muse s\u2019amuse\u00a0: figures insolites de la Muse \u00e0 la Renaissance\u00a0\u00bb, Seconde des deux journ\u00e9es d\u2019\u00e9tudes organis\u00e9es par Perrine Galand et Anne-Pascale Pouey-Mounou.<\/p>\n<p>&#8211; 22-23 mars 2013, BnF-Universit\u00e9 de Paris 7- SFDES, L\u2019ann\u00e9e 1570, Colloque organis\u00e9 par Jean Vignes, Isabelle His et Hugues Daussy<\/p>\n<p>&#8211; 4-6 avril 2013, San Diego, California, Renaissance Society of America, annual meeting<\/p>\n<p>&#8211; 22-25 mai 2013, Rome, \u00c9cole fran\u00e7aise de Rome et Biblioteca Nazionale Centrale di Roma, Colloque international \u00ab\u00a0Marc Antoine Muret. Un humaniste fran\u00e7ais en Italie\u00a0\u00bb, organis\u00e9 par Christine de Buzon, Philip Ford, Jean-Eudes Girot, Rapha\u00eble Mouren, Laurence Pradelle et Marina Venier<\/p>\n<p>&#8211; Printemps 2013, Villa Vigoni, Atelier n\u00e9o-latin II. Horatius lyricus. Responsable\u00a0: Nathalie Dauvois<\/p>\n","protected":false},"excerpt":{"rendered":"<p>&#8211; 15-17 mars 2012, Dijon, Colloque international \u00abL\u2019image de la \u2018petite patrie\u00a0\u00bb provinciale chez les \u00e9crivains de la Renaissance\u00a0\u00bb, organis\u00e9e par Sylvie Laigneau-Fontaine. Contact\u00a0:\u00a0 HYPERLINK \u00ab\u00a0mailto:sylvie.laigneau-fontaine@sfr.fr\u00a0\u00bb sylvie.laigneau-fontaine@sfr.fr &#8211; 22-24 mars 2012, Washington D.C., Meeting annuel de la Renaissance society of &hellip; <a href=\"http:\/\/www.semen-l.org\/?p=120\">Continuer la lecture <span class=\"meta-nav\">&rarr;<\/span><\/a><\/p>\n","protected":false},"author":5,"featured_media":0,"comment_status":"open","ping_status":"open","sticky":false,"template":"","format":"standard","meta":{"footnotes":""},"categories":[4],"tags":[1280,358,92,1272,1282,1175,1265,1279,1277,424,52,1276,1273,1281,1048,820,417,1266,264,82,43,1278,1274,267,1275],"class_list":["post-120","post","type-post","status-publish","format-standard","hentry","category-colloques","tag-allusion","tag-ars-dictaminis","tag-art","tag-du-bellay-jean","tag-critique","tag-diplomatie","tag-epopee","tag-fantastique","tag-fantasy","tag-heresie","tag-horace","tag-imaginaire","tag-mecenat","tag-modele","tag-muret-marc-antoine","tag-muse","tag-mythologie","tag-patrie","tag-poesie-lyrique","tag-poetique","tag-rhetorique","tag-science-fiction","tag-societe","tag-stylistique","tag-tours"],"yoast_head":"<!-- This site is optimized with the Yoast SEO plugin v27.5 - https:\/\/yoast.com\/product\/yoast-seo-wordpress\/ -->\n<title>Colloques 2012-2013 - Soci\u00e9t\u00e9 d&#039;\u00c9tudes M\u00e9dio Et N\u00e9o-Latines<\/title>\n<meta name=\"description\" content=\"Cette page recense les colloques tenus en 2012-2013 \u00e0 propos du m\u00e9diolatin et du n\u00e9o-latin, notamment dans les universit\u00e9s francophones.\" \/>\n<meta name=\"robots\" content=\"index, follow, max-snippet:-1, max-image-preview:large, max-video-preview:-1\" \/>\n<link rel=\"canonical\" href=\"http:\/\/www.semen-l.org\/?p=120\" \/>\n<meta property=\"og:locale\" content=\"fr_FR\" \/>\n<meta property=\"og:type\" content=\"article\" \/>\n<meta property=\"og:title\" content=\"Colloques 2012-2013 - Soci\u00e9t\u00e9 d&#039;\u00c9tudes M\u00e9dio Et N\u00e9o-Latines\" \/>\n<meta property=\"og:description\" content=\"Cette page recense les colloques tenus en 2012-2013 \u00e0 propos du m\u00e9diolatin et du n\u00e9o-latin, notamment dans les universit\u00e9s francophones.\" \/>\n<meta property=\"og:url\" content=\"http:\/\/www.semen-l.org\/?p=120\" \/>\n<meta property=\"og:site_name\" content=\"Soci\u00e9t\u00e9 d&#039;\u00c9tudes M\u00e9dio Et N\u00e9o-Latines\" \/>\n<meta property=\"article:publisher\" content=\"https:\/\/www.facebook.com\/SEMENL2018\" \/>\n<meta property=\"article:published_time\" content=\"2012-07-02T09:22:46+00:00\" \/>\n<meta property=\"article:modified_time\" content=\"2025-01-02T23:39:33+00:00\" \/>\n<meta name=\"author\" content=\"Seris\" \/>\n<meta name=\"twitter:card\" content=\"summary_large_image\" \/>\n<meta name=\"twitter:label1\" content=\"\u00c9crit par\" \/>\n\t<meta name=\"twitter:data1\" content=\"Seris\" \/>\n\t<meta name=\"twitter:label2\" content=\"Dur\u00e9e de lecture estim\u00e9e\" \/>\n\t<meta name=\"twitter:data2\" content=\"3 minutes\" \/>\n<script type=\"application\/ld+json\" class=\"yoast-schema-graph\">{\"@context\":\"https:\\\/\\\/schema.org\",\"@graph\":[{\"@type\":\"Article\",\"@id\":\"http:\\\/\\\/www.semen-l.org\\\/?p=120#article\",\"isPartOf\":{\"@id\":\"http:\\\/\\\/www.semen-l.org\\\/?p=120\"},\"author\":{\"name\":\"Seris\",\"@id\":\"http:\\\/\\\/www.semen-l.org\\\/#\\\/schema\\\/person\\\/6e8c8c75b499690cc37dd369354a7c47\"},\"headline\":\"Colloques 2012-2013\",\"datePublished\":\"2012-07-02T09:22:46+00:00\",\"dateModified\":\"2025-01-02T23:39:33+00:00\",\"mainEntityOfPage\":{\"@id\":\"http:\\\/\\\/www.semen-l.org\\\/?p=120\"},\"wordCount\":591,\"commentCount\":0,\"publisher\":{\"@id\":\"http:\\\/\\\/www.semen-l.org\\\/#organization\"},\"keywords\":[\"allusion\",\"ars dictaminis\",\"art\",\"Bellay (Jean du)\",\"critique\",\"diplomatie\",\"\u00e9pop\u00e9e\",\"fantastique\",\"fantasy\",\"h\u00e9r\u00e9sie\",\"Horace\",\"imaginaire\",\"m\u00e9c\u00e9nat\",\"mod\u00e8le\",\"Muret (Marc Antoine)\",\"muse\",\"mythologie\",\"patrie\",\"po\u00e9sie lyrique\",\"po\u00e9tique\",\"rh\u00e9torique\",\"science-fiction\",\"soci\u00e9t\u00e9\",\"stylistique\",\"Tours\"],\"articleSection\":[\"Colloques\"],\"inLanguage\":\"fr-FR\",\"potentialAction\":[{\"@type\":\"CommentAction\",\"name\":\"Comment\",\"target\":[\"http:\\\/\\\/www.semen-l.org\\\/?p=120#respond\"]}]},{\"@type\":\"WebPage\",\"@id\":\"http:\\\/\\\/www.semen-l.org\\\/?p=120\",\"url\":\"http:\\\/\\\/www.semen-l.org\\\/?p=120\",\"name\":\"Colloques 2012-2013 - Soci\u00e9t\u00e9 d&#039;\u00c9tudes M\u00e9dio Et N\u00e9o-Latines\",\"isPartOf\":{\"@id\":\"http:\\\/\\\/www.semen-l.org\\\/#website\"},\"datePublished\":\"2012-07-02T09:22:46+00:00\",\"dateModified\":\"2025-01-02T23:39:33+00:00\",\"description\":\"Cette page recense les colloques tenus en 2012-2013 \u00e0 propos du m\u00e9diolatin et du n\u00e9o-latin, notamment dans les universit\u00e9s francophones.\",\"breadcrumb\":{\"@id\":\"http:\\\/\\\/www.semen-l.org\\\/?p=120#breadcrumb\"},\"inLanguage\":\"fr-FR\",\"potentialAction\":[{\"@type\":\"ReadAction\",\"target\":[\"http:\\\/\\\/www.semen-l.org\\\/?p=120\"]}]},{\"@type\":\"BreadcrumbList\",\"@id\":\"http:\\\/\\\/www.semen-l.org\\\/?p=120#breadcrumb\",\"itemListElement\":[{\"@type\":\"ListItem\",\"position\":1,\"name\":\"Accueil\",\"item\":\"http:\\\/\\\/www.semen-l.org\\\/\"},{\"@type\":\"ListItem\",\"position\":2,\"name\":\"Colloques 2012-2013\"}]},{\"@type\":\"WebSite\",\"@id\":\"http:\\\/\\\/www.semen-l.org\\\/#website\",\"url\":\"http:\\\/\\\/www.semen-l.org\\\/\",\"name\":\"Soci\u00e9t\u00e9 d'\u00c9tudes M\u00e9dio Et N\u00e9o-Latines\",\"description\":\"\",\"publisher\":{\"@id\":\"http:\\\/\\\/www.semen-l.org\\\/#organization\"},\"potentialAction\":[{\"@type\":\"SearchAction\",\"target\":{\"@type\":\"EntryPoint\",\"urlTemplate\":\"http:\\\/\\\/www.semen-l.org\\\/?s={search_term_string}\"},\"query-input\":{\"@type\":\"PropertyValueSpecification\",\"valueRequired\":true,\"valueName\":\"search_term_string\"}}],\"inLanguage\":\"fr-FR\"},{\"@type\":\"Organization\",\"@id\":\"http:\\\/\\\/www.semen-l.org\\\/#organization\",\"name\":\"Soci\u00e9t\u00e9 d'\u00e9tudes m\u00e9dio et n\u00e9o-latines\",\"url\":\"http:\\\/\\\/www.semen-l.org\\\/\",\"logo\":{\"@type\":\"ImageObject\",\"inLanguage\":\"fr-FR\",\"@id\":\"http:\\\/\\\/www.semen-l.org\\\/#\\\/schema\\\/logo\\\/image\\\/\",\"url\":\"http:\\\/\\\/www.semen-l.org\\\/wp-content\\\/uploads\\\/2020\\\/11\\\/logo-semenl.jpg\",\"contentUrl\":\"http:\\\/\\\/www.semen-l.org\\\/wp-content\\\/uploads\\\/2020\\\/11\\\/logo-semenl.jpg\",\"width\":408,\"height\":403,\"caption\":\"Soci\u00e9t\u00e9 d'\u00e9tudes m\u00e9dio et n\u00e9o-latines\"},\"image\":{\"@id\":\"http:\\\/\\\/www.semen-l.org\\\/#\\\/schema\\\/logo\\\/image\\\/\"},\"sameAs\":[\"https:\\\/\\\/www.facebook.com\\\/SEMENL2018\",\"https:\\\/\\\/independent.academia.edu\\\/SocitsdtudesmdioetnolatinesSEMENL\"]},{\"@type\":\"Person\",\"@id\":\"http:\\\/\\\/www.semen-l.org\\\/#\\\/schema\\\/person\\\/6e8c8c75b499690cc37dd369354a7c47\",\"name\":\"Seris\",\"image\":{\"@type\":\"ImageObject\",\"inLanguage\":\"fr-FR\",\"@id\":\"https:\\\/\\\/secure.gravatar.com\\\/avatar\\\/8aec6178114279c28f7f0f4ccbb54eefdf0db708e95973d3513a9c5387b223b9?s=96&d=mm&r=g\",\"url\":\"https:\\\/\\\/secure.gravatar.com\\\/avatar\\\/8aec6178114279c28f7f0f4ccbb54eefdf0db708e95973d3513a9c5387b223b9?s=96&d=mm&r=g\",\"contentUrl\":\"https:\\\/\\\/secure.gravatar.com\\\/avatar\\\/8aec6178114279c28f7f0f4ccbb54eefdf0db708e95973d3513a9c5387b223b9?s=96&d=mm&r=g\",\"caption\":\"Seris\"},\"url\":\"http:\\\/\\\/www.semen-l.org\\\/?author=5\"}]}<\/script>\n<!-- \/ Yoast SEO plugin. -->","yoast_head_json":{"title":"Colloques 2012-2013 - Soci\u00e9t\u00e9 d&#039;\u00c9tudes M\u00e9dio Et N\u00e9o-Latines","description":"Cette page recense les colloques tenus en 2012-2013 \u00e0 propos du m\u00e9diolatin et du n\u00e9o-latin, notamment dans les universit\u00e9s francophones.","robots":{"index":"index","follow":"follow","max-snippet":"max-snippet:-1","max-image-preview":"max-image-preview:large","max-video-preview":"max-video-preview:-1"},"canonical":"http:\/\/www.semen-l.org\/?p=120","og_locale":"fr_FR","og_type":"article","og_title":"Colloques 2012-2013 - Soci\u00e9t\u00e9 d&#039;\u00c9tudes M\u00e9dio Et N\u00e9o-Latines","og_description":"Cette page recense les colloques tenus en 2012-2013 \u00e0 propos du m\u00e9diolatin et du n\u00e9o-latin, notamment dans les universit\u00e9s francophones.","og_url":"http:\/\/www.semen-l.org\/?p=120","og_site_name":"Soci\u00e9t\u00e9 d&#039;\u00c9tudes M\u00e9dio Et N\u00e9o-Latines","article_publisher":"https:\/\/www.facebook.com\/SEMENL2018","article_published_time":"2012-07-02T09:22:46+00:00","article_modified_time":"2025-01-02T23:39:33+00:00","author":"Seris","twitter_card":"summary_large_image","twitter_misc":{"\u00c9crit par":"Seris","Dur\u00e9e de lecture estim\u00e9e":"3 minutes"},"schema":{"@context":"https:\/\/schema.org","@graph":[{"@type":"Article","@id":"http:\/\/www.semen-l.org\/?p=120#article","isPartOf":{"@id":"http:\/\/www.semen-l.org\/?p=120"},"author":{"name":"Seris","@id":"http:\/\/www.semen-l.org\/#\/schema\/person\/6e8c8c75b499690cc37dd369354a7c47"},"headline":"Colloques 2012-2013","datePublished":"2012-07-02T09:22:46+00:00","dateModified":"2025-01-02T23:39:33+00:00","mainEntityOfPage":{"@id":"http:\/\/www.semen-l.org\/?p=120"},"wordCount":591,"commentCount":0,"publisher":{"@id":"http:\/\/www.semen-l.org\/#organization"},"keywords":["allusion","ars dictaminis","art","Bellay (Jean du)","critique","diplomatie","\u00e9pop\u00e9e","fantastique","fantasy","h\u00e9r\u00e9sie","Horace","imaginaire","m\u00e9c\u00e9nat","mod\u00e8le","Muret (Marc Antoine)","muse","mythologie","patrie","po\u00e9sie lyrique","po\u00e9tique","rh\u00e9torique","science-fiction","soci\u00e9t\u00e9","stylistique","Tours"],"articleSection":["Colloques"],"inLanguage":"fr-FR","potentialAction":[{"@type":"CommentAction","name":"Comment","target":["http:\/\/www.semen-l.org\/?p=120#respond"]}]},{"@type":"WebPage","@id":"http:\/\/www.semen-l.org\/?p=120","url":"http:\/\/www.semen-l.org\/?p=120","name":"Colloques 2012-2013 - Soci\u00e9t\u00e9 d&#039;\u00c9tudes M\u00e9dio Et N\u00e9o-Latines","isPartOf":{"@id":"http:\/\/www.semen-l.org\/#website"},"datePublished":"2012-07-02T09:22:46+00:00","dateModified":"2025-01-02T23:39:33+00:00","description":"Cette page recense les colloques tenus en 2012-2013 \u00e0 propos du m\u00e9diolatin et du n\u00e9o-latin, notamment dans les universit\u00e9s francophones.","breadcrumb":{"@id":"http:\/\/www.semen-l.org\/?p=120#breadcrumb"},"inLanguage":"fr-FR","potentialAction":[{"@type":"ReadAction","target":["http:\/\/www.semen-l.org\/?p=120"]}]},{"@type":"BreadcrumbList","@id":"http:\/\/www.semen-l.org\/?p=120#breadcrumb","itemListElement":[{"@type":"ListItem","position":1,"name":"Accueil","item":"http:\/\/www.semen-l.org\/"},{"@type":"ListItem","position":2,"name":"Colloques 2012-2013"}]},{"@type":"WebSite","@id":"http:\/\/www.semen-l.org\/#website","url":"http:\/\/www.semen-l.org\/","name":"Soci\u00e9t\u00e9 d'\u00c9tudes M\u00e9dio Et N\u00e9o-Latines","description":"","publisher":{"@id":"http:\/\/www.semen-l.org\/#organization"},"potentialAction":[{"@type":"SearchAction","target":{"@type":"EntryPoint","urlTemplate":"http:\/\/www.semen-l.org\/?s={search_term_string}"},"query-input":{"@type":"PropertyValueSpecification","valueRequired":true,"valueName":"search_term_string"}}],"inLanguage":"fr-FR"},{"@type":"Organization","@id":"http:\/\/www.semen-l.org\/#organization","name":"Soci\u00e9t\u00e9 d'\u00e9tudes m\u00e9dio et n\u00e9o-latines","url":"http:\/\/www.semen-l.org\/","logo":{"@type":"ImageObject","inLanguage":"fr-FR","@id":"http:\/\/www.semen-l.org\/#\/schema\/logo\/image\/","url":"http:\/\/www.semen-l.org\/wp-content\/uploads\/2020\/11\/logo-semenl.jpg","contentUrl":"http:\/\/www.semen-l.org\/wp-content\/uploads\/2020\/11\/logo-semenl.jpg","width":408,"height":403,"caption":"Soci\u00e9t\u00e9 d'\u00e9tudes m\u00e9dio et n\u00e9o-latines"},"image":{"@id":"http:\/\/www.semen-l.org\/#\/schema\/logo\/image\/"},"sameAs":["https:\/\/www.facebook.com\/SEMENL2018","https:\/\/independent.academia.edu\/SocitsdtudesmdioetnolatinesSEMENL"]},{"@type":"Person","@id":"http:\/\/www.semen-l.org\/#\/schema\/person\/6e8c8c75b499690cc37dd369354a7c47","name":"Seris","image":{"@type":"ImageObject","inLanguage":"fr-FR","@id":"https:\/\/secure.gravatar.com\/avatar\/8aec6178114279c28f7f0f4ccbb54eefdf0db708e95973d3513a9c5387b223b9?s=96&d=mm&r=g","url":"https:\/\/secure.gravatar.com\/avatar\/8aec6178114279c28f7f0f4ccbb54eefdf0db708e95973d3513a9c5387b223b9?s=96&d=mm&r=g","contentUrl":"https:\/\/secure.gravatar.com\/avatar\/8aec6178114279c28f7f0f4ccbb54eefdf0db708e95973d3513a9c5387b223b9?s=96&d=mm&r=g","caption":"Seris"},"url":"http:\/\/www.semen-l.org\/?author=5"}]}},"jetpack_featured_media_url":"","_links":{"self":[{"href":"http:\/\/www.semen-l.org\/index.php?rest_route=\/wp\/v2\/posts\/120","targetHints":{"allow":["GET"]}}],"collection":[{"href":"http:\/\/www.semen-l.org\/index.php?rest_route=\/wp\/v2\/posts"}],"about":[{"href":"http:\/\/www.semen-l.org\/index.php?rest_route=\/wp\/v2\/types\/post"}],"author":[{"embeddable":true,"href":"http:\/\/www.semen-l.org\/index.php?rest_route=\/wp\/v2\/users\/5"}],"replies":[{"embeddable":true,"href":"http:\/\/www.semen-l.org\/index.php?rest_route=%2Fwp%2Fv2%2Fcomments&post=120"}],"version-history":[{"count":0,"href":"http:\/\/www.semen-l.org\/index.php?rest_route=\/wp\/v2\/posts\/120\/revisions"}],"wp:attachment":[{"href":"http:\/\/www.semen-l.org\/index.php?rest_route=%2Fwp%2Fv2%2Fmedia&parent=120"}],"wp:term":[{"taxonomy":"category","embeddable":true,"href":"http:\/\/www.semen-l.org\/index.php?rest_route=%2Fwp%2Fv2%2Fcategories&post=120"},{"taxonomy":"post_tag","embeddable":true,"href":"http:\/\/www.semen-l.org\/index.php?rest_route=%2Fwp%2Fv2%2Ftags&post=120"}],"curies":[{"name":"wp","href":"https:\/\/api.w.org\/{rel}","templated":true}]}}