{"id":118,"date":"2012-10-01T09:52:46","date_gmt":"2012-10-01T09:52:46","guid":{"rendered":"http:\/\/www.semen-l.org\/?p=118"},"modified":"2020-11-25T14:47:48","modified_gmt":"2020-11-25T14:47:48","slug":"iiie-congres-de-la-semen-l-bordeaux-11-13-oct-2012-programme-provisoire","status":"publish","type":"post","link":"http:\/\/www.semen-l.org\/?p=118","title":{"rendered":"IIIe congr\u00e8s de la SEMEN-L (Bordeaux, 11-13 oct 2012) : programme"},"content":{"rendered":"\t\t<div data-elementor-type=\"wp-post\" data-elementor-id=\"118\" class=\"elementor elementor-118\">\n\t\t\t\t\t\t<section class=\"elementor-section elementor-top-section elementor-element elementor-element-21f3297 elementor-section-boxed elementor-section-height-default elementor-section-height-default\" data-id=\"21f3297\" data-element_type=\"section\" data-e-type=\"section\">\n\t\t\t\t\t\t<div class=\"elementor-container elementor-column-gap-default\">\n\t\t\t\t\t<div class=\"elementor-column elementor-col-100 elementor-top-column elementor-element elementor-element-45b6ce5\" data-id=\"45b6ce5\" data-element_type=\"column\" data-e-type=\"column\">\n\t\t\t<div class=\"elementor-widget-wrap elementor-element-populated\">\n\t\t\t\t\t\t<div class=\"elementor-element elementor-element-f5f427f elementor-widget elementor-widget-image\" data-id=\"f5f427f\" data-element_type=\"widget\" data-e-type=\"widget\" data-widget_type=\"image.default\">\n\t\t\t\t<div class=\"elementor-widget-container\">\n\t\t\t\t\t\t\t\t\t\t\t\t\t\t\t\t<a href=\"http:\/\/www.semen-l.org\/wp-content\/uploads\/2012\/06\/Programme-Congr%C3%A8s-SEMEN-L-1.pdf\">\n\t\t\t\t\t\t\t<img fetchpriority=\"high\" decoding=\"async\" width=\"549\" height=\"778\" src=\"https:\/\/www.semen-l.org\/wp-content\/uploads\/2012\/10\/colloque-bordeaux-rhet-gd.jpg\" class=\"attachment-large size-large wp-image-987\" alt=\"\" srcset=\"https:\/\/www.semen-l.org\/wp-content\/uploads\/2012\/10\/colloque-bordeaux-rhet-gd.jpg 549w, https:\/\/www.semen-l.org\/wp-content\/uploads\/2012\/10\/colloque-bordeaux-rhet-gd-212x300.jpg 212w, https:\/\/www.semen-l.org\/wp-content\/uploads\/2012\/10\/colloque-bordeaux-rhet-gd-141x200.jpg 141w\" sizes=\"(max-width: 549px) 100vw, 549px\" \/>\t\t\t\t\t\t\t\t<\/a>\n\t\t\t\t\t\t\t\t\t\t\t\t\t\t\t<\/div>\n\t\t\t\t<\/div>\n\t\t\t\t\t<\/div>\n\t\t<\/div>\n\t\t\t\t\t<\/div>\n\t\t<\/section>\n\t\t\t\t<section class=\"elementor-section elementor-top-section elementor-element elementor-element-868551f elementor-section-boxed elementor-section-height-default elementor-section-height-default\" data-id=\"868551f\" data-element_type=\"section\" data-e-type=\"section\">\n\t\t\t\t\t\t<div class=\"elementor-container elementor-column-gap-default\">\n\t\t\t\t\t<div class=\"elementor-column elementor-col-100 elementor-top-column elementor-element elementor-element-51d8d7ca\" data-id=\"51d8d7ca\" data-element_type=\"column\" data-e-type=\"column\">\n\t\t\t<div class=\"elementor-widget-wrap elementor-element-populated\">\n\t\t\t\t\t\t<div class=\"elementor-element elementor-element-8337abb elementor-widget elementor-widget-text-editor\" data-id=\"8337abb\" data-element_type=\"widget\" data-e-type=\"widget\" data-widget_type=\"text-editor.default\">\n\t\t\t\t<div class=\"elementor-widget-container\">\n\t\t\t\t\t\t\t\t\t<h2 align=\"center\">Cliquez sur \u00a0le lien suivant pour t\u00e9l\u00e9charger le programme du Congr\u00e8s :<\/h2>\r\n<a href=\"http:\/\/www.semen-l.org\/wp-content\/uploads\/2012\/06\/Programme-Congr\u00e8s-SEMEN-L-1.pdf\">Programme Congr\u00e8s SEMEN-L<\/a>\t\t\t\t\t\t\t\t<\/div>\n\t\t\t\t<\/div>\n\t\t\t\t\t<\/div>\n\t\t<\/div>\n\t\t\t\t\t<\/div>\n\t\t<\/section>\n\t\t\t\t<\/div>\n\t\t","protected":false},"excerpt":{"rendered":"<p>Cliquez sur \u00a0le lien suivant pour t\u00e9l\u00e9charger le programme du Congr\u00e8s : Programme Congr\u00e8s SEMEN-L<\/p>\n","protected":false},"author":1,"featured_media":986,"comment_status":"open","ping_status":"open","sticky":false,"template":"","format":"standard","meta":{"footnotes":""},"categories":[11],"tags":[73,318,340,326,358,329,331,189,343,356,337,133,361,347,83,81,320,321,344,352,355,68,18,359,237,324,29,342,354,333,323,328,338,350,332,317,349,52,348,325,327,339,346,315,334,184,277,268,351,316,330,314,341,16,335,360,26,82,319,36,230,190,357,43,345,239,53,42,322,336,266,54],"class_list":["post-118","post","type-post","status-publish","format-standard","has-post-thumbnail","hentry","category-congres","tag-andre-alciat","tag-alcuin","tag-anthologie","tag-architrenius","tag-ars-dictaminis","tag-ars-poetica-gervais-de-melkley","tag-art-poetique","tag-augustin-dhippone","tag-ausone","tag-von-barth-caspar","tag-baudri-de-bourgueil","tag-george-buchanan","tag-cantalicio-giovambattista","tag-chretien-de-troyes","tag-ciceron","tag-commentaire","tag-dacier-andre","tag-de-ratione-scribendae-historiae","tag-descriptio-puellae","tag-embleme","tag-epidictique","tag-epigramme","tag-epistolaire","tag-epistolographie","tag-ethique","tag-evrard-de-bethune","tag-exegese","tag-faltonia-betitia-proba","tag-feretrana","tag-genese-bible","tag-geoffroi-de-vinsauf","tag-gervais-de-melkley","tag-grammaire","tag-guido-delle-colonne","tag-hermeneutique","tag-hermogene","tag-historia-destructionis-troiae","tag-horace","tag-imitation","tag-jean-de-garlande","tag-jean-de-hanville","tag-jean-de-salisbury","tag-latini-brunetto","tag-llull-antonio","tag-marbode-de-rennes","tag-martianus-capella","tag-metaphore","tag-metre","tag-nombre","tag-juan-nunez-pedro","tag-parisiana-poetria","tag-parrasio-aulo-giano","tag-perception","tag-petrarque","tag-plaisir","tag-poeme-genethliaque","tag-poesie","tag-poetique","tag-poetique-aristote","tag-giovanni-pontano","tag-portrait","tag-raban-maur","tag-regle-des-trois-unites","tag-rhetorique","tag-roubaud-jacques","tag-sannazaro-jacopo","tag-jules-cesar-scaliger","tag-scolastique","tag-famiano-strada","tag-utilite","tag-vers","tag-virgile"],"yoast_head":"<!-- This site is optimized with the Yoast SEO plugin v27.4 - https:\/\/yoast.com\/product\/yoast-seo-wordpress\/ -->\n<title>IIIe congr\u00e8s de la SEMEN-L (Bordeaux, 11-13 oct 2012) : programme - Soci\u00e9t\u00e9 d&#039;\u00c9tudes M\u00e9dio Et N\u00e9o-Latines<\/title>\n<meta name=\"robots\" content=\"index, follow, max-snippet:-1, max-image-preview:large, max-video-preview:-1\" \/>\n<link rel=\"canonical\" href=\"https:\/\/www.semen-l.org\/?p=118\" \/>\n<meta property=\"og:locale\" content=\"fr_FR\" \/>\n<meta property=\"og:type\" content=\"article\" \/>\n<meta property=\"og:title\" content=\"IIIe congr\u00e8s de la SEMEN-L (Bordeaux, 11-13 oct 2012) : programme - Soci\u00e9t\u00e9 d&#039;\u00c9tudes M\u00e9dio Et N\u00e9o-Latines\" \/>\n<meta property=\"og:description\" content=\"Cliquez sur \u00a0le lien suivant pour t\u00e9l\u00e9charger le programme du Congr\u00e8s : Programme Congr\u00e8s SEMEN-L\" \/>\n<meta property=\"og:url\" content=\"https:\/\/www.semen-l.org\/?p=118\" \/>\n<meta property=\"og:site_name\" content=\"Soci\u00e9t\u00e9 d&#039;\u00c9tudes M\u00e9dio Et N\u00e9o-Latines\" \/>\n<meta property=\"article:publisher\" content=\"https:\/\/www.facebook.com\/SEMENL2018\" \/>\n<meta property=\"article:published_time\" content=\"2012-10-01T09:52:46+00:00\" \/>\n<meta property=\"article:modified_time\" content=\"2020-11-25T14:47:48+00:00\" \/>\n<meta property=\"og:image\" content=\"https:\/\/www.semen-l.org\/wp-content\/uploads\/2012\/10\/colloque-bordeaux-rhet-mini.jpg\" \/>\n\t<meta property=\"og:image:width\" content=\"200\" \/>\n\t<meta property=\"og:image:height\" content=\"200\" \/>\n\t<meta property=\"og:image:type\" content=\"image\/jpeg\" \/>\n<meta name=\"author\" content=\"admin\" \/>\n<meta name=\"twitter:card\" content=\"summary_large_image\" \/>\n<meta name=\"twitter:label1\" content=\"\u00c9crit par\" \/>\n\t<meta name=\"twitter:data1\" content=\"admin\" \/>\n<script type=\"application\/ld+json\" class=\"yoast-schema-graph\">{\"@context\":\"https:\\\/\\\/schema.org\",\"@graph\":[{\"@type\":\"Article\",\"@id\":\"https:\\\/\\\/www.semen-l.org\\\/?p=118#article\",\"isPartOf\":{\"@id\":\"https:\\\/\\\/www.semen-l.org\\\/?p=118\"},\"author\":{\"name\":\"admin\",\"@id\":\"http:\\\/\\\/www.semen-l.org\\\/#\\\/schema\\\/person\\\/f07857ec23cd1f579d7229608b71ed30\"},\"headline\":\"IIIe congr\u00e8s de la SEMEN-L (Bordeaux, 11-13 oct 2012) : programme\",\"datePublished\":\"2012-10-01T09:52:46+00:00\",\"dateModified\":\"2020-11-25T14:47:48+00:00\",\"mainEntityOfPage\":{\"@id\":\"https:\\\/\\\/www.semen-l.org\\\/?p=118\"},\"wordCount\":28,\"commentCount\":0,\"publisher\":{\"@id\":\"http:\\\/\\\/www.semen-l.org\\\/#organization\"},\"image\":{\"@id\":\"https:\\\/\\\/www.semen-l.org\\\/?p=118#primaryimage\"},\"thumbnailUrl\":\"http:\\\/\\\/www.semen-l.org\\\/wp-content\\\/uploads\\\/2012\\\/10\\\/colloque-bordeaux-rhet-mini.jpg\",\"keywords\":[\"Alciat (Andr\u00e9)\",\"Alcuin\",\"anthologie\",\"Architrenius\",\"ars dictaminis\",\"Ars Poetica (Gervais de Melkley)\",\"art po\u00e9tique\",\"Augustin d'Hippone\",\"Ausone\",\"Barth (Caspar von)\",\"Baudri de Bourgueil\",\"Buchanan (George)\",\"Cantalicio (Giovambattista)\",\"Chr\u00e9tien de Troyes\",\"Cic\u00e9ron\",\"commentaire\",\"Dacier (Andr\u00e9)\",\"De ratione scribendae historiae\",\"descriptio puellae\",\"embl\u00e8me\",\"\u00e9pidictique\",\"\u00e9pigramme\",\"\u00e9pistolaire\",\"\u00e9pistolographie\",\"\u00e9thique\",\"\u00c9vrard de B\u00e9thune\",\"exeg\u00e8se\",\"Faltonia Betitia Proba\",\"Feretrana\",\"Gen\u00e8se (Bible)\",\"Geoffroi de Vinsauf\",\"Gervais de Melkley\",\"grammaire\",\"Guido delle Colonne\",\"herm\u00e9neutique\",\"Hermog\u00e8ne\",\"Historia destructionis Troiae\",\"Horace\",\"imitation\",\"Jean de Garlande\",\"Jean de Hanville\",\"Jean de Salisbury\",\"Latini (Brunetto)\",\"Llull (Antonio)\",\"Marbode de Rennes\",\"Martianus Capella\",\"m\u00e9taphore\",\"m\u00e8tre\",\"nombre\",\"N\u00fa\u00f1ez (Pedro Juan)\",\"Parisiana Poetria\",\"Parrasio (Aulo Giano)\",\"perception\",\"P\u00e9trarque\",\"plaisir\",\"po\u00e8me g\u00e9n\u00e9thliaque\",\"po\u00e9sie\",\"po\u00e9tique\",\"Po\u00e9tique (Aristote)\",\"Pontano (Giovanni)\",\"portrait\",\"Raban Maur\",\"r\u00e8gle des trois unit\u00e9s\",\"rh\u00e9torique\",\"Roubaud (Jacques)\",\"Sannazaro (Jacopo)\",\"Scaliger (Jules-C\u00e9sar)\",\"scolastique\",\"Strada (Famiano)\",\"utilit\u00e9\",\"vers\",\"Virgile\"],\"articleSection\":[\"Congr\u00e8s\"],\"inLanguage\":\"fr-FR\",\"potentialAction\":[{\"@type\":\"CommentAction\",\"name\":\"Comment\",\"target\":[\"https:\\\/\\\/www.semen-l.org\\\/?p=118#respond\"]}]},{\"@type\":\"WebPage\",\"@id\":\"https:\\\/\\\/www.semen-l.org\\\/?p=118\",\"url\":\"https:\\\/\\\/www.semen-l.org\\\/?p=118\",\"name\":\"IIIe congr\u00e8s de la SEMEN-L (Bordeaux, 11-13 oct 2012) : programme - Soci\u00e9t\u00e9 d&#039;\u00c9tudes M\u00e9dio Et N\u00e9o-Latines\",\"isPartOf\":{\"@id\":\"http:\\\/\\\/www.semen-l.org\\\/#website\"},\"primaryImageOfPage\":{\"@id\":\"https:\\\/\\\/www.semen-l.org\\\/?p=118#primaryimage\"},\"image\":{\"@id\":\"https:\\\/\\\/www.semen-l.org\\\/?p=118#primaryimage\"},\"thumbnailUrl\":\"http:\\\/\\\/www.semen-l.org\\\/wp-content\\\/uploads\\\/2012\\\/10\\\/colloque-bordeaux-rhet-mini.jpg\",\"datePublished\":\"2012-10-01T09:52:46+00:00\",\"dateModified\":\"2020-11-25T14:47:48+00:00\",\"breadcrumb\":{\"@id\":\"https:\\\/\\\/www.semen-l.org\\\/?p=118#breadcrumb\"},\"inLanguage\":\"fr-FR\",\"potentialAction\":[{\"@type\":\"ReadAction\",\"target\":[\"https:\\\/\\\/www.semen-l.org\\\/?p=118\"]}]},{\"@type\":\"ImageObject\",\"inLanguage\":\"fr-FR\",\"@id\":\"https:\\\/\\\/www.semen-l.org\\\/?p=118#primaryimage\",\"url\":\"http:\\\/\\\/www.semen-l.org\\\/wp-content\\\/uploads\\\/2012\\\/10\\\/colloque-bordeaux-rhet-mini.jpg\",\"contentUrl\":\"http:\\\/\\\/www.semen-l.org\\\/wp-content\\\/uploads\\\/2012\\\/10\\\/colloque-bordeaux-rhet-mini.jpg\",\"width\":200,\"height\":200},{\"@type\":\"BreadcrumbList\",\"@id\":\"https:\\\/\\\/www.semen-l.org\\\/?p=118#breadcrumb\",\"itemListElement\":[{\"@type\":\"ListItem\",\"position\":1,\"name\":\"Accueil\",\"item\":\"http:\\\/\\\/www.semen-l.org\\\/\"},{\"@type\":\"ListItem\",\"position\":2,\"name\":\"IIIe congr\u00e8s de la SEMEN-L (Bordeaux, 11-13 oct 2012) : programme\"}]},{\"@type\":\"WebSite\",\"@id\":\"http:\\\/\\\/www.semen-l.org\\\/#website\",\"url\":\"http:\\\/\\\/www.semen-l.org\\\/\",\"name\":\"Soci\u00e9t\u00e9 d'\u00c9tudes M\u00e9dio Et N\u00e9o-Latines\",\"description\":\"\",\"publisher\":{\"@id\":\"http:\\\/\\\/www.semen-l.org\\\/#organization\"},\"potentialAction\":[{\"@type\":\"SearchAction\",\"target\":{\"@type\":\"EntryPoint\",\"urlTemplate\":\"http:\\\/\\\/www.semen-l.org\\\/?s={search_term_string}\"},\"query-input\":{\"@type\":\"PropertyValueSpecification\",\"valueRequired\":true,\"valueName\":\"search_term_string\"}}],\"inLanguage\":\"fr-FR\"},{\"@type\":\"Organization\",\"@id\":\"http:\\\/\\\/www.semen-l.org\\\/#organization\",\"name\":\"Soci\u00e9t\u00e9 d'\u00e9tudes m\u00e9dio et n\u00e9o-latines\",\"url\":\"http:\\\/\\\/www.semen-l.org\\\/\",\"logo\":{\"@type\":\"ImageObject\",\"inLanguage\":\"fr-FR\",\"@id\":\"http:\\\/\\\/www.semen-l.org\\\/#\\\/schema\\\/logo\\\/image\\\/\",\"url\":\"http:\\\/\\\/www.semen-l.org\\\/wp-content\\\/uploads\\\/2020\\\/11\\\/logo-semenl.jpg\",\"contentUrl\":\"http:\\\/\\\/www.semen-l.org\\\/wp-content\\\/uploads\\\/2020\\\/11\\\/logo-semenl.jpg\",\"width\":408,\"height\":403,\"caption\":\"Soci\u00e9t\u00e9 d'\u00e9tudes m\u00e9dio et n\u00e9o-latines\"},\"image\":{\"@id\":\"http:\\\/\\\/www.semen-l.org\\\/#\\\/schema\\\/logo\\\/image\\\/\"},\"sameAs\":[\"https:\\\/\\\/www.facebook.com\\\/SEMENL2018\",\"https:\\\/\\\/independent.academia.edu\\\/SocitsdtudesmdioetnolatinesSEMENL\"]},{\"@type\":\"Person\",\"@id\":\"http:\\\/\\\/www.semen-l.org\\\/#\\\/schema\\\/person\\\/f07857ec23cd1f579d7229608b71ed30\",\"name\":\"admin\",\"image\":{\"@type\":\"ImageObject\",\"inLanguage\":\"fr-FR\",\"@id\":\"https:\\\/\\\/secure.gravatar.com\\\/avatar\\\/42d1679488c3d3f6ff457e953028323d9a995de91928859a7ade870f1f0f5c44?s=96&d=mm&r=g\",\"url\":\"https:\\\/\\\/secure.gravatar.com\\\/avatar\\\/42d1679488c3d3f6ff457e953028323d9a995de91928859a7ade870f1f0f5c44?s=96&d=mm&r=g\",\"contentUrl\":\"https:\\\/\\\/secure.gravatar.com\\\/avatar\\\/42d1679488c3d3f6ff457e953028323d9a995de91928859a7ade870f1f0f5c44?s=96&d=mm&r=g\",\"caption\":\"admin\"},\"url\":\"http:\\\/\\\/www.semen-l.org\\\/?author=1\"}]}<\/script>\n<!-- \/ Yoast SEO plugin. -->","yoast_head_json":{"title":"IIIe congr\u00e8s de la SEMEN-L (Bordeaux, 11-13 oct 2012) : programme - Soci\u00e9t\u00e9 d&#039;\u00c9tudes M\u00e9dio Et N\u00e9o-Latines","robots":{"index":"index","follow":"follow","max-snippet":"max-snippet:-1","max-image-preview":"max-image-preview:large","max-video-preview":"max-video-preview:-1"},"canonical":"https:\/\/www.semen-l.org\/?p=118","og_locale":"fr_FR","og_type":"article","og_title":"IIIe congr\u00e8s de la SEMEN-L (Bordeaux, 11-13 oct 2012) : programme - Soci\u00e9t\u00e9 d&#039;\u00c9tudes M\u00e9dio Et N\u00e9o-Latines","og_description":"Cliquez sur \u00a0le lien suivant pour t\u00e9l\u00e9charger le programme du Congr\u00e8s : Programme Congr\u00e8s SEMEN-L","og_url":"https:\/\/www.semen-l.org\/?p=118","og_site_name":"Soci\u00e9t\u00e9 d&#039;\u00c9tudes M\u00e9dio Et N\u00e9o-Latines","article_publisher":"https:\/\/www.facebook.com\/SEMENL2018","article_published_time":"2012-10-01T09:52:46+00:00","article_modified_time":"2020-11-25T14:47:48+00:00","og_image":[{"width":200,"height":200,"url":"https:\/\/www.semen-l.org\/wp-content\/uploads\/2012\/10\/colloque-bordeaux-rhet-mini.jpg","type":"image\/jpeg"}],"author":"admin","twitter_card":"summary_large_image","twitter_misc":{"\u00c9crit par":"admin"},"schema":{"@context":"https:\/\/schema.org","@graph":[{"@type":"Article","@id":"https:\/\/www.semen-l.org\/?p=118#article","isPartOf":{"@id":"https:\/\/www.semen-l.org\/?p=118"},"author":{"name":"admin","@id":"http:\/\/www.semen-l.org\/#\/schema\/person\/f07857ec23cd1f579d7229608b71ed30"},"headline":"IIIe congr\u00e8s de la SEMEN-L (Bordeaux, 11-13 oct 2012) : programme","datePublished":"2012-10-01T09:52:46+00:00","dateModified":"2020-11-25T14:47:48+00:00","mainEntityOfPage":{"@id":"https:\/\/www.semen-l.org\/?p=118"},"wordCount":28,"commentCount":0,"publisher":{"@id":"http:\/\/www.semen-l.org\/#organization"},"image":{"@id":"https:\/\/www.semen-l.org\/?p=118#primaryimage"},"thumbnailUrl":"http:\/\/www.semen-l.org\/wp-content\/uploads\/2012\/10\/colloque-bordeaux-rhet-mini.jpg","keywords":["Alciat (Andr\u00e9)","Alcuin","anthologie","Architrenius","ars dictaminis","Ars Poetica (Gervais de Melkley)","art po\u00e9tique","Augustin d'Hippone","Ausone","Barth (Caspar von)","Baudri de Bourgueil","Buchanan (George)","Cantalicio (Giovambattista)","Chr\u00e9tien de Troyes","Cic\u00e9ron","commentaire","Dacier (Andr\u00e9)","De ratione scribendae historiae","descriptio puellae","embl\u00e8me","\u00e9pidictique","\u00e9pigramme","\u00e9pistolaire","\u00e9pistolographie","\u00e9thique","\u00c9vrard de B\u00e9thune","exeg\u00e8se","Faltonia Betitia Proba","Feretrana","Gen\u00e8se (Bible)","Geoffroi de Vinsauf","Gervais de Melkley","grammaire","Guido delle Colonne","herm\u00e9neutique","Hermog\u00e8ne","Historia destructionis Troiae","Horace","imitation","Jean de Garlande","Jean de Hanville","Jean de Salisbury","Latini (Brunetto)","Llull (Antonio)","Marbode de Rennes","Martianus Capella","m\u00e9taphore","m\u00e8tre","nombre","N\u00fa\u00f1ez (Pedro Juan)","Parisiana Poetria","Parrasio (Aulo Giano)","perception","P\u00e9trarque","plaisir","po\u00e8me g\u00e9n\u00e9thliaque","po\u00e9sie","po\u00e9tique","Po\u00e9tique (Aristote)","Pontano (Giovanni)","portrait","Raban Maur","r\u00e8gle des trois unit\u00e9s","rh\u00e9torique","Roubaud (Jacques)","Sannazaro (Jacopo)","Scaliger (Jules-C\u00e9sar)","scolastique","Strada (Famiano)","utilit\u00e9","vers","Virgile"],"articleSection":["Congr\u00e8s"],"inLanguage":"fr-FR","potentialAction":[{"@type":"CommentAction","name":"Comment","target":["https:\/\/www.semen-l.org\/?p=118#respond"]}]},{"@type":"WebPage","@id":"https:\/\/www.semen-l.org\/?p=118","url":"https:\/\/www.semen-l.org\/?p=118","name":"IIIe congr\u00e8s de la SEMEN-L (Bordeaux, 11-13 oct 2012) : programme - Soci\u00e9t\u00e9 d&#039;\u00c9tudes M\u00e9dio Et N\u00e9o-Latines","isPartOf":{"@id":"http:\/\/www.semen-l.org\/#website"},"primaryImageOfPage":{"@id":"https:\/\/www.semen-l.org\/?p=118#primaryimage"},"image":{"@id":"https:\/\/www.semen-l.org\/?p=118#primaryimage"},"thumbnailUrl":"http:\/\/www.semen-l.org\/wp-content\/uploads\/2012\/10\/colloque-bordeaux-rhet-mini.jpg","datePublished":"2012-10-01T09:52:46+00:00","dateModified":"2020-11-25T14:47:48+00:00","breadcrumb":{"@id":"https:\/\/www.semen-l.org\/?p=118#breadcrumb"},"inLanguage":"fr-FR","potentialAction":[{"@type":"ReadAction","target":["https:\/\/www.semen-l.org\/?p=118"]}]},{"@type":"ImageObject","inLanguage":"fr-FR","@id":"https:\/\/www.semen-l.org\/?p=118#primaryimage","url":"http:\/\/www.semen-l.org\/wp-content\/uploads\/2012\/10\/colloque-bordeaux-rhet-mini.jpg","contentUrl":"http:\/\/www.semen-l.org\/wp-content\/uploads\/2012\/10\/colloque-bordeaux-rhet-mini.jpg","width":200,"height":200},{"@type":"BreadcrumbList","@id":"https:\/\/www.semen-l.org\/?p=118#breadcrumb","itemListElement":[{"@type":"ListItem","position":1,"name":"Accueil","item":"http:\/\/www.semen-l.org\/"},{"@type":"ListItem","position":2,"name":"IIIe congr\u00e8s de la SEMEN-L (Bordeaux, 11-13 oct 2012) : programme"}]},{"@type":"WebSite","@id":"http:\/\/www.semen-l.org\/#website","url":"http:\/\/www.semen-l.org\/","name":"Soci\u00e9t\u00e9 d'\u00c9tudes M\u00e9dio Et N\u00e9o-Latines","description":"","publisher":{"@id":"http:\/\/www.semen-l.org\/#organization"},"potentialAction":[{"@type":"SearchAction","target":{"@type":"EntryPoint","urlTemplate":"http:\/\/www.semen-l.org\/?s={search_term_string}"},"query-input":{"@type":"PropertyValueSpecification","valueRequired":true,"valueName":"search_term_string"}}],"inLanguage":"fr-FR"},{"@type":"Organization","@id":"http:\/\/www.semen-l.org\/#organization","name":"Soci\u00e9t\u00e9 d'\u00e9tudes m\u00e9dio et n\u00e9o-latines","url":"http:\/\/www.semen-l.org\/","logo":{"@type":"ImageObject","inLanguage":"fr-FR","@id":"http:\/\/www.semen-l.org\/#\/schema\/logo\/image\/","url":"http:\/\/www.semen-l.org\/wp-content\/uploads\/2020\/11\/logo-semenl.jpg","contentUrl":"http:\/\/www.semen-l.org\/wp-content\/uploads\/2020\/11\/logo-semenl.jpg","width":408,"height":403,"caption":"Soci\u00e9t\u00e9 d'\u00e9tudes m\u00e9dio et n\u00e9o-latines"},"image":{"@id":"http:\/\/www.semen-l.org\/#\/schema\/logo\/image\/"},"sameAs":["https:\/\/www.facebook.com\/SEMENL2018","https:\/\/independent.academia.edu\/SocitsdtudesmdioetnolatinesSEMENL"]},{"@type":"Person","@id":"http:\/\/www.semen-l.org\/#\/schema\/person\/f07857ec23cd1f579d7229608b71ed30","name":"admin","image":{"@type":"ImageObject","inLanguage":"fr-FR","@id":"https:\/\/secure.gravatar.com\/avatar\/42d1679488c3d3f6ff457e953028323d9a995de91928859a7ade870f1f0f5c44?s=96&d=mm&r=g","url":"https:\/\/secure.gravatar.com\/avatar\/42d1679488c3d3f6ff457e953028323d9a995de91928859a7ade870f1f0f5c44?s=96&d=mm&r=g","contentUrl":"https:\/\/secure.gravatar.com\/avatar\/42d1679488c3d3f6ff457e953028323d9a995de91928859a7ade870f1f0f5c44?s=96&d=mm&r=g","caption":"admin"},"url":"http:\/\/www.semen-l.org\/?author=1"}]}},"jetpack_featured_media_url":"http:\/\/www.semen-l.org\/wp-content\/uploads\/2012\/10\/colloque-bordeaux-rhet-mini.jpg","_links":{"self":[{"href":"http:\/\/www.semen-l.org\/index.php?rest_route=\/wp\/v2\/posts\/118","targetHints":{"allow":["GET"]}}],"collection":[{"href":"http:\/\/www.semen-l.org\/index.php?rest_route=\/wp\/v2\/posts"}],"about":[{"href":"http:\/\/www.semen-l.org\/index.php?rest_route=\/wp\/v2\/types\/post"}],"author":[{"embeddable":true,"href":"http:\/\/www.semen-l.org\/index.php?rest_route=\/wp\/v2\/users\/1"}],"replies":[{"embeddable":true,"href":"http:\/\/www.semen-l.org\/index.php?rest_route=%2Fwp%2Fv2%2Fcomments&post=118"}],"version-history":[{"count":0,"href":"http:\/\/www.semen-l.org\/index.php?rest_route=\/wp\/v2\/posts\/118\/revisions"}],"wp:featuredmedia":[{"embeddable":true,"href":"http:\/\/www.semen-l.org\/index.php?rest_route=\/wp\/v2\/media\/986"}],"wp:attachment":[{"href":"http:\/\/www.semen-l.org\/index.php?rest_route=%2Fwp%2Fv2%2Fmedia&parent=118"}],"wp:term":[{"taxonomy":"category","embeddable":true,"href":"http:\/\/www.semen-l.org\/index.php?rest_route=%2Fwp%2Fv2%2Fcategories&post=118"},{"taxonomy":"post_tag","embeddable":true,"href":"http:\/\/www.semen-l.org\/index.php?rest_route=%2Fwp%2Fv2%2Ftags&post=118"}],"curies":[{"name":"wp","href":"https:\/\/api.w.org\/{rel}","templated":true}]}}