{"id":3744,"global_id":"www.semen-l.org?id=3744","global_id_lineage":["www.semen-l.org?id=3744"],"author":"26","status":"publish","date":"2025-01-03 11:13:25","date_utc":"2025-01-03 11:13:25","modified":"2025-01-03 11:13:25","modified_utc":"2025-01-03 11:13:25","url":"http:\/\/www.semen-l.org\/?tribe_events=assemblee-generale-de-la-semen-l-au-musee-de-cluny","rest_url":"http:\/\/www.semen-l.org\/index.php?rest_route=\/tribe\/events\/v1\/events\/3744","title":"Assembl\u00e9e g\u00e9n\u00e9rale de la SEMEN-L au mus\u00e9e de Cluny.","description":"<p>L&rsquo;Assembl\u00e9e g\u00e9n\u00e9rale de la SEMEN-L se tiendra le samedi 18 janvier 2025 au mus\u00e9e de Cluny.<\/p>","excerpt":"","slug":"assemblee-generale-de-la-semen-l-au-musee-de-cluny","image":false,"all_day":true,"start_date":"2025-01-18 00:00:00","start_date_details":{"year":"2025","month":"01","day":"18","hour":"00","minutes":"00","seconds":"00"},"end_date":"2025-01-18 23:59:59","end_date_details":{"year":"2025","month":"01","day":"18","hour":"23","minutes":"59","seconds":"59"},"utc_start_date":"2025-01-18 00:00:00","utc_start_date_details":{"year":"2025","month":"01","day":"18","hour":"00","minutes":"00","seconds":"00"},"utc_end_date":"2025-01-18 23:59:59","utc_end_date_details":{"year":"2025","month":"01","day":"18","hour":"23","minutes":"59","seconds":"59"},"timezone":"UTC+0","timezone_abbr":"UTC+0","cost":"","cost_details":{"currency_symbol":"\u20ac","currency_code":"EUR","currency_position":"prefix","values":[]},"website":"","show_map":true,"show_map_link":true,"hide_from_listings":false,"sticky":false,"featured":false,"categories":[{"name":"Assembl\u00e9e g\u00e9n\u00e9rale","slug":"assemblee-generale","term_group":0,"term_taxonomy_id":1676,"taxonomy":"tribe_events_cat","description":"","parent":0,"count":8,"filter":"raw","id":1676,"urls":{"self":"http:\/\/www.semen-l.org\/index.php?rest_route=\/tribe\/events\/v1\/categories\/1676","collection":"http:\/\/www.semen-l.org\/index.php?rest_route=\/tribe\/events\/v1\/categories"}}],"tags":[],"venue":{"id":3745,"author":"26","status":"publish","date":"2025-01-03 11:13:25","date_utc":"2025-01-03 11:13:25","modified":"2025-01-03 11:13:25","modified_utc":"2025-01-03 11:13:25","url":"http:\/\/www.semen-l.org\/?tribe_venue=musee-de-cluny","venue":"Mus\u00e9e de Cluny","slug":"musee-de-cluny","address":"28 Rue du Sommerard","city":"Paris","country":"France","zip":"75005","json_ld":{"@type":"Place","name":"Mus\u00e9e de Cluny","description":"","url":"","address":{"@type":"PostalAddress","streetAddress":"28 Rue du Sommerard","addressLocality":"Paris","postalCode":"75005","addressCountry":"France"},"telephone":"","sameAs":""},"show_map":false,"show_map_link":false,"global_id":"www.semen-l.org?id=3745","global_id_lineage":["www.semen-l.org?id=3745"]},"organizer":[{"id":2357,"author":"26","status":"publish","date":"2022-12-15 21:44:36","date_utc":"2022-12-15 21:44:36","modified":"2022-12-15 21:44:36","modified_utc":"2022-12-15 21:44:36","url":"http:\/\/www.semen-l.org\/?tribe_organizer=semen-l","organizer":"SEMEN-L","slug":"semen-l","json_ld":{"@type":"Person","name":"SEMEN-L","description":"","url":"","telephone":"","email":"","sameAs":""},"global_id":"www.semen-l.org?id=2357","global_id_lineage":["www.semen-l.org?id=2357"]}],"custom_fields":[],"json_ld":{"@context":"http:\/\/schema.org","@type":"Event","name":"Assembl\u00e9e g\u00e9n\u00e9rale de la SEMEN-L au mus\u00e9e de Cluny.","description":"&lt;p&gt;L\\'Assembl\u00e9e g\u00e9n\u00e9rale de la SEMEN-L se tiendra le samedi 18 janvier 2025 au mus\u00e9e de Cluny.&lt;\/p&gt;\\n","url":"http:\/\/www.semen-l.org\/?tribe_events=assemblee-generale-de-la-semen-l-au-musee-de-cluny","eventAttendanceMode":"https:\/\/schema.org\/OfflineEventAttendanceMode","eventStatus":"https:\/\/schema.org\/EventScheduled","startDate":"2025-01-18T00:00:00+00:00","endDate":"2025-01-18T23:59:59+00:00","location":{"@type":"Place","name":"Mus\u00e9e de Cluny","description":"","url":"","address":{"@type":"PostalAddress","streetAddress":"28 Rue du Sommerard","addressLocality":"Paris","postalCode":"75005","addressCountry":"France"},"telephone":"","sameAs":""},"organizer":{"@type":"Person","name":"SEMEN-L","description":"","url":"","telephone":"","email":"","sameAs":""},"performer":"Organization"}}