{"id":3552,"global_id":"www.semen-l.org?id=3552","global_id_lineage":["www.semen-l.org?id=3552"],"author":"26","status":"publish","date":"2024-11-05 22:42:04","date_utc":"2024-11-05 22:42:04","modified":"2024-11-07 22:51:04","modified_utc":"2024-11-07 22:51:04","url":"http:\/\/www.semen-l.org\/?tribe_events=leurope-en-desastre-visage-calamites-desastres-et-catastrophes-a-la-renaissance","rest_url":"http:\/\/www.semen-l.org\/index.php?rest_route=\/tribe\/events\/v1\/events\/3552","title":"L\u2019Europe \u00ab en d\u00e9sastr\u00e9 visage \u00bb ? Calamit\u00e9s, d\u00e9sastres et catastrophes \u00e0 la Renaissance","description":"<a href=\"http:\/\/www.semen-l.org\/wp-content\/uploads\/2024\/11\/ProgrammeEuropeDesastreVisage181024.pdf\" class=\"pdfemb-viewer\" style=\"\" data-width=\"max\" data-height=\"max\" data-toolbar=\"both\" data-toolbar-fixed=\"off\">ProgrammeEuropeDesastreVisage181024<\/a>\n<p>L\u2019Europe \u00ab en d\u00e9sastr\u00e9 visage \u00bb ? Calamit\u00e9s, d\u00e9sastres et catastrophes \u00e0 la Renaissance<\/p>\n<p>7 NOVEMBRE 2024 | 9h-17h30<\/p>\n<p>8 NOVEMBRE 2024 | 9H-18H<\/p>\n<p>Sorbonne, salle des Actes<\/p>\n<p><strong>C O L L O Q U E<\/strong><\/p>\n<p>Organisation<\/p>\n<p>Julien Goeury, professeur (Litt\u00e9rature fran\u00e7aise)<\/p>\n<p>Nicolas Le Roux, professeur (Histoire)<\/p>\n<p>Emmanuel Lurin, ma\u00eetre de conf\u00e9rences (Histoire de l\u2019art)<\/p>\n<p>*<\/p>\n<h2>JEUDI 7 NOVEMBRE 2024<\/h2>\n<p><strong>\u00a0<\/strong>Ouverture<\/p>\n<p>par la Doyenne B\u00e9atrice Perez<\/p>\n<h2>9h00\u00a0\u00a0\u00a0\u00a0\u00a0\u00a0\u00a0\u00a0\u00a0\u00a0\u00a0\u00a0\u00a0 Accueil des participants 9h15\u00a0\u00a0\u00a0\u00a0\u00a0\u00a0\u00a0\u00a0\u00a0\u00a0\u00a0 Introduction<\/h2>\n<p>Julien Goeury (CELLF), Nicolas Le Roux (CRM\/IRCOM) et Emmanuel Lurin (Centre Andr\u00e9 Chastel)<\/p>\n<h2>SESSION 1 | Des maux ordinaires aux fins ultimes, la mort comme horizon<\/h2>\n<p><strong>9h30\u00a0\u00a0\u00a0\u00a0\u00a0\u00a0\u00a0\u00a0\u00a0\u00a0\u00a0\u00a0\u00a0 <\/strong>Alicia Viaud (Universit\u00e9 de Montr\u00e9al)<\/p>\n<p>\u201cTrois fl\u00e9aux ordinaires\u201d : guerre, \u201cchert\u00e9\u201d et \u201cpestilence\u201d sous la plume d\u2019Achille Gamon<\/p>\n<p><strong>10h00\u00a0\u00a0\u00a0\u00a0\u00a0\u00a0\u00a0\u00a0\u00a0\u00a0\u00a0 <\/strong>St\u00e9phane Gal (Universit\u00e9 Grenoble Alpes, LARHRA)<\/p>\n<p>Traverser les Alpes : une catastrophe ?<\/p>\n<h2>10h30\u00a0\u00a0\u00a0\u00a0\u00a0\u00a0\u00a0\u00a0\u00a0\u00a0\u00a0 Pause<\/h2>\n<p><strong>11h00\u00a0\u00a0\u00a0\u00a0\u00a0\u00a0\u00a0\u00a0\u00a0\u00a0\u00a0 <\/strong>Sophia Buehrer (New York University)<\/p>\n<p>\u201cPlus tost mourir que de vivre\u201d : l\u2019oc\u00e9an et la peur de l\u2019effacement dans l\u2019<em>Histoire d\u2019un voyage faict en la terre du Br\u00e9sil<\/em><\/p>\n<p><strong>11h30\u00a0\u00a0\u00a0\u00a0\u00a0\u00a0\u00a0\u00a0\u00a0\u00a0\u00a0 <\/strong>Louis-Patrick Bergot (Universit\u00e9 de Strasbourg)<\/p>\n<p>Eschatologie des catastrophes extr\u00eames \u00e0 la Renaissance<\/p>\n<h2>12h00\u00a0\u00a0\u00a0\u00a0\u00a0\u00a0\u00a0\u00a0\u00a0\u00a0\u00a0 Discussion<\/h2>\n<p><strong>12h30\u00a0\u00a0\u00a0\u00a0\u00a0\u00a0\u00a0\u00a0\u00a0\u00a0\u00a0 D\u00e9jeuner<\/strong><\/p>\n<h2><strong>\u00a0<\/strong>SESSION 2 | D\u00e9r\u00e8glements du monde : les calamit\u00e9s naturelles et leur interpr\u00e9tation<\/h2>\n<p><strong>14h30\u00a0\u00a0\u00a0\u00a0\u00a0\u00a0\u00a0\u00a0\u00a0\u00a0\u00a0 <\/strong>H\u00e9l\u00e8ne Casanova-Robin (Sorbonne Universit\u00e9, Litt\u00e9rature latine)<\/p>\n<p>Les s\u00e9ismes en Campanie : quelques t\u00e9moignages litt\u00e9raires des humanistes du Quattrocento (de G. Manetti \u00e0 G. Pontano)<\/p>\n<p><strong>15h00\u00a0\u00a0\u00a0\u00a0\u00a0\u00a0\u00a0\u00a0\u00a0\u00a0\u00a0 <\/strong>Anne Lemerre-Louerat (Sorbonne Universit\u00e9, CELLF)<\/p>\n<p>Quand la terre tremble : dire le s\u00e9isme, de Jean-Antoine de Ba\u00eff \u00e0 Sc\u00e9vole de Sainte-Marthe<\/p>\n<p><strong>15h30\u00a0\u00a0\u00a0\u00a0\u00a0\u00a0\u00a0\u00a0\u00a0\u00a0\u00a0 <\/strong>Florian M\u00e9tral (Sorbonne Universit\u00e9, Centre Chastel)<\/p>\n<p>La preuve par l&rsquo;image. Des catastrophes c\u00e9lestes dans les tracts de la Renaissance<\/p>\n<h2>16h00\u00a0\u00a0\u00a0\u00a0\u00a0\u00a0\u00a0\u00a0\u00a0\u00a0\u00a0 Pause<\/h2>\n<p><strong>16h30\u00a0\u00a0\u00a0\u00a0\u00a0\u00a0\u00a0\u00a0\u00a0\u00a0\u00a0 <\/strong>Pauline Goul (Universit\u00e9 de Chicago) et J\u00e9r\u00e9mie Foa (Aix-Marseille Universit\u00e9)<\/p>\n<p>\u201cUne grande froydure\u201d : penser le d\u00e9r\u00e8glement climatique entre histoire et fiction<\/p>\n<p><strong>17h00\u00a0\u00a0\u00a0\u00a0\u00a0\u00a0\u00a0\u00a0\u00a0\u00a0\u00a0 <\/strong>Elisabeth Rothmund (Sorbonne Universit\u00e9, REIGENN)<\/p>\n<p>L&rsquo;\u00e9ruption du V\u00e9suve (1631) au prisme de la guerre de Trente Ans &#8211; <em>Vesuvius. Poema Germanicum <\/em>de Martin Opitz (1633)<\/p>\n<p><strong>17h30\u00a0\u00a0\u00a0\u00a0\u00a0\u00a0\u00a0\u00a0\u00a0\u00a0\u00a0 Discussion<\/strong><\/p>\n<p>*<\/p>\n<h2>VENDREDI 8 NOVEMBRE 2024<strong>\u00a0<\/strong><\/h2>\n<h2>SESSION 3 | Drames politiques et catastrophes en histoire<\/h2>\n<p><strong>9h00\u00a0\u00a0\u00a0\u00a0\u00a0\u00a0\u00a0\u00a0\u00a0\u00a0\u00a0\u00a0\u00a0 <\/strong>Pamela Mauffrais (Sorbonne Universit\u00e9, Rome et ses renaissances)<\/p>\n<p>La mise en sc\u00e8ne d\u2019une catastrophe : la mort d\u2019Isotta degli Atti, ma\u00eetresse de Sigismond Malatesta, dans l\u2019<em>Isottaeus liber <\/em>de Basinio de Parme<\/p>\n<p><strong>9h30\u00a0\u00a0\u00a0\u00a0\u00a0\u00a0\u00a0\u00a0\u00a0\u00a0\u00a0\u00a0\u00a0 <\/strong>Emilie S\u00e9ris (Sorbonne Universit\u00e9, Rome et ses renaissances)<\/p>\n<p>Le fl\u00e9au de la guerre civile. R\u00e9cits de conjuration au Quattrocento<\/p>\n<h2>10h00\u00a0\u00a0\u00a0\u00a0\u00a0\u00a0\u00a0\u00a0\u00a0\u00a0\u00a0 Pause<\/h2>\n<p><strong>10h30\u00a0\u00a0\u00a0\u00a0\u00a0\u00a0\u00a0\u00a0\u00a0\u00a0\u00a0 <\/strong>Matteo Gianeselli (Mus\u00e9e national de la Renaissance, ch\u00e2teau d\u2019Ecouen) Repr\u00e9senter \u201cles sanglantes &amp; plus qu\u2019inhumaines executions\u2026\u201d. Calamit\u00e9s, d\u00e9sastres et catastrophes chez Antoine Caron<\/p>\n<p><strong>11h00\u00a0\u00a0\u00a0\u00a0\u00a0\u00a0\u00a0\u00a0\u00a0\u00a0\u00a0 <\/strong>Marie-Catherine Souleyreau (Sorbonne Universit\u00e9, IRCOM\/Centre Roland Mousnier)<\/p>\n<p>Le d\u00e9sastre dans la correspondance du cardinal de Richelieu : approche pluridisciplinaire pour l\u2019espace lorrain et l\u2019espace lotharingien<\/p>\n<h2>11h30\u00a0\u00a0\u00a0\u00a0\u00a0\u00a0\u00a0\u00a0\u00a0\u00a0\u00a0 Discussion<\/h2>\n<p><strong>12h00\u00a0\u00a0\u00a0\u00a0\u00a0\u00a0\u00a0\u00a0\u00a0\u00a0\u00a0 D\u00e9jeuner<\/strong><\/p>\n<h2><strong>\u00a0<\/strong>SESSION 4 | Le fl\u00e9au des guerres<\/h2>\n<p><strong>13h30\u00a0\u00a0\u00a0\u00a0\u00a0\u00a0\u00a0\u00a0\u00a0\u00a0\u00a0 <\/strong>Pauline Lafille (Universit\u00e9 de Limoges)<\/p>\n<p>La galerie de Pharsale du ch\u00e2teau d&rsquo;Ancy-le-Franc : une guerre catastrophique ?<\/p>\n<p><strong>14h00\u00a0\u00a0\u00a0\u00a0\u00a0\u00a0\u00a0\u00a0\u00a0\u00a0\u00a0 <\/strong>Kathleen Long (Cornell University)<\/p>\n<p>Les Paysans face \u00e0 l\u2019Apocalypse : la souverainet\u00e9, la souffrance et le souci des autres dans la litt\u00e9rature des guerres de religion<\/p>\n<p><strong>14h30\u00a0\u00a0\u00a0\u00a0\u00a0\u00a0\u00a0\u00a0\u00a0\u00a0\u00a0 <\/strong>Xavier Le Person (Sorbonne Universit\u00e9, Centre Roland Mousnier)<\/p>\n<p>L\u2019Ann\u00e9e de Corbie (1636)<\/p>\n<h2>15h00\u00a0\u00a0\u00a0\u00a0\u00a0\u00a0\u00a0\u00a0\u00a0\u00a0\u00a0 Discussion<\/h2>\n<p>SESSION 5 | Anticiper, administrer, surmonter collectivement les d\u00e9sastres<\/p>\n<p><strong>15h30\u00a0\u00a0\u00a0\u00a0\u00a0\u00a0\u00a0\u00a0\u00a0\u00a0\u00a0 <\/strong>Marie Bouha\u00efk-Giron\u00e8s (CNRS \/ EHESS)<\/p>\n<p>Le myst\u00e8re comme r\u00e9ponse \u00e0 la catastrophe sanitaire ou climatique<\/p>\n<h2>16h00\u00a0\u00a0\u00a0\u00a0\u00a0\u00a0\u00a0\u00a0\u00a0\u00a0\u00a0 Pause<\/h2>\n<p><strong>16h30\u00a0\u00a0\u00a0\u00a0\u00a0\u00a0\u00a0\u00a0 \u00a0<\/strong>Aur\u00e9lien Roulet (Universit\u00e9 Sorbonne Paris Nord)<\/p>\n<p>De la catastrophe \u00e0 l\u2019action politique, les autorit\u00e9s municipales face \u00e0 leur environnement<\/p>\n<p><strong>17h00\u00a0\u00a0\u00a0\u00a0\u00a0\u00a0\u00a0 \u00a0<\/strong>V\u00e9ronique Montagne (Universit\u00e9 C\u00f4te d\u2019Azur, CNRS BCL)<\/p>\n<p>R\u00e9glementer et l\u00e9gif\u00e9rer sur la peste \u00e0 la Renaissance : notes sur quelques discours prescriptifs des ann\u00e9es 1560-1580<\/p>\n<p><strong>17h30\u00a0\u00a0\u00a0\u00a0\u00a0\u00a0\u00a0\u00a0\u00a0\u00a0\u00a0 <\/strong>Renaud Malavialle (Sorbonne Universit\u00e9, Institut Hispanique)<\/p>\n<p>La catastrophe en temps d&rsquo;incertitudes : diagnostics et rem\u00e8des ? Quelques r\u00e9flexions d&rsquo;humanistes et chroniqueurs de la Monarchie hispanique (XVI<sup>e<\/sup> et d\u00e9but du XVII<sup>e<\/sup> si\u00e8cle).<\/p>\n<h2>18h00\u00a0\u00a0\u00a0\u00a0\u00a0\u00a0\u00a0\u00a0\u00a0\u00a0\u00a0 Discussion<\/h2>","excerpt":"","slug":"leurope-en-desastre-visage-calamites-desastres-et-catastrophes-a-la-renaissance","image":{"url":"http:\/\/www.semen-l.org\/wp-content\/uploads\/2024\/11\/colloque-desastre-visage-eur.jpg","id":3550,"extension":"jpg","width":555,"height":792,"filesize":209450,"sizes":{"medium":{"width":210,"height":300,"mime-type":"image\/jpeg","filesize":20696,"url":"http:\/\/www.semen-l.org\/wp-content\/uploads\/2024\/11\/colloque-desastre-visage-eur-210x300.jpg"},"thumbnail":{"width":150,"height":150,"mime-type":"image\/jpeg","filesize":8371,"url":"http:\/\/www.semen-l.org\/wp-content\/uploads\/2024\/11\/colloque-desastre-visage-eur-150x150.jpg"},"twentyeleven-thumbnail-feature":{"width":140,"height":200,"mime-type":"image\/jpeg","filesize":9534,"url":"http:\/\/www.semen-l.org\/wp-content\/uploads\/2024\/11\/colloque-desastre-visage-eur-140x200.jpg"},"excerpt-thumbnail":{"width":140,"height":140,"mime-type":"image\/jpeg","filesize":7246,"url":"http:\/\/www.semen-l.org\/wp-content\/uploads\/2024\/11\/colloque-desastre-visage-eur-140x140.jpg"},"post-thumbnail":{"width":555,"height":288,"mime-type":"image\/jpeg","filesize":54231,"url":"http:\/\/www.semen-l.org\/wp-content\/uploads\/2024\/11\/colloque-desastre-visage-eur-555x288.jpg"},"large-feature":{"width":555,"height":288,"mime-type":"image\/jpeg","filesize":54231,"url":"http:\/\/www.semen-l.org\/wp-content\/uploads\/2024\/11\/colloque-desastre-visage-eur-555x288.jpg"},"small-feature":{"width":210,"height":300,"mime-type":"image\/jpeg","filesize":20696,"url":"http:\/\/www.semen-l.org\/wp-content\/uploads\/2024\/11\/colloque-desastre-visage-eur-210x300.jpg"},"sow-carousel-default":{"width":272,"height":182,"mime-type":"image\/jpeg","filesize":18904,"url":"http:\/\/www.semen-l.org\/wp-content\/uploads\/2024\/11\/colloque-desastre-visage-eur-272x182.jpg"}}},"all_day":true,"start_date":"2024-11-07 00:00:00","start_date_details":{"year":"2024","month":"11","day":"07","hour":"00","minutes":"00","seconds":"00"},"end_date":"2024-11-08 23:59:59","end_date_details":{"year":"2024","month":"11","day":"08","hour":"23","minutes":"59","seconds":"59"},"utc_start_date":"2024-11-07 00:00:00","utc_start_date_details":{"year":"2024","month":"11","day":"07","hour":"00","minutes":"00","seconds":"00"},"utc_end_date":"2024-11-08 23:59:59","utc_end_date_details":{"year":"2024","month":"11","day":"08","hour":"23","minutes":"59","seconds":"59"},"timezone":"UTC+0","timezone_abbr":"UTC+0","cost":"","cost_details":{"currency_symbol":"\u20ac","currency_code":"EUR","currency_position":"prefix","values":[]},"website":"","show_map":true,"show_map_link":true,"hide_from_listings":false,"sticky":false,"featured":false,"categories":[{"name":"Colloque","slug":"colloque","term_group":0,"term_taxonomy_id":1673,"taxonomy":"tribe_events_cat","description":"","parent":0,"count":35,"filter":"raw","id":1673,"urls":{"self":"http:\/\/www.semen-l.org\/index.php?rest_route=\/tribe\/events\/v1\/categories\/1673","collection":"http:\/\/www.semen-l.org\/index.php?rest_route=\/tribe\/events\/v1\/categories"}}],"tags":[],"venue":{"id":3553,"author":"26","status":"publish","date":"2024-11-07 22:51:04","date_utc":"2024-11-07 22:51:04","modified":"2024-11-07 22:51:04","modified_utc":"2024-11-07 22:51:04","url":"http:\/\/www.semen-l.org\/?tribe_venue=salle-des-actes-sorbonne","venue":"Salle des actes (Sorbonne)","slug":"salle-des-actes-sorbonne","address":"Rue Saint-Jacques","city":"Paris","country":"France","zip":"75005","json_ld":{"@type":"Place","name":"Salle des actes (Sorbonne)","description":"","url":"","address":{"@type":"PostalAddress","streetAddress":"Rue Saint-Jacques","addressLocality":"Paris","postalCode":"75005","addressCountry":"France"},"telephone":"","sameAs":""},"show_map":false,"show_map_link":false,"global_id":"www.semen-l.org?id=3553","global_id_lineage":["www.semen-l.org?id=3553"]},"organizer":[{"id":3554,"author":"26","status":"publish","date":"2024-11-07 22:51:04","date_utc":"2024-11-07 22:51:04","modified":"2024-11-07 22:51:04","modified_utc":"2024-11-07 22:51:04","url":"http:\/\/www.semen-l.org\/?tribe_organizer=pole-europe-et-renaissance","organizer":"P\u00f4le Europe et Renaissance","slug":"pole-europe-et-renaissance","json_ld":{"@type":"Person","name":"P\u00f4le Europe et Renaissance","description":"","url":"","telephone":"","email":"","sameAs":""},"global_id":"www.semen-l.org?id=3554","global_id_lineage":["www.semen-l.org?id=3554"]}],"custom_fields":[],"json_ld":{"@context":"http:\/\/schema.org","@type":"Event","name":"L\u2019Europe \u00ab en d\u00e9sastr\u00e9 visage \u00bb ? Calamit\u00e9s, d\u00e9sastres et catastrophes \u00e0 la Renaissance","description":"&lt;p&gt;L\u2019Europe \u00ab en d\u00e9sastr\u00e9 visage \u00bb ? Calamit\u00e9s, d\u00e9sastres et catastrophes \u00e0 la Renaissance 7 NOVEMBRE 2024 | 9h-17h30 8 NOVEMBRE 2024 | 9H-18H Sorbonne, salle des Actes C O L L O Q U E Organisation Julien Goeury, professeur &hellip; &lt;a href=&quot;http:\/\/www.semen-l.org\/?tribe_events=leurope-en-desastre-visage-calamites-desastres-et-catastrophes-a-la-renaissance&quot;&gt;Continuer la lecture &lt;span class=&quot;meta-nav&quot;&gt;&rarr;&lt;\/span&gt;&lt;\/a&gt;&lt;\/p&gt;\\n","image":"http:\/\/www.semen-l.org\/wp-content\/uploads\/2024\/11\/colloque-desastre-visage-eur.jpg","url":"http:\/\/www.semen-l.org\/?tribe_events=leurope-en-desastre-visage-calamites-desastres-et-catastrophes-a-la-renaissance","eventAttendanceMode":"https:\/\/schema.org\/OfflineEventAttendanceMode","eventStatus":"https:\/\/schema.org\/EventScheduled","startDate":"2024-11-07T00:00:00+00:00","endDate":"2024-11-08T23:59:59+00:00","location":{"@type":"Place","name":"Salle des actes (Sorbonne)","description":"","url":"","address":{"@type":"PostalAddress","streetAddress":"Rue Saint-Jacques","addressLocality":"Paris","postalCode":"75005","addressCountry":"France"},"telephone":"","sameAs":""},"organizer":{"@type":"Person","name":"P\u00f4le Europe et Renaissance","description":"","url":"","telephone":"","email":"","sameAs":""},"performer":"Organization"}}