{"id":2881,"global_id":"www.semen-l.org?id=2881","global_id_lineage":["www.semen-l.org?id=2881"],"author":"26","status":"publish","date":"2024-01-05 16:03:32","date_utc":"2024-01-05 16:03:32","modified":"2024-01-05 16:09:38","modified_utc":"2024-01-05 16:09:38","url":"http:\/\/www.semen-l.org\/?tribe_events=vies-paralleles-des-classiques-et-des-peres-latins-au-moyen-age","rest_url":"http:\/\/www.semen-l.org\/index.php?rest_route=\/tribe\/events\/v1\/events\/2881","title":"\u00ab Vies parall\u00e8les \u00bb des Classiques et des P\u00e8res latins au Moyen \u00c2ge","description":"<p>31 janvier au 2 f\u00e9vrier et 19 21 juin 2024, 9h 18h, Aubervilliers (Campus Condorcet) et univ. catholique de Milan : \u00ab Vies parall\u00e8les \u00bb des Classiques et des P \u00e8res latins au Moyen \u00c2ge, org. J. Delmulle (IRHT), S. Franzoni (Sorbonne Universit\u00e9) et E. Lonati (EHESS)<\/p>\n<p>Pour plus d&rsquo;informations :\u00a0<a href=\"https:\/\/www.irht.cnrs.fr\/fr\/agenda\/colloque\/vies-paralleles-des-classiques-et-des-peres-latins-au-moyen-age\">https:\/\/www.irht.cnrs.fr\/fr\/agenda\/colloque\/vies-paralleles-des-classiques-et-des-peres-latins-au-moyen-age<\/a><\/p>\n<blockquote>\n<div class=\"events-equipe\">\n<div>\n<div class=\"field field--name-field-organisateurs-irht field--type-entity-reference field--label-inline clearfix\">\n<div class=\"field__label\">ORGANISATEURS IRHT<\/div>\n<div class=\"field__items\">\n<div class=\"field__item\"><a href=\"https:\/\/www.irht.cnrs.fr\/fr\/annuaire\/delmulle-jeremy\" hreflang=\"fr\">J\u00e9r\u00e9my Delmulle<\/a><\/div>\n<\/div>\n<\/div>\n<div class=\"field field--name-field-autres-organisateurs field--type-string field--label-above\">\n<div class=\"field__label\">AUTRES ORGANISATEURS<\/div>\n<div class=\"field__items\">\n<div class=\"field__item\">Silverio Franzoni (Sorbonne Universit\u00e9)<\/div>\n<div class=\"field__item\">Elisa Lonati (EHESS-Hastec)<\/div>\n<div class=\"field__item\">Laetitia Ciccolini (Sorbonne Universit\u00e9, LEM)<\/div>\n<\/div>\n<\/div>\n<\/div>\n<\/div>\n<section class=\"node__content\">\n<div class=\"article__content\">\n<div class=\"clearfix text-formatted field field--name-field-descriptif-evenement field--type-text-with-summary field--label-visually_hidden\">\n<div class=\"field__label visually-hidden\">Descriptif<\/div>\n<div class=\"field__item\">\n<p>Le colloque\u00a0<strong>\u201cVies parall\u00e8les\u201d des Classiques et des P\u00e8res latins au Moyen \u00c2ge<\/strong>\u00a0est organis\u00e9 du\u00a0<strong>mercredi 31 janvier au vendredi 2 f\u00e9vrier 2024<\/strong>\u00a0au campus Condorcet.<\/p>\n<p>Son objectif est de faire dialoguer entre eux deux domaines d\u2019\u00e9tude qui, quoique tr\u00e8s proches, ont tendance \u00e0 \u00eatre trait\u00e9s s\u00e9par\u00e9ment et herm\u00e9tiquement dans la bibliographie :<strong>\u00a0la transmission et la r\u00e9ception des textes classiques et celles des textes patristiques<\/strong>. L\u2019id\u00e9e au fondement des r\u00e9flexions qui seront men\u00e9es est que la distinction entre Classiques et P\u00e8res, si elle est pleinement justifi\u00e9e dans le contexte d\u2019une sp\u00e9cialisation toujours plus grande des \u00e9tudes philologiques, emp\u00eache souvent de mesurer comme on le devrait l\u2019importance r\u00e9elle de l\u2019un et l\u2019autre corpus dans les biblioth\u00e8ques m\u00e9di\u00e9vales et dans les pratiques de lecture, d\u2019enseignement et de composition d\u2019\u0153uvres nouvelles, en minimisant les interactions dont certaines sources attestent l\u2019existence. Confronter, du reste, les m\u00e9thodes et les approches des sp\u00e9cialistes de l\u2019un et l\u2019autre domaines fera \u00e9merger des constantes et des variables qui, jusqu\u2019\u00e0 pr\u00e9sent, n&rsquo;ont pas \u00e9t\u00e9 suffisamment mises en \u00e9vidence.<\/p>\n<h3>PROGRAMME<\/h3>\n<p><strong>Mercredi 31 janvier 2024<\/strong><\/p>\n<ul>\n<li>14h30 \u2013 Accueil et introduction<\/li>\n<li>15h \u2013 Stephen P. Oakley (University of Cambridge), How far does (or should) the study of classical and patristic traditions differ<\/li>\n<\/ul>\n<p>16h Pause<\/p>\n<ul>\n<li>16h15 \u2013 Justin Stover (University of Edinburgh), How and why the Classics survived: a preliminary and unsystematic overview<\/li>\n<li>17h \u2013 Emanuela Colombi (Universit\u00e0 degli Studi di Udine), \u00c9diter un r\u00e9pertoire sur la transmission des textes patristiques : anciens et nouveaux d\u00e9fis<\/li>\n<\/ul>\n<p>17h45 \u2013 Discussion<\/p>\n<ul>\n<li>18h \u2013 Fr\u00e9d\u00e9ric Duplessis (EnS, Lyon), Du bon et du mauvais usage des catalogues modernes, ou comment perdre et retrouver un manuscrit disparu de Juv\u00e9nal<\/li>\n<li>18h45 \u2013 Discussion<\/li>\n<\/ul>\n<p><strong>Jeudi 1<sup>er<\/sup>\u00a0f\u00e9vrier 2024<\/strong><\/p>\n<ul>\n<li>9h \u2013 Matthieu Pignot (Universit\u00e9 de Namur), Sexte philosophe ou Sixte pape et martyr ? La transmission controvers\u00e9e des Sentences de Sextus dans la traduction de Rufin (V<sup>e<\/sup>-XV<sup>e<\/sup>\u00a0si\u00e8cle)<\/li>\n<li>9h45 \u2013 Livia Studer (EPHE), Les libri Catoniani ont-ils exist\u00e9 ?<\/li>\n<\/ul>\n<p>10h30 \u2013 Discussion et pause<\/p>\n<ul>\n<li>11h \u2013 Marina Giani (Universit\u00e0 degli Studi di Milano), Classico o Padre? Il De civitate Dei di Agostino agli occhi dei lettori medievali<\/li>\n<li>11h45 \u2013 Anna Bellettini (Universit\u00e0 Cattolica, Milano), L\u2019Oribasio latino in et\u00e0 carolingia: tradizione manoscritta, glosse e aggiunte<\/li>\n<\/ul>\n<p>12h30 \u2013 Discussion<\/p>\n<ul>\n<li>14h15 \u2013 Marco Petoletti (Universit\u00e0 Cattolica, Milano), \u00abDe Solini scriptis miranda relegi\u00bb. La transmission des Collectanea de Solin et la versification de Thierry (XII<sup>e<\/sup>\u00a0si\u00e8cle) entre tradition classique et patristique<\/li>\n<li>15h \u2013 Silverio Franzoni (Sorbonne Universit\u00e9), R\u00e9colter le bon grain et l\u2019ivraie. Classiques et P\u00e8res dans les floril\u00e8ges m\u00e9di\u00e9vaux<\/li>\n<li>15h45 \u2013 Discussion<\/li>\n<\/ul>\n<p><strong>Vendredi 2 f\u00e9vrier 2024<\/strong><\/p>\n<ul>\n<li>9h \u2013 J\u00e9r\u00e9my Delmulle (IRHT-CNRS), Copier et commenter Virgile et saint Paul. La double activit\u00e9 \u00e9ditoriale de Rahingus de Flavigny (v. 900)<\/li>\n<li>9h45 \u2013 Giandomenico Tripodi (Universit\u00e0 degli Studi di Siena \u2013 EPHE), Une nouvelle vie pour Virgile : l\u2019ex\u00e9g\u00e8se de Giovanni del Virgilio<\/li>\n<\/ul>\n<p>10h30 \u2013 Discussion et pause<\/p>\n<ul>\n<li>11h \u2013 Riccardo Macchioro (Universit\u00e0 degli Studi di Milano), Citare i Classici e i Padri nella Roma di Ottone III: Bruno di Querfurt e il suo prosimetro su Papa Felice<\/li>\n<li>11h45 \u2013 Elisa Lonati (EHESS), Pr\u00eacher avec les Classiques, pr\u00eacher avec les P\u00e8res : histoires exemplaires chez le cistercien H\u00e9linand de Froidmont<\/li>\n<li>12h30 \u2013 Discussion et conclusions<\/li>\n<\/ul>\n<p><strong>Comit\u00e9 scientifique<\/strong>\u00a0: Fran\u00e7ois Bougard (CNRS-IRHT), Emanuela Colombi (Universit\u00e0 degli Studi di Udine), St\u00e9phane Gioanni (Universit\u00e9 Lyon 2, HiSoMA), Rossana E. Guglielmetti (Universit\u00e0 degli Studi di Milano), Gert Partoens (KU Leuven), Marco Petoletti (Universit\u00e0 Cattolica, Milano), Anne-Marie Turcan-Verkerk (EPHE-PSL, AOROC)<\/p>\n<\/div>\n<\/div>\n<\/div>\n<\/section>\n<section>\n<h2>INFORMATIONS PRATIQUES<\/h2>\n<div class=\"article__content\"><strong>Type d&rsquo;\u00e9v\u00e9nement:\u00a0<\/strong><a href=\"https:\/\/www.irht.cnrs.fr\/fr\/agenda\/colloque\" hreflang=\"fr\">Colloque<\/a><\/p>\n<div class=\"field field--name-field-conditions-d-acces field--type-list-string field--label-inline clearfix\">\n<div class=\"field__label\">Conditions d&rsquo;acc\u00e8s<\/div>\n<div class=\"field__item\">Libre<\/div>\n<\/div>\n<div class=\"field field--name-field-date-seances field--type-datetime field--label-above\">\n<div class=\"field__label\">Date des s\u00e9ances<\/div>\n<div class=\"field__items\">\n<div class=\"field__item\">31\/01\/2024 &#8211; 14:30<\/div>\n<div class=\"field__item\">01\/02\/2024 &#8211; 09:00<\/div>\n<div class=\"field__item\">02\/02\/2024 &#8211; 09:00<\/div>\n<\/div>\n<\/div>\n<p><strong>Lieu :<\/strong>Campus Condorcet<\/p>\n<\/div>\n<\/section>\n<\/blockquote>","excerpt":"","slug":"vies-paralleles-des-classiques-et-des-peres-latins-au-moyen-age","image":false,"all_day":true,"start_date":"2024-01-31 00:00:00","start_date_details":{"year":"2024","month":"01","day":"31","hour":"00","minutes":"00","seconds":"00"},"end_date":"2024-02-02 23:59:59","end_date_details":{"year":"2024","month":"02","day":"02","hour":"23","minutes":"59","seconds":"59"},"utc_start_date":"2024-01-31 00:00:00","utc_start_date_details":{"year":"2024","month":"01","day":"31","hour":"00","minutes":"00","seconds":"00"},"utc_end_date":"2024-02-02 23:59:59","utc_end_date_details":{"year":"2024","month":"02","day":"02","hour":"23","minutes":"59","seconds":"59"},"timezone":"UTC+0","timezone_abbr":"UTC+0","cost":"","cost_details":{"currency_symbol":"","currency_code":"","currency_position":"prefix","values":[]},"website":"https:\/\/www.irht.cnrs.fr\/fr\/agenda\/colloque\/vies-paralleles-des-classiques-et-des-peres-latins-au-moyen-age","show_map":true,"show_map_link":true,"hide_from_listings":false,"sticky":false,"featured":false,"categories":[{"name":"Colloque","slug":"colloque","term_group":0,"term_taxonomy_id":1673,"taxonomy":"tribe_events_cat","description":"","parent":0,"count":35,"filter":"raw","id":1673,"urls":{"self":"http:\/\/www.semen-l.org\/index.php?rest_route=\/tribe\/events\/v1\/categories\/1673","collection":"http:\/\/www.semen-l.org\/index.php?rest_route=\/tribe\/events\/v1\/categories"}}],"tags":[],"venue":{"id":2200,"author":"26","status":"publish","date":"2022-06-03 22:15:35","date_utc":"2022-06-03 22:15:35","modified":"2022-06-03 22:15:35","modified_utc":"2022-06-03 22:15:35","url":"http:\/\/www.semen-l.org\/?tribe_venue=campus-condorcet","venue":"Campus Condorcet","slug":"campus-condorcet","address":"8, cours des Humanit\u00e9s","city":"Aubervilliers","country":"France","zip":"93322","json_ld":{"@type":"Place","name":"Campus Condorcet","description":"","url":"","address":{"@type":"PostalAddress","streetAddress":"8, cours des Humanit\u00e9s","addressLocality":"Aubervilliers","postalCode":"93322","addressCountry":"France"},"telephone":"","sameAs":""},"show_map":true,"show_map_link":true,"global_id":"www.semen-l.org?id=2200","global_id_lineage":["www.semen-l.org?id=2200"]},"organizer":[{"id":2882,"author":"26","status":"publish","date":"2024-01-05 16:03:32","date_utc":"2024-01-05 16:03:32","modified":"2024-01-05 16:03:32","modified_utc":"2024-01-05 16:03:32","url":"http:\/\/www.semen-l.org\/?tribe_organizer=jeremy-delmulle","organizer":"J\u00e9r\u00e9my Delmulle","slug":"jeremy-delmulle","website":"https:\/\/www.irht.cnrs.fr\/fr\/annuaire\/delmulle-jeremy","email":"jeremy.delmulle@irht.cnrs.fr","json_ld":{"@type":"Person","name":"J\u00e9r\u00e9my Delmulle","description":"","url":"https:\/\/www.irht.cnrs.fr\/fr\/annuaire\/delmulle-jeremy","telephone":"","email":"jer&#101;&#109;y&#46;&#100;elm&#117;lle&#64;ir&#104;&#116;&#46;c&#110;rs.fr","sameAs":"https:\/\/www.irht.cnrs.fr\/fr\/annuaire\/delmulle-jeremy"},"global_id":"www.semen-l.org?id=2882","global_id_lineage":["www.semen-l.org?id=2882"]}],"custom_fields":[],"json_ld":{"@context":"http:\/\/schema.org","@type":"Event","name":"\u00ab Vies parall\u00e8les \u00bb des Classiques et des P\u00e8res latins au Moyen \u00c2ge","description":"&lt;p&gt;31 janvier au 2 f\u00e9vrier et 19 21 juin 2024, 9h 18h, Aubervilliers (Campus Condorcet) et univ. catholique de Milan : \u00ab Vies parall\u00e8les \u00bb des Classiques et des P \u00e8res latins au Moyen \u00c2ge, org. J. Delmulle (IRHT), S. &hellip; &lt;a href=&quot;http:\/\/www.semen-l.org\/?tribe_events=vies-paralleles-des-classiques-et-des-peres-latins-au-moyen-age&quot;&gt;Continuer la lecture &lt;span class=&quot;meta-nav&quot;&gt;&rarr;&lt;\/span&gt;&lt;\/a&gt;&lt;\/p&gt;\\n","url":"http:\/\/www.semen-l.org\/?tribe_events=vies-paralleles-des-classiques-et-des-peres-latins-au-moyen-age","eventAttendanceMode":"https:\/\/schema.org\/OfflineEventAttendanceMode","eventStatus":"https:\/\/schema.org\/EventScheduled","startDate":"2024-01-31T00:00:00+00:00","endDate":"2024-02-02T23:59:59+00:00","location":{"@type":"Place","name":"Campus Condorcet","description":"","url":"","address":{"@type":"PostalAddress","streetAddress":"8, cours des Humanit\u00e9s","addressLocality":"Aubervilliers","postalCode":"93322","addressCountry":"France"},"telephone":"","sameAs":""},"organizer":{"@type":"Person","name":"J\u00e9r\u00e9my Delmulle","description":"","url":"https:\/\/www.irht.cnrs.fr\/fr\/annuaire\/delmulle-jeremy","telephone":"","email":"jer&#101;m&#121;&#46;de&#108;mu&#108;l&#101;&#64;&#105;&#114;h&#116;.c&#110;&#114;s&#46;&#102;r","sameAs":"https:\/\/www.irht.cnrs.fr\/fr\/annuaire\/delmulle-jeremy"},"performer":"Organization"}}