{"id":2835,"global_id":"www.semen-l.org?id=2835","global_id_lineage":["www.semen-l.org?id=2835"],"author":"26","status":"publish","date":"2023-11-07 21:40:01","date_utc":"2023-11-07 21:40:01","modified":"2023-11-07 21:40:01","modified_utc":"2023-11-07 21:40:01","url":"http:\/\/www.semen-l.org\/?tribe_events=entre-logique-economique-et-logiques-scientifiques-etre-editeur-humaniste-au-xxie-siecle","rest_url":"http:\/\/www.semen-l.org\/index.php?rest_route=\/tribe\/events\/v1\/events\/2835","title":"Entre logique \u00e9conomique et logiques scientifiques: \u00eatre \u00e9diteur humaniste au XXIe  si\u00e8cle","description":"<a href=\"http:\/\/www.semen-l.org\/wp-content\/uploads\/2023\/11\/Affiche-8nov-ENC-DEF.pdf\" class=\"pdfemb-viewer\" style=\"\" data-width=\"max\" data-height=\"max\" data-toolbar=\"both\" data-toolbar-fixed=\"off\">Affiche-8nov-ENC-DEF<\/a>\n<p>Mercredi 8 novembre 2023<br \/>\nde 17h \u00e0 18h30<br \/>\nEntre logique \u00e9conomique<br \/>\net logiques scientifiques:<br \/>\n\u00eatre \u00e9diteur humaniste au XXI e<br \/>\nsi\u00e8cle<br \/>\nTable-ronde anim\u00e9e par Sylvie Pittia (Paris1 Panth\u00e9on-Sorbonne),<br \/>\nFran\u00e7ois Ploton-Nicollet (Ecole nationale des Chartes),<br \/>\nMaria Teresa Schettino (Universit\u00e9 de Haute-Alsace), en pr\u00e9sence de<br \/>\nProf. Fabrizio Serra, \u00e9diteur<br \/>\nDott. Giulia Tozzi, responsable \u00e9ditoriale<\/p>\n<p>Salle L\u00e9opold-Delisle de l\u2019Ecole nationale des Chartes<br \/>\n65 rue de Richelieu \u00b7 Paris 2e<br \/>\nEntr\u00e9e libre et gratuite; pr\u00e9inscription obligatoire<br \/>\nhttps:\/\/evento.renater.fr\/survey\/entree-a-l-enc-8-novembre-17h-liste-des-participantsconfirmes-0xhsq0d7<\/p>","excerpt":"","slug":"entre-logique-economique-et-logiques-scientifiques-etre-editeur-humaniste-au-xxie-siecle","image":false,"all_day":false,"start_date":"2023-11-08 17:00:00","start_date_details":{"year":"2023","month":"11","day":"08","hour":"17","minutes":"00","seconds":"00"},"end_date":"2023-11-08 18:30:00","end_date_details":{"year":"2023","month":"11","day":"08","hour":"18","minutes":"30","seconds":"00"},"utc_start_date":"2023-11-08 17:00:00","utc_start_date_details":{"year":"2023","month":"11","day":"08","hour":"17","minutes":"00","seconds":"00"},"utc_end_date":"2023-11-08 18:30:00","utc_end_date_details":{"year":"2023","month":"11","day":"08","hour":"18","minutes":"30","seconds":"00"},"timezone":"UTC+0","timezone_abbr":"UTC+0","cost":"","cost_details":{"currency_symbol":"","currency_code":"","currency_position":"prefix","values":[]},"website":"https:\/\/evento.renater.fr\/survey\/entree-a-l-enc-8-novembre-17h-liste-des-participants-confirmes-0xhsq0d7","show_map":true,"show_map_link":true,"hide_from_listings":false,"sticky":false,"featured":false,"categories":[{"name":"Journ\u00e9e d'\u00e9tudes","slug":"journee-detudes","term_group":0,"term_taxonomy_id":1708,"taxonomy":"tribe_events_cat","description":"","parent":0,"count":15,"filter":"raw","id":1708,"urls":{"self":"http:\/\/www.semen-l.org\/index.php?rest_route=\/tribe\/events\/v1\/categories\/1708","collection":"http:\/\/www.semen-l.org\/index.php?rest_route=\/tribe\/events\/v1\/categories"}}],"tags":[],"venue":{"id":2838,"author":"26","status":"publish","date":"2023-11-07 21:40:02","date_utc":"2023-11-07 21:40:02","modified":"2023-11-07 21:40:02","modified_utc":"2023-11-07 21:40:02","url":"http:\/\/www.semen-l.org\/?tribe_venue=salle-leopold-delisle-de-lecole-nationale-des-chartes","venue":"Salle L\u00e9opold-Delisle de l\u2019Ecole nationale des Chartes","slug":"salle-leopold-delisle-de-lecole-nationale-des-chartes","address":"65 rue de Richelieu","city":"Paris","country":"France","zip":"75002","website":"https:\/\/evento.renater.fr\/survey\/entree-a-l-enc-8-novembre-17h-liste-des-participants-confirmes-0xhsq0d7","json_ld":{"@type":"Place","name":"Salle L\u00e9opold-Delisle de l\u2019Ecole nationale des Chartes","description":"","url":"","address":{"@type":"PostalAddress","streetAddress":"65 rue de Richelieu","addressLocality":"Paris","postalCode":"75002","addressCountry":"France"},"telephone":"","sameAs":"https:\/\/evento.renater.fr\/survey\/entree-a-l-enc-8-novembre-17h-liste-des-participants-confirmes-0xhsq0d7"},"show_map":true,"show_map_link":true,"global_id":"www.semen-l.org?id=2838","global_id_lineage":["www.semen-l.org?id=2838"]},"organizer":[],"custom_fields":[],"json_ld":{"@context":"http:\/\/schema.org","@type":"Event","name":"Entre logique \u00e9conomique et logiques scientifiques: \u00eatre \u00e9diteur humaniste au XXIe  si\u00e8cle","description":"&lt;p&gt;Mercredi 8 novembre 2023 de 17h \u00e0 18h30 Entre logique \u00e9conomique et logiques scientifiques: \u00eatre \u00e9diteur humaniste au XXI e si\u00e8cle Table-ronde anim\u00e9e par Sylvie Pittia (Paris1 Panth\u00e9on-Sorbonne), Fran\u00e7ois Ploton-Nicollet (Ecole nationale des Chartes), Maria Teresa Schettino (Universit\u00e9 de Haute-Alsace), &hellip; &lt;a href=&quot;http:\/\/www.semen-l.org\/?tribe_events=entre-logique-economique-et-logiques-scientifiques-etre-editeur-humaniste-au-xxie-siecle&quot;&gt;Continuer la lecture &lt;span class=&quot;meta-nav&quot;&gt;&rarr;&lt;\/span&gt;&lt;\/a&gt;&lt;\/p&gt;\\n","url":"http:\/\/www.semen-l.org\/?tribe_events=entre-logique-economique-et-logiques-scientifiques-etre-editeur-humaniste-au-xxie-siecle","eventAttendanceMode":"https:\/\/schema.org\/OfflineEventAttendanceMode","eventStatus":"https:\/\/schema.org\/EventScheduled","startDate":"2023-11-08T17:00:00+00:00","endDate":"2023-11-08T18:30:00+00:00","location":{"@type":"Place","name":"Salle L\u00e9opold-Delisle de l\u2019Ecole nationale des Chartes","description":"","url":"","address":{"@type":"PostalAddress","streetAddress":"65 rue de Richelieu","addressLocality":"Paris","postalCode":"75002","addressCountry":"France"},"telephone":"","sameAs":"https:\/\/evento.renater.fr\/survey\/entree-a-l-enc-8-novembre-17h-liste-des-participants-confirmes-0xhsq0d7"},"performer":"Organization"}}