{"id":2829,"global_id":"www.semen-l.org?id=2829","global_id_lineage":["www.semen-l.org?id=2829"],"author":"26","status":"publish","date":"2023-09-28 17:35:08","date_utc":"2023-09-28 17:35:08","modified":"2023-09-28 17:35:42","modified_utc":"2023-09-28 17:35:42","url":"http:\/\/www.semen-l.org\/?tribe_events=portraits-dhommes-et-de-femmes-illustres-de-lantiquite-au-xviie-siecle","rest_url":"http:\/\/www.semen-l.org\/index.php?rest_route=\/tribe\/events\/v1\/events\/2829","title":"Portraits d\u2019hommes et de femmes illustres de l\u2019Antiquit\u00e9 au XVIIe si\u00e8cle","description":"<section class=\"elementor-section elementor-top-section elementor-element elementor-element-c931a10 elementor-section-boxed elementor-section-height-default elementor-section-height-default\" data-id=\"c931a10\" data-element_type=\"section\">\n<div class=\"elementor-container elementor-column-gap-default\">\n<div class=\"elementor-column elementor-col-100 elementor-top-column elementor-element elementor-element-95c2178\" data-id=\"95c2178\" data-element_type=\"column\">\n<div class=\"elementor-widget-wrap elementor-element-populated\">\n<div class=\"elementor-element elementor-element-9bcf5d8 elementor-widget elementor-widget-text-editor\" data-id=\"9bcf5d8\" data-element_type=\"widget\" data-widget_type=\"text-editor.default\">\n<div class=\"elementor-widget-container\">\n<p><a href=\"http:\/\/www.semen-l.org\/wp-content\/uploads\/2023\/09\/affiche-portraits-illustres-cov-1.jpg\"><img fetchpriority=\"high\" decoding=\"async\" class=\"alignnone size-medium wp-image-2798\" src=\"http:\/\/www.semen-l.org\/wp-content\/uploads\/2023\/09\/affiche-portraits-illustres-cov-1-209x300.jpg\" alt=\"\" width=\"209\" height=\"300\" srcset=\"http:\/\/www.semen-l.org\/wp-content\/uploads\/2023\/09\/affiche-portraits-illustres-cov-1-209x300.jpg 209w, http:\/\/www.semen-l.org\/wp-content\/uploads\/2023\/09\/affiche-portraits-illustres-cov-1-140x200.jpg 140w, http:\/\/www.semen-l.org\/wp-content\/uploads\/2023\/09\/affiche-portraits-illustres-cov-1.jpg 666w\" sizes=\"(max-width: 209px) 100vw, 209px\" \/><\/a><\/p>\n<p>La SEMEN-L a le plaisir de vous informer de la tenue prochaine d\u2019un colloque international faisant intervenir plusieurs de nos adh\u00e9rents :<\/p>\n<\/div>\n<\/div>\n<\/div>\n<\/div>\n<\/div>\n<\/section>\n<section class=\"elementor-section elementor-top-section elementor-element elementor-element-59a9582 elementor-section-boxed elementor-section-height-default elementor-section-height-default\" data-id=\"59a9582\" data-element_type=\"section\">\n<div class=\"elementor-container elementor-column-gap-default\">\n<div class=\"elementor-column elementor-col-100 elementor-top-column elementor-element elementor-element-4b3b7b9\" data-id=\"4b3b7b9\" data-element_type=\"column\">\n<div class=\"elementor-widget-wrap elementor-element-populated\">\n<div class=\"elementor-element elementor-element-2cef4fa elementor-widget elementor-widget-text-editor\" data-id=\"2cef4fa\" data-element_type=\"widget\" data-widget_type=\"text-editor.default\">\n<div class=\"elementor-widget-container\">\n<h2><strong>Colloque international organis\u00e9 par \u00c9milie S\u00e9ris<\/strong><\/h2>\n<h2>Portraits \u00a0d\u2019hommes et de femmes illustres de l\u2019Antiquit\u00e9 au XVIIe si\u00e8cle<\/h2>\n<h2>10, 11, 12 octobre 2023<\/h2>\n<section class=\"elementor-section elementor-top-section elementor-element elementor-element-54ac5ee elementor-section-boxed elementor-section-height-default elementor-section-height-default\" data-id=\"54ac5ee\" data-element_type=\"section\">\n<div class=\"elementor-container elementor-column-gap-default\">\n<div class=\"elementor-column elementor-col-100 elementor-top-column elementor-element elementor-element-224c08b\" data-id=\"224c08b\" data-element_type=\"column\">\n<div class=\"elementor-widget-wrap elementor-element-populated\">\n<div class=\"elementor-element elementor-element-af8f81c elementor-widget elementor-widget-heading\" data-id=\"af8f81c\" data-element_type=\"widget\" data-widget_type=\"heading.default\">\n<div class=\"elementor-widget-container\">\n<h2 class=\"elementor-heading-title elementor-size-default\">Programme<\/h2>\n<\/div>\n<\/div>\n<\/div>\n<\/div>\n<\/div>\n<\/section>\n<section class=\"elementor-section elementor-top-section elementor-element elementor-element-75d4bc0 elementor-section-boxed elementor-section-height-default elementor-section-height-default\" data-id=\"75d4bc0\" data-element_type=\"section\">\n<div class=\"elementor-container elementor-column-gap-default\">\n<div class=\"elementor-column elementor-col-100 elementor-top-column elementor-element elementor-element-bc73f7e\" data-id=\"bc73f7e\" data-element_type=\"column\">\n<div class=\"elementor-widget-wrap elementor-element-populated\">\n<div class=\"elementor-element elementor-element-879d830 elementor-widget elementor-widget-text-editor\" data-id=\"879d830\" data-element_type=\"widget\" data-widget_type=\"text-editor.default\">\n<div class=\"elementor-widget-container\">\n<p>MARDI 10 OCTOBRE 2023<\/p>\n<p><b>INHA, Salle Giorgio Vasari<\/b><\/p>\n<p>13h30\u00a0\u00a0\u00a0\u00a0\u00a0\u00a0\u00a0\u00a0\u00a0\u00a0\u00a0 Accueil des participants<\/p>\n<p>13h45\u00a0\u00a0\u00a0\u00a0\u00a0 Ouverture du colloque<\/p>\n<p><strong>TRADITIONS ROMAINES<\/strong><\/p>\n<p>14h00\u00a0\u00a0\u00a0\u00a0\u00a0\u00a0\u00a0\u00a0\u00a0\u00a0\u00a0 Marjolaine Bena\u00efch (Sorbonne Universit\u00e9).\u00a0\u00ab Le r\u00f4le des galeries de\u00a0<em>summi uiri\u00a0<\/em>dans la construction de l\u2019identit\u00e9 municipale : L\u2019exemple de Tusculum sous la R\u00e9publique et aux d\u00e9buts de l\u2019Empire \u00bb<\/p>\n<p>&nbsp;<\/p>\n<p>14h30\u00a0\u00a0\u00a0\u00a0\u00a0\u00a0\u00a0\u00a0\u00a0\u00a0\u00a0 Emmanuelle Rosso (Sorbonne Universit\u00e9).\u00a0\u00ab Histoires crois\u00e9es, m\u00e9moires partag\u00e9es : les portraits sculpt\u00e9s d\u2019hommes illustres et leurs inscriptions en Gaule romaine \u00bb<\/p>\n<p>&nbsp;<\/p>\n<p>15h00\u00a0\u00a0\u00a0\u00a0\u00a0\u00a0\u00a0\u00a0\u00a0\u00a0\u00a0 Discussion et pause<\/p>\n<p>&nbsp;<\/p>\n<p>15h30\u00a0\u00a0\u00a0\u00a0\u00a0\u00a0\u00a0\u00a0\u00a0\u00a0\u00a0 Ida Mastrorosa (Universit\u00e9 de Florence).\u00a0\u00ab Femmes illustres et femmes ordinaires chez Su\u00e9tone : entre mod\u00e8les institutionnels et paradigmes \u00e9thiques \u00bb<\/p>\n<p>16h00\u00a0\u00a0\u00a0\u00a0\u00a0\u00a0\u00a0\u00a0\u00a0\u00a0\u00a0 Cl\u00e9mence Pelletier (Sorbonne Universit\u00e9).\u00a0\u00ab Une \u00e9tude du \u03a0\u03b5\u03c1\u1f76 \u1f10\u03c0\u03b9\u03c3\u03ae\u03bc\u03c9\u03bd \u03c0\u03bf\u03c1\u03bd\u1ff6\u03bd perdu de Su\u00e9tone : la question de la tradition antique des biographies de femmes et de courtisanes \u00bb<\/p>\n<p>&nbsp;<\/p>\n<p>16h30\u00a0\u00a0\u00a0\u00a0\u00a0\u00a0\u00a0\u00a0\u00a0\u00a0\u00a0 Carlos Levy (Acad\u00e9mie des Inscriptions et des Belles Lettres).\u00a0\u00ab La folie en repr\u00e9sentation. Caligula vu par Su\u00e9tone et Philon d\u2019Alexandrie \u00bb<\/p>\n<p>&nbsp;<\/p>\n<p>17h00\u00a0\u00a0\u00a0\u00a0\u00a0\u00a0\u00a0\u00a0\u00a0\u00a0\u00a0 Discussion<\/p>\n<p>&nbsp;<\/p>\n<h1>MERCREDI 11 OCTOBRE 2023<\/h1>\n<p><b>Sorbonne, Salle des Actes<\/b><\/p>\n<p><strong>CATALOGUES M\u00c9DI\u00c9VAUX<\/strong><\/p>\n<p>9h00\u00a0\u00a0\u00a0\u00a0\u00a0\u00a0\u00a0\u00a0\u00a0\u00a0\u00a0\u00a0\u00a0 Christian F\u00f6rstel (Biblioth\u00e8que Nationale de France).\u00a0\u00ab Le manuscrit parisien des\u00a0<em>Sacra Parallela\u00a0<\/em>: simple anthologie illustr\u00e9e ou manifeste iconodoule ? \u00bb<\/p>\n<p>&nbsp;<\/p>\n<p>9h30\u00a0\u00a0\u00a0\u00a0\u00a0\u00a0\u00a0\u00a0\u00a0\u00a0\u00a0\u00a0\u00a0 Susanna Gambino-Longo (Universit\u00e9 Lyon 3).\u00a0\u00ab L\u2019illustration des passions dans le\u00a0<em>De uiris\u00a0<\/em>de P\u00e9trarque \u00bb<\/p>\n<p>&nbsp;<\/p>\n<p>10h00\u00a0\u00a0\u00a0\u00a0\u00a0\u00a0\u00a0\u00a0\u00a0\u00a0\u00a0 Discussion et pause<\/p>\n<p>&nbsp;<\/p>\n<p>10h30\u00a0\u00a0\u00a0\u00a0\u00a0\u00a0\u00a0\u00a0\u00a0\u00a0\u00a0 Adrian Faure (Sorbonne Universit\u00e9).\u00a0\u00ab Les\u00a0<em>tituli<\/em>\u00a0de Scipion l\u2019Africain dans les programmes iconographiques du Quattrocento \u00bb<\/p>\n<p>&nbsp;<\/p>\n<p>11h00\u00a0\u00a0\u00a0\u00a0\u00a0\u00a0\u00a0\u00a0\u00a0\u00a0\u00a0 Anne Raffarin (Universit\u00e9 Paris Est Cr\u00e9teil).\u00a0\u00ab\u00a0<em>Homines clari et inuentores\u00a0<\/em>: le traitement de la rubrique \u201c hommes illustres \u201d dans les sommes encyclop\u00e9diques \u00e0 la fin du Quattrocento \u00bb<\/p>\n<p>&nbsp;<\/p>\n<p>11h30\u00a0\u00a0\u00a0\u00a0\u00a0\u00a0\u00a0\u00a0\u00a0\u00a0\u00a0 Catherine Gaullier-Bougassas (Universit\u00e9 de Lille, ERC AGRELITA).\u00a0\u00ab Biographies masculines et portraits f\u00e9minins : deux modes d\u2019\u00e9criture diff\u00e9rents dans l\u2019<em>Histoire de la premi\u00e8re destruction de Troie\u00a0<\/em>? \u00bb<\/p>\n<p>&nbsp;<\/p>\n<p>12h00\u00a0\u00a0\u00a0\u00a0\u00a0\u00a0\u00a0\u00a0\u00a0\u00a0\u00a0 Discussion et d\u00e9jeuner<\/p>\n<p>&nbsp;<\/p>\n<p><strong>CONSTRUCTIONS HUMANISTES<\/strong><\/p>\n<p>14h00\u00a0\u00a0\u00a0\u00a0\u00a0\u00a0\u00a0\u00a0\u00a0\u00a0\u00a0 Sandrine H\u00e9rich\u00e9-Pradeau (Sorbonne Universit\u00e9).\u00a0\u00ab Portraits de la reine Z\u00e9nobie : de Boccace \u00e0 Jean Bouchet \u00bb<\/p>\n<p>&nbsp;<\/p>\n<p>14h30\u00a0\u00a0\u00a0\u00a0\u00a0\u00a0\u00a0\u00a0\u00a0\u00a0\u00a0 Laurence Boul\u00e8gue (Universit\u00e9 de Picardie Jules Verne-IUF).\u00a0\u00ab Les h\u00e9ro\u00efnes de Mario Equicola : des femmes illustres\u00a0<em>pro mulieribus\u00a0<\/em>\u00bb<\/p>\n<p>&nbsp;<\/p>\n<p>15h00\u00a0\u00a0\u00a0\u00a0\u00a0\u00a0\u00a0\u00a0\u00a0\u00a0\u00a0 Discussion et pause<\/p>\n<p>&nbsp;<\/p>\n<p>15h30\u00a0\u00a0\u00a0\u00a0\u00a0\u00a0\u00a0\u00a0\u00a0\u00a0\u00a0 Thomas Baier (Universit\u00e9 de W\u00fcrzburg).\u00a0\u00ab Eobanus Hessus pr\u00e9sent\u00e9 par Camerarius \u00bb<\/p>\n<p>&nbsp;<\/p>\n<p>16h00\u00a0\u00a0\u00a0\u00a0\u00a0\u00a0\u00a0\u00a0\u00a0\u00a0\u00a0 David Amherdt (Universit\u00e9 de Fribourg).\u00a0\u00ab La\u00a0<em>Prosopographia heroum Germaniae\u00a0<\/em>de Heinrich Pantaleon : l\u2019exemple des notices sur les humanistes suisses \u00bb<\/p>\n<p>&nbsp;<\/p>\n<p>16h30\u00a0\u00a0\u00a0\u00a0\u00a0\u00a0\u00a0\u00a0\u00a0\u00a0\u00a0 Frank Lestringant (Sorbonne Universit\u00e9).\u00a0\u00ab Hommes illustres d\u2019Am\u00e9rique d\u2019Andr\u00e9 Thevet : d\u2019un codex azt\u00e8que au portrait des Indiens d\u2019Am\u00e9rique dans leur totalit\u00e9 \u00bb<\/p>\n<p>&nbsp;<\/p>\n<p>17h00\u00a0\u00a0\u00a0\u00a0\u00a0\u00a0\u00a0\u00a0\u00a0\u00a0\u00a0 Discussion<\/p>\n<p>&nbsp;<\/p>\n<h1>JEUDI 12 OCTOBRE 2023<\/h1>\n<p><b>Sorbonne, Salle des Actes<\/b><\/p>\n<p><strong>RECUEILS ET COLLECTIONS (XVIe-XVIIe SI\u00c8CLES)<\/strong><\/p>\n<p>9h00\u00a0\u00a0\u00a0\u00a0\u00a0\u00a0\u00a0\u00a0\u00a0\u00a0\u00a0\u00a0\u00a0 Hartmut Wulfram (Universit\u00e9 de Vienne).\u00a0\u00ab Une histoire litt\u00e9raire collective. Les\u00a0<em>Elogia uirorum litteris illustrium\u00a0<\/em>de Paolo Giovio et leurs mod\u00e8les antiques \u00bb<\/p>\n<p>&nbsp;<\/p>\n<p>9h30\u00a0\u00a0\u00a0\u00a0\u00a0\u00a0\u00a0\u00a0\u00a0\u00a0\u00a0\u00a0\u00a0 Virginie Leroux (\u00c9cole Pratique des Hautes \u00c9tudes).\u00a0\u00ab\u00a0<em>Heroes, Heroinae, Caesares\u00a0<\/em>et\u00a0<em>Icones\u00a0<\/em>: typologie des catalogues de h\u00e9ros dans les recueils \u00e9pigrammatiques n\u00e9o-latins \u00bb<\/p>\n<p>&nbsp;<\/p>\n<p>10h00\u00a0\u00a0\u00a0\u00a0\u00a0\u00a0\u00a0\u00a0\u00a0\u00a0\u00a0 Lor\u00e8ne Bellanger (Sorbonne Universit\u00e9).\u00a0\u00ab Les portraits d\u2019hommes illustres dans les\u00a0<em>Carmina\u00a0<\/em>de Jean Commire (1678) \u00bb<\/p>\n<p>&nbsp;<\/p>\n<p>10h30\u00a0\u00a0\u00a0\u00a0\u00a0\u00a0\u00a0\u00a0\u00a0\u00a0\u00a0 Discussion et pause<\/p>\n<p>&nbsp;<\/p>\n<p>11h00\u00a0\u00a0\u00a0\u00a0\u00a0\u00a0\u00a0\u00a0\u00a0\u00a0\u00a0 Diane Bodart (Universit\u00e9 de Columbia).\u00a0\u00ab Femmes illustres en habit de nonne dans l\u2019Empire espagnol \u00bb<\/p>\n<p>11h30\u00a0\u00a0\u00a0\u00a0\u00a0\u00a0\u00a0\u00a0\u00a0\u00a0\u00a0 Patricia Eichel-Lojkine (Universit\u00e9 du Maine).\u00a0\u00ab Sur\u00a0<em>Le Jeu des Reynes Renomm\u00e9es\u00a0<\/em>de Desmarets de Saint-Sorlin (1644) \u00bb<\/p>\n<p>&nbsp;<\/p>\n<p>12h00\u00a0\u00a0\u00a0\u00a0\u00a0\u00a0\u00a0\u00a0\u00a0\u00a0\u00a0 Discussion et conclusion<\/p>\n<a href=\"http:\/\/www.semen-l.org\/wp-content\/uploads\/2023\/09\/Programme-portraits-illustres.pdf\" class=\"pdfemb-viewer\" style=\"\" data-width=\"max\" data-height=\"max\" data-toolbar=\"both\" data-toolbar-fixed=\"off\">Programme-portraits-illustres<\/a>\n<\/div>\n<\/div>\n<\/div>\n<\/div>\n<\/div>\n<\/section>\n<\/div>\n<\/div>\n<\/div>\n<\/div>\n<\/div>\n<\/section>","excerpt":"","slug":"portraits-dhommes-et-de-femmes-illustres-de-lantiquite-au-xviie-siecle","image":false,"all_day":true,"start_date":"2023-10-10 00:00:00","start_date_details":{"year":"2023","month":"10","day":"10","hour":"00","minutes":"00","seconds":"00"},"end_date":"2023-10-12 23:59:59","end_date_details":{"year":"2023","month":"10","day":"12","hour":"23","minutes":"59","seconds":"59"},"utc_start_date":"2023-10-10 00:00:00","utc_start_date_details":{"year":"2023","month":"10","day":"10","hour":"00","minutes":"00","seconds":"00"},"utc_end_date":"2023-10-12 23:59:59","utc_end_date_details":{"year":"2023","month":"10","day":"12","hour":"23","minutes":"59","seconds":"59"},"timezone":"UTC+0","timezone_abbr":"UTC+0","cost":"","cost_details":{"currency_symbol":"","currency_code":"","currency_position":"prefix","values":[]},"website":"","show_map":false,"show_map_link":false,"hide_from_listings":false,"sticky":false,"featured":false,"categories":[{"name":"Colloque","slug":"colloque","term_group":0,"term_taxonomy_id":1673,"taxonomy":"tribe_events_cat","description":"","parent":0,"count":35,"filter":"raw","id":1673,"urls":{"self":"http:\/\/www.semen-l.org\/index.php?rest_route=\/tribe\/events\/v1\/categories\/1673","collection":"http:\/\/www.semen-l.org\/index.php?rest_route=\/tribe\/events\/v1\/categories"}}],"tags":[],"venue":{"id":2127,"author":"26","status":"publish","date":"2022-02-05 11:03:26","date_utc":"2022-02-05 11:03:26","modified":"2022-02-05 11:03:26","modified_utc":"2022-02-05 11:03:26","url":"http:\/\/www.semen-l.org\/?tribe_venue=visio-conference","venue":"Visio-conf\u00e9rence","slug":"visio-conference","json_ld":{"@type":"Place","name":"Visio-conf\u00e9rence","description":"","url":"","address":{"@type":"PostalAddress"},"telephone":"","sameAs":""},"show_map":true,"show_map_link":true,"global_id":"www.semen-l.org?id=2127","global_id_lineage":["www.semen-l.org?id=2127"]},"organizer":[{"id":2831,"author":"26","status":"publish","date":"2023-09-28 17:35:08","date_utc":"2023-09-28 17:35:08","modified":"2023-09-28 17:35:08","modified_utc":"2023-09-28 17:35:08","url":"http:\/\/www.semen-l.org\/?tribe_organizer=emilie-seris","organizer":"Emilie S\u00e9ris","slug":"emilie-seris","email":"emilie.seris@sorbonne-universite.fr","json_ld":{"@type":"Person","name":"Emilie S\u00e9ris","description":"","url":"","telephone":"","email":"&#101;m&#105;&#108;i&#101;&#46;ser&#105;s&#64;so&#114;b&#111;&#110;&#110;e&#45;&#117;&#110;&#105;&#118;e&#114;&#115;i&#116;&#101;.&#102;&#114;","sameAs":""},"global_id":"www.semen-l.org?id=2831","global_id_lineage":["www.semen-l.org?id=2831"]}],"custom_fields":[],"json_ld":{"@context":"http:\/\/schema.org","@type":"Event","name":"Portraits d\u2019hommes et de femmes illustres de l\u2019Antiquit\u00e9 au XVIIe si\u00e8cle","description":"&lt;p&gt;La SEMEN-L a le plaisir de vous informer de la tenue prochaine d\u2019un colloque international faisant intervenir plusieurs de nos adh\u00e9rents : Colloque international organis\u00e9 par \u00c9milie S\u00e9ris Portraits \u00a0d\u2019hommes et de femmes illustres de l\u2019Antiquit\u00e9 au XVIIe si\u00e8cle 10, &hellip; &lt;a href=&quot;http:\/\/www.semen-l.org\/?tribe_events=portraits-dhommes-et-de-femmes-illustres-de-lantiquite-au-xviie-siecle&quot;&gt;Continuer la lecture &lt;span class=&quot;meta-nav&quot;&gt;&rarr;&lt;\/span&gt;&lt;\/a&gt;&lt;\/p&gt;\\n","url":"http:\/\/www.semen-l.org\/?tribe_events=portraits-dhommes-et-de-femmes-illustres-de-lantiquite-au-xviie-siecle","eventAttendanceMode":"https:\/\/schema.org\/OfflineEventAttendanceMode","eventStatus":"https:\/\/schema.org\/EventScheduled","startDate":"2023-10-10T00:00:00+00:00","endDate":"2023-10-12T23:59:59+00:00","location":{"@type":"Place","name":"Visio-conf\u00e9rence","description":"","url":"","address":{"@type":"PostalAddress"},"telephone":"","sameAs":""},"organizer":{"@type":"Person","name":"Emilie S\u00e9ris","description":"","url":"","telephone":"","email":"e&#109;ili&#101;.&#115;&#101;ris&#64;&#115;&#111;&#114;&#98;o&#110;ne-u&#110;iv&#101;&#114;&#115;&#105;te&#46;&#102;r","sameAs":""},"performer":"Organization"}}