{"id":2595,"global_id":"www.semen-l.org?id=2595","global_id_lineage":["www.semen-l.org?id=2595"],"author":"26","status":"publish","date":"2023-01-29 11:24:53","date_utc":"2023-01-29 11:24:53","modified":"2023-02-24 13:58:14","modified_utc":"2023-02-24 13:58:14","url":"http:\/\/www.semen-l.org\/?tribe_events=colloque-aquitaniae-latinae-bordeaux","rest_url":"http:\/\/www.semen-l.org\/index.php?rest_route=\/tribe\/events\/v1\/events\/2595","title":"Colloque\u00a0Aquitani\u00e6 Latin\u00e6 (Bordeaux)","description":"<p><strong>Colloque Aquitani\u00e6 Latin\u00e6 (Mus\u00e9e d&rsquo;Aquitaine, Bordeaux)<img decoding=\"async\" class=\"alignright size-full wp-image-1809\" src=\"http:\/\/www.semen-l.org\/wp-content\/uploads\/2021\/03\/logo-centre-montaigne.jpg\" alt=\"\" width=\"195\" height=\"70\" \/><\/strong><br \/>\n<strong>Le 2 mars de 9h \u00e0 17h30 et 3 mars de 9h \u00e0 13h\u00a0<\/strong><\/p>\n<a href=\"http:\/\/www.semen-l.org\/wp-content\/uploads\/2023\/02\/Affiche-Aquitaniae-latinae.pdf\" class=\"pdfemb-viewer\" style=\"\" data-width=\"max\" data-height=\"max\" data-toolbar=\"both\" data-toolbar-fixed=\"off\">Affiche Aquitaniae latinae<\/a>\n<a href=\"http:\/\/www.semen-l.org\/wp-content\/uploads\/2023\/02\/Programme-Aquitaniae-latinae.pdf\" class=\"pdfemb-viewer\" style=\"\" data-width=\"max\" data-height=\"max\" data-toolbar=\"both\" data-toolbar-fixed=\"off\">Programme Aquitaniae latinae<\/a>\n<p>L\u2019Aquitaine de la Renaissance ne fut pas seulement la terre de Montaigne, de La Bo\u00e9tie et de Brant\u00f4me. Elle fut aussi une r\u00e9gion riche en \u00e9rudits, po\u00e8tes, m\u00e9decins, juristes\u2026 dont le latin \u00e9tait la langue litt\u00e9raire. Ce colloque se propose de revenir sur les grandes figures intellectuelles de l\u2019Aquitaine latine, qu\u2019elles en soient originaires, ou qu\u2019elles soient li\u00e9es \u00e0 elle par leur carri\u00e8re, \u00e0 travers une histoire qui rend compte de la place pr\u00e9pond\u00e9rante du latin dans la culture r\u00e9gionale. Elles permettront de faire surgir des figures oubli\u00e9es, de dessiner l\u2019originalit\u00e9 du patrimoine local en latin et de distinguer les caract\u00e9ristiques qui leur seraient communes, en d\u00e9pit et \u00e0 travers la vari\u00e9t\u00e9 de leurs productions.<\/p>\n<p>Colloque organis\u00e9 par A. Bouscharain et V. Giacomotto-Charra, dans la cadre du projet R\u00e9gion Nouvelle Aquitaine HumanA (Centre Montaigne), avec le soutien de la Semen-L.<\/p>\n<p><em><a href=\"https:\/\/centre-montaigne.huma-num.fr\/\">https:\/\/centre-montaigne.huma-num.fr<\/a><br \/>\nContact :\u00a0<a href=\"mailto:centre-montaigne@u-bordeaux-montaigne.fr\">centre-montaigne@u-bordeaux-montaigne.fr<\/a><\/em><\/p>\n<p>Programme<\/p>\n<p><strong>JEUDI 2 MARS<\/strong><br \/>\n8h45 &#8211; Accueil<br \/>\n9h &#8211; Introduction<\/p>\n<p><em>Pr\u00e9sidence: Sylvie Laigneau<\/em><\/p>\n<p>9h15 &#8211; Nathalie Dauvois et B\u00e9atrice Hautefeuille (Universit\u00e9 Sorbonne Nouvelle) \u00ab Robert Breton et le coll\u00e8ge de Guyenne d\u2019apr\u00e8s sa correspondance \u00bb<\/p>\n<p>9h45 &#8211; Mathieu Ferrand (Universit\u00e9 Grenoble Alpes) \u00ab \u2018<em>Burdegalenses uisamus<\/em> !\u2019 Le coll\u00e8ge de Guyenne et le th\u00e9\u00e2tre comique dans les ann\u00e9es 1530 \u00bb<\/p>\n<p>10h15 &#8211; Discussion et pause<\/p>\n<p><em>Pr\u00e9sidence : G\u00e9raldine Cazals<\/em><\/p>\n<p>11h &#8211; Nicolas Souhait (Sorbonne Universit\u00e9) \u00ab Jean Dorat et les Aquitains : une fen\u00eatre parisienne sur un humanisme r\u00e9gional ? \u00bb<\/p>\n<p>11h30 &#8211; Carine Ferradou, (Aix-Marseille Universit\u00e9) \u00ab Garonne, Aquitaine et Cam\u00e8nes dans le recueil de po\u00e8mes latins de George Buchanan publi\u00e9 par Mamert Patisson \u00e0 Paris en 1579 \u00bb<\/p>\n<p>12h &#8211; Discussion<\/p>\n<p><em>Pr\u00e9sidence : John Nassichuk<\/em><\/p>\n<p>14h30 &#8211; Sophie Conte (Univ. de Reims Champagne-Ardenne) \u00ab Pr\u00e9sence du contemporain dans la <em>Rhetorice<\/em> de Pierre Josset \u00bb<\/p>\n<p>15h &#8211; Haude Morvan (Universit\u00e9 Bordeaux Montaigne) \u00ab Un t\u00e9moignage sur l\u2019\u00e9glise dominicaine de Bordeaux : le <em>Memoriale burdegalense ad annales fratrum praedicatorum<\/em> (vers 1690, Archives<br \/>\ng\u00e9n\u00e9rales de l\u2019Ordre des Pr\u00eacheurs, Rome) \u00bb<\/p>\n<p>15h30 &#8211; Discussion et pause<\/p>\n<p><em>Pr\u00e9sidence : Virginie Leroux<\/em><\/p>\n<p>16h15 &#8211; Brigitte Gauvin (Universit\u00e9 de Caen Normandie)<br \/>\n\u00ab Mers, fleuves et poissons aux pieds de Charles IX : L\u2019<em>Aquitania<\/em> d\u2019\u00c9tienne de Cruseau \u00bb<\/p>\n<p>16h45 &#8211; Denis Bja\u00ef (Universit\u00e9 d\u2019Orl\u00e9ans)<br \/>\n\u00ab La <em>Gallia gemens<\/em> de Geoffroy de Malvyn : une <em>Franciade<\/em> n\u00e9olatine bordelaise ? \u00bb<\/p>\n<p>17h15 &#8211; Hannelore Pierre (Universit\u00e9 Bordeaux Montaigne)<br \/>\n\u00ab Bordeaux dans l\u2019\u0153uvre de Maurice de Marcis, avocat, po\u00e8te et<br \/>\nantiquaire \u00bb<\/p>\n<p>17h45 &#8211; Discussion et fin de la premi\u00e8re journ\u00e9e<\/p>\n<p><strong>VENDREDI 3 MARS<\/strong><\/p>\n<p><em>Pr\u00e9sidence : Brigitte Gauvin<\/em><\/p>\n<p>9h &#8211; Thomas Penguilly (Acad\u00e9mie de Normandie)<br \/>\n\u00ab L\u2019inspiration grecque dans les <em>Epigrammata<\/em> de Martial Monier (1573) \u00bb<\/p>\n<p>9h30 &#8211; John Nassichuk (University of Western Ontario)<br \/>\n\u00ab Martial Monier et l\u2019\u00e9l\u00e9gie \u00e9rotique latine : les po\u00e8mes \u00e0 Corinne et \u00e0 soi-m\u00eame \u00bb<\/p>\n<p>10h &#8211; Discussion et pause<\/p>\n<p><em>Pr\u00e9sidence : Nathalie Dauvois<\/em><\/p>\n<p>10h45 &#8211; Sylvie Laigneau-Fontaine (Universit\u00e9 de Dijon) \u00ab Un Ovide \u00e9cossais en Aquitaine : Mark Alexander Boyd \u00bb<\/p>\n<p>11h15 &#8211; Virginie Leroux (\u00c9cole Pratique des Hautes \u00c9tudes<br \/>\n\u2013 PSL) \u00ab Jules-C\u00e9sar Scaliger et les r\u00eaves : th\u00e9orie et po\u00e9tique oniriques \u00bb<\/p>\n<p>11h45 Discussion<\/p>","excerpt":"","slug":"colloque-aquitaniae-latinae-bordeaux","image":{"url":"http:\/\/www.semen-l.org\/wp-content\/uploads\/2023\/02\/Affiche-Aquitaniae-latinaej.jpg","id":2679,"extension":"jpg","width":621,"height":878,"filesize":316842,"sizes":{"medium":{"width":212,"height":300,"mime-type":"image\/jpeg","filesize":19838,"url":"http:\/\/www.semen-l.org\/wp-content\/uploads\/2023\/02\/Affiche-Aquitaniae-latinaej-212x300.jpg"},"thumbnail":{"width":150,"height":150,"mime-type":"image\/jpeg","filesize":7304,"url":"http:\/\/www.semen-l.org\/wp-content\/uploads\/2023\/02\/Affiche-Aquitaniae-latinaej-150x150.jpg"},"twentyeleven-thumbnail-feature":{"width":141,"height":200,"mime-type":"image\/jpeg","filesize":9242,"url":"http:\/\/www.semen-l.org\/wp-content\/uploads\/2023\/02\/Affiche-Aquitaniae-latinaej-141x200.jpg"},"excerpt-thumbnail":{"width":140,"height":140,"mime-type":"image\/jpeg","filesize":6206,"url":"http:\/\/www.semen-l.org\/wp-content\/uploads\/2023\/02\/Affiche-Aquitaniae-latinaej-140x140.jpg"},"post-thumbnail":{"width":621,"height":288,"mime-type":"image\/jpeg","filesize":56550,"url":"http:\/\/www.semen-l.org\/wp-content\/uploads\/2023\/02\/Affiche-Aquitaniae-latinaej-621x288.jpg"},"large-feature":{"width":621,"height":288,"mime-type":"image\/jpeg","filesize":56550,"url":"http:\/\/www.semen-l.org\/wp-content\/uploads\/2023\/02\/Affiche-Aquitaniae-latinaej-621x288.jpg"},"small-feature":{"width":212,"height":300,"mime-type":"image\/jpeg","filesize":19838,"url":"http:\/\/www.semen-l.org\/wp-content\/uploads\/2023\/02\/Affiche-Aquitaniae-latinaej-212x300.jpg"},"sow-carousel-default":{"width":272,"height":182,"mime-type":"image\/jpeg","filesize":14983,"url":"http:\/\/www.semen-l.org\/wp-content\/uploads\/2023\/02\/Affiche-Aquitaniae-latinaej-272x182.jpg"}}},"all_day":false,"start_date":"2023-03-02 09:00:00","start_date_details":{"year":"2023","month":"03","day":"02","hour":"09","minutes":"00","seconds":"00"},"end_date":"2023-03-03 13:00:00","end_date_details":{"year":"2023","month":"03","day":"03","hour":"13","minutes":"00","seconds":"00"},"utc_start_date":"2023-03-02 09:00:00","utc_start_date_details":{"year":"2023","month":"03","day":"02","hour":"09","minutes":"00","seconds":"00"},"utc_end_date":"2023-03-03 13:00:00","utc_end_date_details":{"year":"2023","month":"03","day":"03","hour":"13","minutes":"00","seconds":"00"},"timezone":"UTC+0","timezone_abbr":"UTC+0","cost":"","cost_details":{"currency_symbol":"","currency_code":"","currency_position":"prefix","values":[]},"website":"","show_map":true,"show_map_link":true,"hide_from_listings":false,"sticky":false,"featured":false,"categories":[{"name":"Colloque","slug":"colloque","term_group":0,"term_taxonomy_id":1673,"taxonomy":"tribe_events_cat","description":"","parent":0,"count":35,"filter":"raw","id":1673,"urls":{"self":"http:\/\/www.semen-l.org\/index.php?rest_route=\/tribe\/events\/v1\/categories\/1673","collection":"http:\/\/www.semen-l.org\/index.php?rest_route=\/tribe\/events\/v1\/categories"}}],"tags":[],"venue":{"id":2367,"author":"26","status":"publish","date":"2022-12-22 16:04:08","date_utc":"2022-12-22 16:04:08","modified":"2022-12-22 16:04:08","modified_utc":"2022-12-22 16:04:08","url":"http:\/\/www.semen-l.org\/?tribe_venue=musee-daquitaine","venue":"Mus\u00e9e d&rsquo;Aquitaine","slug":"musee-daquitaine","address":"20 cours Pasteur","city":"Bordeaux","country":"France","zip":"33000","json_ld":{"@type":"Place","name":"Mus\u00e9e d&rsquo;Aquitaine","description":"","url":"","address":{"@type":"PostalAddress","streetAddress":"20 cours Pasteur","addressLocality":"Bordeaux","postalCode":"33000","addressCountry":"France"},"telephone":"","sameAs":""},"show_map":true,"show_map_link":true,"global_id":"www.semen-l.org?id=2367","global_id_lineage":["www.semen-l.org?id=2367"]},"organizer":[],"custom_fields":[],"json_ld":{"@context":"http:\/\/schema.org","@type":"Event","name":"Colloque\u00a0Aquitani\u00e6 Latin\u00e6 (Bordeaux)","description":"&lt;p&gt;Colloque Aquitani\u00e6 Latin\u00e6 (Mus\u00e9e d\\'Aquitaine, Bordeaux) Le 2 mars de 9h \u00e0 17h30 et 3 mars de 9h \u00e0 13h\u00a0 L\u2019Aquitaine de la Renaissance ne fut pas seulement la terre de Montaigne, de La Bo\u00e9tie et de Brant\u00f4me. Elle fut &hellip; &lt;a href=&quot;http:\/\/www.semen-l.org\/?tribe_events=colloque-aquitaniae-latinae-bordeaux&quot;&gt;Continuer la lecture &lt;span class=&quot;meta-nav&quot;&gt;&rarr;&lt;\/span&gt;&lt;\/a&gt;&lt;\/p&gt;\\n","image":"http:\/\/www.semen-l.org\/wp-content\/uploads\/2023\/02\/Affiche-Aquitaniae-latinaej.jpg","url":"http:\/\/www.semen-l.org\/?tribe_events=colloque-aquitaniae-latinae-bordeaux","eventAttendanceMode":"https:\/\/schema.org\/OfflineEventAttendanceMode","eventStatus":"https:\/\/schema.org\/EventScheduled","startDate":"2023-03-02T09:00:00+00:00","endDate":"2023-03-03T13:00:00+00:00","location":{"@type":"Place","name":"Mus\u00e9e d&rsquo;Aquitaine","description":"","url":"","address":{"@type":"PostalAddress","streetAddress":"20 cours Pasteur","addressLocality":"Bordeaux","postalCode":"33000","addressCountry":"France"},"telephone":"","sameAs":""},"performer":"Organization"}}