{"events":[{"id":4244,"global_id":"www.semen-l.org?id=4244","global_id_lineage":["www.semen-l.org?id=4244"],"author":"26","status":"publish","date":"2026-03-03 11:33:31","date_utc":"2026-03-03 11:33:31","modified":"2026-03-17 18:13:30","modified_utc":"2026-03-17 18:13:30","url":"http:\/\/www.semen-l.org\/?tribe_events=viiie-congres-de-la-societe-detudes-medio-et-neolatines","rest_url":"http:\/\/www.semen-l.org\/index.php?rest_route=\/tribe\/events\/v1\/events\/4244","title":"VIIIe Congr\u00e8s de la Soci\u00e9t\u00e9 d&rsquo;\u00c9tudes M\u00e9dio et N\u00e9olatines","description":"<p><img fetchpriority=\"high\" decoding=\"async\" class=\"alignright size-medium wp-image-4227\" src=\"http:\/\/www.semen-l.org\/wp-content\/uploads\/2011\/10\/8e-congres-avignon-laure-268x300.jpg\" alt=\"\" width=\"268\" height=\"300\" srcset=\"http:\/\/www.semen-l.org\/wp-content\/uploads\/2011\/10\/8e-congres-avignon-laure-268x300.jpg 268w, http:\/\/www.semen-l.org\/wp-content\/uploads\/2011\/10\/8e-congres-avignon-laure-178x200.jpg 178w, http:\/\/www.semen-l.org\/wp-content\/uploads\/2011\/10\/8e-congres-avignon-laure.jpg 339w\" sizes=\"(max-width: 268px) 100vw, 268px\" \/>Le VIIIe Congr\u00e8s de la Soci\u00e9t\u00e9 d&rsquo;\u00c9tudes M\u00e9dio et N\u00e9olatines \u00e0 Avignon est pr\u00e9vu du\u00a0<strong>3 au 5 f\u00e9vrier 2027<\/strong>.<\/p>","excerpt":"","slug":"viiie-congres-de-la-societe-detudes-medio-et-neolatines","image":false,"all_day":true,"start_date":"2027-02-03 00:00:00","start_date_details":{"year":"2027","month":"02","day":"03","hour":"00","minutes":"00","seconds":"00"},"end_date":"2027-02-05 23:59:59","end_date_details":{"year":"2027","month":"02","day":"05","hour":"23","minutes":"59","seconds":"59"},"utc_start_date":"2027-02-03 00:00:00","utc_start_date_details":{"year":"2027","month":"02","day":"03","hour":"00","minutes":"00","seconds":"00"},"utc_end_date":"2027-02-05 23:59:59","utc_end_date_details":{"year":"2027","month":"02","day":"05","hour":"23","minutes":"59","seconds":"59"},"timezone":"UTC+0","timezone_abbr":"UTC+0","cost":"","cost_details":{"currency_symbol":"\u20ac","currency_code":"EUR","currency_position":"prefix","values":[]},"website":"","show_map":true,"show_map_link":true,"hide_from_listings":false,"sticky":false,"featured":false,"categories":[{"name":"Congr\u00e8s","slug":"congres","term_group":0,"term_taxonomy_id":1674,"taxonomy":"tribe_events_cat","description":"","parent":0,"count":7,"filter":"raw","id":1674,"urls":{"self":"http:\/\/www.semen-l.org\/index.php?rest_route=\/tribe\/events\/v1\/categories\/1674","collection":"http:\/\/www.semen-l.org\/index.php?rest_route=\/tribe\/events\/v1\/categories"}}],"tags":[],"venue":{"id":4245,"author":"26","status":"publish","date":"2026-03-03 11:33:31","date_utc":"2026-03-03 11:33:31","modified":"2026-03-03 11:33:31","modified_utc":"2026-03-03 11:33:31","url":"http:\/\/www.semen-l.org\/?tribe_venue=avignon","venue":"Avignon","slug":"avignon","city":"Avignon","country":"France","show_map":true,"show_map_link":true,"global_id":"www.semen-l.org?id=4245","global_id_lineage":["www.semen-l.org?id=4245"]},"organizer":[],"custom_fields":[]}],"rest_url":"http:\/\/www.semen-l.org\/index.php?rest_route=%2Ftribe%2Fevents%2Fv1%2Fevents%2F&page=1&per_page=10&start_date=2026-04-28 00:00:00&end_date=2028-04-28 23:59:59&status=publish","total":1,"total_pages":1}